{"id":4824,"date":"2014-12-30T14:38:22","date_gmt":"2014-12-30T13:38:22","guid":{"rendered":"http:\/\/almkullens.se\/?p=4824"},"modified":"2014-12-30T14:38:22","modified_gmt":"2014-12-30T13:38:22","slug":"gott-nytt-ar","status":"publish","type":"post","link":"https:\/\/almkullens.se\/?p=4824","title":{"rendered":"Gott Nytt \u00c5r!"},"content":{"rendered":"<figure id=\"attachment_4818\" aria-describedby=\"caption-attachment-4818\" style=\"width: 300px\" class=\"wp-caption alignright\"><a href=\"https:\/\/almkullens.se\/wp-content\/uploads\/2014\/12\/IMG_9453.jpg\" rel=\"lightbox[4824]\"><img loading=\"lazy\" decoding=\"async\" class=\"size-medium wp-image-4818\" src=\"https:\/\/almkullens.se\/wp-content\/uploads\/2014\/12\/IMG_9453-300x200.jpg\" alt=\"Almkullens Aska\" width=\"300\" height=\"200\" srcset=\"https:\/\/almkullens.se\/wp-content\/uploads\/2014\/12\/IMG_9453-300x200.jpg 300w, https:\/\/almkullens.se\/wp-content\/uploads\/2014\/12\/IMG_9453-1024x683.jpg 1024w, https:\/\/almkullens.se\/wp-content\/uploads\/2014\/12\/IMG_9453.jpg 1800w\" sizes=\"auto, (max-width: 300px) 100vw, 300px\" \/><\/a><figcaption id=\"caption-attachment-4818\" class=\"wp-caption-text\">Almkullens Aska<\/figcaption><\/figure>\n<p>H\u00e4r kommer en sammanfattning av n\u00e5gra av \u00e5rets h\u00f6jdpunkter! Det \u00e4r med gl\u00e4dje och stolthet som vi gratulerar och lyck\u00f6nskar alla v\u00e5ra duktiga valpk\u00f6pare!<\/p>\n<p>\u00c5ret 2014 startade med att Almkullens Aska blev utn\u00e4mnd till \u00c5rets Breton 2013!<br \/>\nHon blev dessutom\u00a0\u00c5rets Allroundhund 2013!<\/p>\n<p>Aska fick en kull valpar den 27 jan, 6 pigga, fina v\u00e4lskapta valpar som\u00a0snart blir ett \u00e5r gamla. Det skall bli mycket sp\u00e4nnande att f\u00f6lja denna kullen d\u00e5 f\u00f6rhoppningsvis flera kommer att startas p\u00e5 prov!<\/p>\n<figure id=\"attachment_4677\" aria-describedby=\"caption-attachment-4677\" style=\"width: 176px\" class=\"wp-caption alignleft\"><a href=\"https:\/\/almkullens.se\/wp-content\/uploads\/2014\/07\/Riva-apporterar-Hare-e1419940350791.jpg\" rel=\"lightbox[4824]\"><img loading=\"lazy\" decoding=\"async\" class=\" wp-image-4677\" src=\"https:\/\/almkullens.se\/wp-content\/uploads\/2014\/07\/Riva-apporterar-Hare-e1419940350791-150x150.jpg\" alt=\"Riva apporterar Hare\" width=\"176\" height=\"176\" \/><\/a><figcaption id=\"caption-attachment-4677\" class=\"wp-caption-text\">Riva apporterar hare<\/figcaption><\/figure>\n<p>Peter var iv\u00e4g p\u00e5 harjakt med Elva och Riva, 3 av 4 st harar som sk\u00f6ts p\u00e5 dagen var de med och hj\u00e4lpte till f\u00f6r att f\u00e5 fram till pass skyttarna. P\u00e5 bilden \u00e4r det en av dom som apporteras hem av Riva efter ett snyggt och stramt st\u00e5nd ute p\u00e5 stubben.<a href=\"https:\/\/almkullens.se\/wp-content\/uploads\/2014\/09\/IMG_7668.jpg\" rel=\"lightbox[4824]\"><img loading=\"lazy\" decoding=\"async\" class=\" size-thumbnail wp-image-4001 alignright\" src=\"https:\/\/almkullens.se\/wp-content\/uploads\/2014\/09\/IMG_7668-150x150.jpg\" alt=\"Almkullens Alex\" width=\"150\" height=\"150\" \/><\/a><\/p>\n<p>Janne Berntsson var p\u00e5 prov i Mitt\u00e5dalen med Almkullens Alex och fick d\u00e4r ett 3:e pris i \u00d6kl.<\/p>\n<p>&nbsp;<\/p>\n<figure id=\"attachment_3150\" aria-describedby=\"caption-attachment-3150\" style=\"width: 254px\" class=\"wp-caption alignleft\"><a href=\"https:\/\/almkullens.se\/wp-content\/uploads\/2014\/04\/IMG_6226.jpg\" rel=\"lightbox[4824]\"><img loading=\"lazy\" decoding=\"async\" class=\" wp-image-3150\" src=\"https:\/\/almkullens.se\/wp-content\/uploads\/2014\/04\/IMG_6226-150x150.jpg\" alt=\"Almkullens Bess\" width=\"254\" height=\"254\" \/><\/a><figcaption id=\"caption-attachment-3150\" class=\"wp-caption-text\">Almkullens Bess<\/figcaption><\/figure>\n<p>&nbsp;<\/p>\n<p>Den andra helgen i April \u00e4r n\u00e4sta tillf\u00e4lle\u00a0som vi\u00a0minns med gl\u00e4dje, Cristher &amp; Louise Sandstr\u00f6m fick i Klimpfj\u00e4ll med sin Almkullens Bess ett 1:a pris i \u00d6kl p\u00e5 fj\u00e4ll och \u00e4r d\u00e4rmed Elithund!<br \/>\nBess har ocks\u00e5 varit p\u00e5 utst\u00e4llning i \u00e5r och fick d\u00e4r Very Good.<\/p>\n<figure id=\"attachment_4251\" aria-describedby=\"caption-attachment-4251\" style=\"width: 282px\" class=\"wp-caption alignright\"><a href=\"https:\/\/almkullens.se\/wp-content\/uploads\/2014\/10\/IMG_1687.jpg\" rel=\"lightbox[4824]\"><img loading=\"lazy\" decoding=\"async\" class=\" wp-image-4251\" src=\"https:\/\/almkullens.se\/wp-content\/uploads\/2014\/10\/IMG_1687-150x150.jpg\" alt=\"Almkullens Castro\" width=\"282\" height=\"282\" \/><\/a><figcaption id=\"caption-attachment-4251\" class=\"wp-caption-text\">Almkullens Castro<\/figcaption><\/figure>\n<p>&nbsp;<\/p>\n<p>&nbsp;<\/p>\n<p>Samma helg fick Almkullens Castro med husse Peter Boustedt ett 3:e pris i Ukl p\u00e5 f\u00e4lt.<br \/>\nPeter &amp; Castro fick senare under h\u00f6sten \u00e4ven ett 1:a pris i Ukl!<\/p>\n<p>&nbsp;<\/p>\n<figure id=\"attachment_4196\" aria-describedby=\"caption-attachment-4196\" style=\"width: 266px\" class=\"wp-caption alignleft\"><a href=\"https:\/\/almkullens.se\/wp-content\/uploads\/2014\/09\/IMG_9238.jpg\" rel=\"lightbox[4824]\"><img loading=\"lazy\" decoding=\"async\" class=\" wp-image-4196\" src=\"https:\/\/almkullens.se\/wp-content\/uploads\/2014\/09\/IMG_9238-150x150.jpg\" alt=\"Demi reser...\" width=\"266\" height=\"266\" \/><\/a><figcaption id=\"caption-attachment-4196\" class=\"wp-caption-text\">Demi reser&#8230;<\/figcaption><\/figure>\n<p>&nbsp;<\/p>\n<p>Under den d\u00e4r helgen i April gick det ocks\u00e5\u00a0utm\u00e4rkt f\u00f6r Peter (Nilsson) som \u00a0fick 2 st 1:a pris i Ukl f\u00e4lt med v\u00e5r unghund Almkullens Demi!<\/p>\n<p>Peter och Demi har under h\u00f6sten haft fortsatta framg\u00e5ngar p\u00e5 proven och har nu hela 5 st 1:a pris i Ukl! Ett \u00e4r p\u00e5 fj\u00e4ll och fyra \u00e4r p\u00e5 f\u00e4lt.<\/p>\n<p>Demi ligger bra till f\u00f6r titeln \u00c5rets Unghund&#8230;<\/p>\n<figure id=\"attachment_4815\" aria-describedby=\"caption-attachment-4815\" style=\"width: 297px\" class=\"wp-caption alignright\"><a href=\"https:\/\/almkullens.se\/wp-content\/uploads\/2014\/12\/IMG_9347.jpg\" rel=\"lightbox[4824]\"><img loading=\"lazy\" decoding=\"async\" class=\" wp-image-4815\" src=\"https:\/\/almkullens.se\/wp-content\/uploads\/2014\/12\/IMG_9347-150x150.jpg\" alt=\"Almkullens Aska sekunderar Elva.\" width=\"297\" height=\"297\" \/><\/a><figcaption id=\"caption-attachment-4815\" class=\"wp-caption-text\">Almkullens Aska<\/figcaption><\/figure>\n<p>&nbsp;<\/p>\n<p>Almkullens Aska pr\u00f6vade lyckan p\u00e5 utst\u00e4llning och\u00a0vi fick ett Cert till p\u00e5 henne i somras, nu \u00e4r det bara ett cert som fattas f\u00f6r att hon skall kunna titulera sig som dubbelchampion&#8230;<\/p>\n<figure id=\"attachment_3460\" aria-describedby=\"caption-attachment-3460\" style=\"width: 156px\" class=\"wp-caption alignleft\"><a href=\"https:\/\/almkullens.se\/wp-content\/uploads\/2014\/05\/005.jpg\" rel=\"lightbox[4824]\"><img loading=\"lazy\" decoding=\"async\" class=\" wp-image-3460\" src=\"https:\/\/almkullens.se\/wp-content\/uploads\/2014\/05\/005-150x150.jpg\" alt=\"Almkullens Alonso\" width=\"156\" height=\"156\" \/><\/a><figcaption id=\"caption-attachment-3460\" class=\"wp-caption-text\">Almkullens Alonso<\/figcaption><\/figure>\n<p>\u00c4ven Almkullens Alonso med husse Mats Andersson och matte Elisabeth har varit p\u00e5 utst\u00e4llning och fick d\u00e4r ett Excellent!<\/p>\n<figure id=\"attachment_3987\" aria-describedby=\"caption-attachment-3987\" style=\"width: 176px\" class=\"wp-caption alignleft\"><a href=\"https:\/\/almkullens.se\/wp-content\/uploads\/2014\/08\/IMG_7517.jpg\" rel=\"lightbox[4824]\"><img loading=\"lazy\" decoding=\"async\" class=\" wp-image-3987\" src=\"https:\/\/almkullens.se\/wp-content\/uploads\/2014\/08\/IMG_7517-150x150.jpg\" alt=\"Fabian Du Vallon De La Rigaude  \u00c4g: Arild Eikeland\" width=\"176\" height=\"176\" \/><\/a><figcaption id=\"caption-attachment-3987\" class=\"wp-caption-text\">Fabian Du Vallon De La Rigaude \u00c4g: Arild Eikeland<\/figcaption><\/figure>\n<p>I somras s\u00e5 hade vi under n\u00e5gra veckor Demis pappa Fabian h\u00e4r f\u00f6r att tr\u00e4na\u00a0honom p\u00e5 att apportera, Fabian \u00e4r en l\u00e4ttl\u00e4rd\u00a0och\u00a0supermysig hanne som nu ocks\u00e5 har klarat Norskt apporttest\u00a0 \ud83d\ude42<\/p>\n<figure id=\"attachment_4024\" aria-describedby=\"caption-attachment-4024\" style=\"width: 208px\" class=\"wp-caption alignright\"><a href=\"https:\/\/almkullens.se\/wp-content\/uploads\/2014\/09\/IMG_8399.jpg\" rel=\"lightbox[4824]\"><img loading=\"lazy\" decoding=\"async\" class=\"  wp-image-4024\" src=\"https:\/\/almkullens.se\/wp-content\/uploads\/2014\/09\/IMG_8399-150x150.jpg\" alt=\"Tors Riva\" width=\"208\" height=\"208\" \/><\/a><figcaption id=\"caption-attachment-4024\" class=\"wp-caption-text\">Tors Riva<\/figcaption><\/figure>\n<p>H\u00f6stens ripjakt \u00e4r ju lite av en h\u00f6jdpunkt p\u00e5 \u00e5ret och min romantiske Peter passade p\u00e5 att fria till mig p\u00e5 1000 m\u00f6h &lt;3<br \/>\nVi kunde konstatera att \u00e4ven i \u00e5r s\u00e5\u00a0\u00e4r vi mycket n\u00f6jda med hur v\u00e5ra hundar jagar n\u00e4r vi \u00e4r till fj\u00e4lls, det sk\u00f6ts flera ripor f\u00f6r dom alla, men den som var vassast i \u00e5r var v\u00e5r lilla s\u00f6ta Riva!<\/p>\n<figure id=\"attachment_4250\" aria-describedby=\"caption-attachment-4250\" style=\"width: 243px\" class=\"wp-caption alignleft\"><a href=\"https:\/\/almkullens.se\/wp-content\/uploads\/2014\/10\/IMG_1412.jpg\" rel=\"lightbox[4824]\"><img loading=\"lazy\" decoding=\"async\" class=\" wp-image-4250\" src=\"https:\/\/almkullens.se\/wp-content\/uploads\/2014\/10\/IMG_1412-150x150.jpg\" alt=\"Almkullens Coda\" width=\"243\" height=\"243\" \/><\/a><figcaption id=\"caption-attachment-4250\" class=\"wp-caption-text\">Almkullens Coda \u00c4g: Mirjam Landholm<\/figcaption><\/figure>\n<p>&nbsp;<\/p>\n<p>&nbsp;<\/p>\n<p>Under h\u00f6sten s\u00e5 har Almkullens Coda med sin matte Mirjam Landholm f\u00f6r f\u00f6rsta g\u00e5ngen startat p\u00e5 jaktprov, resultatet blev\u00a03 st 2:a pris i Ukl!<\/p>\n<figure id=\"attachment_4260\" aria-describedby=\"caption-attachment-4260\" style=\"width: 292px\" class=\"wp-caption alignright\"><a href=\"https:\/\/almkullens.se\/wp-content\/uploads\/2014\/10\/IMG_2199.jpg\" rel=\"lightbox[4824]\"><img loading=\"lazy\" decoding=\"async\" class=\" wp-image-4260\" src=\"https:\/\/almkullens.se\/wp-content\/uploads\/2014\/10\/IMG_2199-150x150.jpg\" alt=\"Almkullens Bijou\" width=\"292\" height=\"292\" \/><\/a><figcaption id=\"caption-attachment-4260\" class=\"wp-caption-text\">Almkullens Bijou \u00c4g: Robert Hansson<\/figcaption><\/figure>\n<p>&nbsp;<\/p>\n<p>&nbsp;<\/p>\n<p>&nbsp;<\/p>\n<p>\u00c4ven Robert Hansson med Almkullens Bijou debuterade p\u00e5 jaktprov med st\u00e5ende f\u00e5gelhundar och fick ett 2:a pris i \u00d6kl p\u00e5 f\u00e4lt!<\/p>\n<figure id=\"attachment_4808\" aria-describedby=\"caption-attachment-4808\" style=\"width: 260px\" class=\"wp-caption alignleft\"><a href=\"https:\/\/almkullens.se\/wp-content\/uploads\/2014\/12\/IMG_8880.jpg\" rel=\"lightbox[4824]\"><img loading=\"lazy\" decoding=\"async\" class=\" wp-image-4808\" src=\"https:\/\/almkullens.se\/wp-content\/uploads\/2014\/12\/IMG_8880-150x150.jpg\" alt=\"P\u00e5lamalmens Elva\" width=\"260\" height=\"260\" \/><\/a><figcaption id=\"caption-attachment-4808\" class=\"wp-caption-text\">P\u00e5lamalmens Elva<\/figcaption><\/figure>\n<p>Peter \u00e5kte iv\u00e4g till den svenska VM-uttagningen p\u00e5 L\u00e5ngtora med Elva och Aska, gl\u00e4djande var att det var hela 15\u00a0ekipage som ville\u00a0vara med och t\u00e4vla om de 4 platserna, Peter och Elva vann uttagningen medan Aska kom p\u00e5 7:e plats.<\/p>\n<figure id=\"attachment_4235\" aria-describedby=\"caption-attachment-4235\" style=\"width: 269px\" class=\"wp-caption alignright\"><a href=\"https:\/\/almkullens.se\/wp-content\/uploads\/2014\/09\/IMG_0598.jpg\" rel=\"lightbox[4824]\"><img loading=\"lazy\" decoding=\"async\" class=\" wp-image-4235\" src=\"https:\/\/almkullens.se\/wp-content\/uploads\/2014\/09\/IMG_0598-150x150.jpg\" alt=\"P\u00e5lamalmens Elva\" width=\"269\" height=\"269\" \/><\/a><figcaption id=\"caption-attachment-4235\" class=\"wp-caption-text\">P\u00e5lamalmens Elva<\/figcaption><\/figure>\n<p>Peter och Elva fick ett 4:e Excellent p\u00e5 Medelhavscupen!<\/p>\n<p>Det svenska laget d\u00e4r Peter och Elva \u00e4r med tog silver i VM i Toscana-2014!<\/p>\n<p>Summeringen blir att \u00e4ven 2014 var ett fantastiskt \u00e5r f\u00f6r oss p\u00e5 Almkullens!<\/p>\n","protected":false},"excerpt":{"rendered":"<p>H\u00e4r kommer en sammanfattning av n\u00e5gra av \u00e5rets h\u00f6jdpunkter! Det \u00e4r med gl\u00e4dje och stolthet som vi gratulerar och lyck\u00f6nskar alla v\u00e5ra duktiga valpk\u00f6pare! \u00c5ret 2014 startade med att Almkullens Aska blev utn\u00e4mnd till \u00c5rets Breton 2013! Hon blev dessutom\u00a0\u00c5rets Allroundhund 2013! Aska fick en kull valpar den 27 jan, 6 pigga, fina v\u00e4lskapta valpar [&hellip;]<\/p>\n","protected":false},"author":1,"featured_media":0,"comment_status":"open","ping_status":"open","sticky":false,"template":"","format":"standard","meta":{"_crdt_document":"","advgb_blocks_editor_width":"","advgb_blocks_columns_visual_guide":"","_jetpack_memberships_contains_paid_content":false,"footnotes":""},"categories":[1],"tags":[],"class_list":["post-4824","post","type-post","status-publish","format-standard","hentry","category-hem","entry"],"author_meta":{"display_name":"Peter &amp; Johanna","author_link":"https:\/\/almkullens.se\/?author=1"},"featured_img":null,"jetpack_featured_media_url":"","coauthors":[],"tax_additional":{"categories":{"linked":["<a href=\"https:\/\/almkullens.se\/?cat=1\" class=\"advgb-post-tax-term\">Hem<\/a>"],"unlinked":["<span class=\"advgb-post-tax-term\">Hem<\/span>"]}},"comment_count":"2","relative_dates":{"created":"Publicerad 11 \u00e5r sedan","modified":"Uppdaterad 11 \u00e5r sedan"},"absolute_dates":{"created":"Publicerat den 30 december, 2014","modified":"Uppdaterad den 30 december, 2014"},"absolute_dates_time":{"created":"Publicerat den 30 december, 2014 14:38","modified":"Uppdaterad den 30 december, 2014 14:38"},"featured_img_caption":"","series_order":"","jetpack_sharing_enabled":true,"_links":{"self":[{"href":"https:\/\/almkullens.se\/index.php?rest_route=\/wp\/v2\/posts\/4824","targetHints":{"allow":["GET"]}}],"collection":[{"href":"https:\/\/almkullens.se\/index.php?rest_route=\/wp\/v2\/posts"}],"about":[{"href":"https:\/\/almkullens.se\/index.php?rest_route=\/wp\/v2\/types\/post"}],"author":[{"embeddable":true,"href":"https:\/\/almkullens.se\/index.php?rest_route=\/wp\/v2\/users\/1"}],"replies":[{"embeddable":true,"href":"https:\/\/almkullens.se\/index.php?rest_route=%2Fwp%2Fv2%2Fcomments&post=4824"}],"version-history":[{"count":32,"href":"https:\/\/almkullens.se\/index.php?rest_route=\/wp\/v2\/posts\/4824\/revisions"}],"predecessor-version":[{"id":4856,"href":"https:\/\/almkullens.se\/index.php?rest_route=\/wp\/v2\/posts\/4824\/revisions\/4856"}],"wp:attachment":[{"href":"https:\/\/almkullens.se\/index.php?rest_route=%2Fwp%2Fv2%2Fmedia&parent=4824"}],"wp:term":[{"taxonomy":"category","embeddable":true,"href":"https:\/\/almkullens.se\/index.php?rest_route=%2Fwp%2Fv2%2Fcategories&post=4824"},{"taxonomy":"post_tag","embeddable":true,"href":"https:\/\/almkullens.se\/index.php?rest_route=%2Fwp%2Fv2%2Ftags&post=4824"}],"curies":[{"name":"wp","href":"https:\/\/api.w.org\/{rel}","templated":true}]}}