{"id":4682,"date":"2014-11-20T20:39:02","date_gmt":"2014-11-20T19:39:02","guid":{"rendered":"http:\/\/almkullens.se\/?p=4682"},"modified":"2014-11-20T20:39:02","modified_gmt":"2014-11-20T19:39:02","slug":"36-championship-pievo-santo-stefano-toscana-italy-25-2710-2014","status":"publish","type":"post","link":"https:\/\/almkullens.se\/?p=4682","title":{"rendered":"36* championship  Pievo Santo Stefano  Toscana Italy  \u00a025-27\/10 &#8211; 2014"},"content":{"rendered":"<p><a href=\"https:\/\/almkullens.se\/wp-content\/uploads\/2014\/11\/mobil-549.jpg\" rel=\"lightbox[4682]\"><img loading=\"lazy\" decoding=\"async\" class=\"alignright size-medium wp-image-4684\" src=\"https:\/\/almkullens.se\/wp-content\/uploads\/2014\/11\/mobil-549-300x168.jpg\" alt=\"mobil 549\" width=\"300\" height=\"168\" srcset=\"https:\/\/almkullens.se\/wp-content\/uploads\/2014\/11\/mobil-549-300x168.jpg 300w, https:\/\/almkullens.se\/wp-content\/uploads\/2014\/11\/mobil-549-1024x576.jpg 1024w, https:\/\/almkullens.se\/wp-content\/uploads\/2014\/11\/mobil-549.jpg 1800w\" sizes=\"auto, (max-width: 300px) 100vw, 300px\" \/><\/a>Nu s\u00e5\u2026 \u00e4ntligen hemma i swedala igen..<\/p>\n<p>Det f\u00e5r ju bli en liten resume fr\u00e5n \u00e5rets \u00e4ventyr i VM cirkusen \u00e4ven denna g\u00e5ng\u2026 hoppas att ni st\u00e5r ut, i annat fall s\u00e5 sluta l\u00e4sa h\u00e4r..<\/p>\n<p>Allt ihop startade ju p\u00e5 L\u00e5ngtora den 22\/9 d\u00e5 det var uttagning och i \u00e5r s\u00e5 tror jag det var 16 hundar med hugade f\u00f6rare som ville vara med. N\u00e4r uttagningen var klar s\u00e5 var det 4 st ekipage som domare Patrik Sj\u00f6str\u00f6m uts\u00e5g som dagens b\u00e4sta och d\u00e4ribland s\u00e5 var det min Elva och Michael Sj\u00f6landers Klimp. Skoj&#8230; 2 Bretoner av totalt 4 hundar som ingick i laget + Agneta med sin Lexsus som skulle vara med i Hubertus t\u00e4vlingen f\u00f6r damer..<\/p>\n<p>F\u00f6rsta steget var avklarat och nu s\u00e5 g\u00e4llde det att \u00f6vertyga chefen p\u00e5 jobbet om viktigheten av en pl\u00f6tsligt p\u00e5kommen ledighet&#8230;.<\/p>\n<figure id=\"attachment_4691\" aria-describedby=\"caption-attachment-4691\" style=\"width: 300px\" class=\"wp-caption alignleft\"><a href=\"https:\/\/almkullens.se\/wp-content\/uploads\/2014\/11\/vm-14-051.jpg\" rel=\"lightbox[4682]\"><img loading=\"lazy\" decoding=\"async\" class=\"size-medium wp-image-4691\" src=\"https:\/\/almkullens.se\/wp-content\/uploads\/2014\/11\/vm-14-051-300x168.jpg\" alt=\"P\u00e5lamalmens Elva\" width=\"300\" height=\"168\" srcset=\"https:\/\/almkullens.se\/wp-content\/uploads\/2014\/11\/vm-14-051-300x168.jpg 300w, https:\/\/almkullens.se\/wp-content\/uploads\/2014\/11\/vm-14-051-1024x576.jpg 1024w, https:\/\/almkullens.se\/wp-content\/uploads\/2014\/11\/vm-14-051.jpg 1800w\" sizes=\"auto, (max-width: 300px) 100vw, 300px\" \/><\/a><figcaption id=\"caption-attachment-4691\" class=\"wp-caption-text\">P\u00e5lamalmens Elva<\/figcaption><\/figure>\n<p>\u00c4ven denna g\u00e5ng s\u00e5 hade vi anm\u00e4lt oss till de t\u00e4vlingar som heter Medelhavscupen.. Det \u00e4r ett alldeles utm\u00e4rkt s\u00e4tt att f\u00e5 starta upp hundarna p\u00e5 de marker som anv\u00e4nds p\u00e5 VM och dessa t\u00e4vlingsdagar gick hyggligt f\u00f6r mig och Elva d\u00e5 hon p\u00e5 andra dagen gick i sl\u00e4pp mot en liten skarpsprungen\u00a0 bretonhane, men det var Elva som hittade f\u00e5gel x2 och sk\u00f6tte sig med den \u00e4ran och fick ett Eccelent i betygs protokollet.. <!--more-->Micke och Klimp hade inte riktigt den tur som beh\u00f6vdes f\u00f6r de hittade ingen f\u00e5gel p\u00e5 den tid som erbj\u00f6ds. Jag vet inte riktigt vilka placeringar som det blev men det var m\u00e5nga som gick till pris \u00f6ver dessa dagar och vi svenskar med kontinetala hundar <a href=\"https:\/\/almkullens.se\/wp-content\/uploads\/2014\/11\/vm-14-058.jpg\" rel=\"lightbox[4682]\"><img loading=\"lazy\" decoding=\"async\" class=\"alignleft size-thumbnail wp-image-4692\" src=\"https:\/\/almkullens.se\/wp-content\/uploads\/2014\/11\/vm-14-058-150x150.jpg\" alt=\"vm 14 058\" width=\"150\" height=\"150\" \/><\/a>lyckades bara skarpa ihop ett Tresbon och ett Eccelent p\u00e5 4 st hundar och 2 provdagar s\u00e5 det r\u00e4ckte d\u00e5ligt till i lagstriden..<\/p>\n<p><a href=\"https:\/\/almkullens.se\/wp-content\/uploads\/2014\/11\/vm-14-082.jpg\" rel=\"lightbox[4682]\"><img loading=\"lazy\" decoding=\"async\" class=\"alignright size-medium wp-image-4696\" src=\"https:\/\/almkullens.se\/wp-content\/uploads\/2014\/11\/vm-14-082-300x168.jpg\" alt=\"vm 14 082\" width=\"300\" height=\"168\" srcset=\"https:\/\/almkullens.se\/wp-content\/uploads\/2014\/11\/vm-14-082-300x168.jpg 300w, https:\/\/almkullens.se\/wp-content\/uploads\/2014\/11\/vm-14-082-1024x576.jpg 1024w, https:\/\/almkullens.se\/wp-content\/uploads\/2014\/11\/vm-14-082.jpg 1800w\" sizes=\"auto, (max-width: 300px) 100vw, 300px\" \/><\/a>VM invigningen som var p\u00e5 fredag gick ganska s\u00e5 smidigt och \u00e4ven denna g\u00e5ng s\u00e5 var vi m\u00e4kta stolta d\u00e5 vi gick <a href=\"https:\/\/almkullens.se\/wp-content\/uploads\/2014\/11\/vm-14-059.jpg\" rel=\"lightbox[4682]\"><img loading=\"lazy\" decoding=\"async\" class=\"alignleft size-thumbnail wp-image-4693\" src=\"https:\/\/almkullens.se\/wp-content\/uploads\/2014\/11\/vm-14-059-150x150.jpg\" alt=\"vm 14 059\" width=\"150\" height=\"150\" \/><\/a>in med hundarna och fick sjunga v\u00e5r nationals\u00e5ng.. Ja&#8230; det var Du gamla du fria som spelades trots vi var en brokig samling av nationaliteter i det svenska laget eller vad s\u00e4gs om&#8230; En Iranier, en Dansk, en Norsk och s\u00e5 resten av oss som jag tror var f\u00f6dda i Sverige. \ud83d\ude42<\/p>\n<p><a href=\"https:\/\/almkullens.se\/wp-content\/uploads\/2014\/11\/vm-14-079.jpg\" rel=\"lightbox[4682]\"><img loading=\"lazy\" decoding=\"async\" class=\"alignleft size-medium wp-image-4695\" src=\"https:\/\/almkullens.se\/wp-content\/uploads\/2014\/11\/vm-14-079-300x168.jpg\" alt=\"vm 14 079\" width=\"300\" height=\"168\" srcset=\"https:\/\/almkullens.se\/wp-content\/uploads\/2014\/11\/vm-14-079-300x168.jpg 300w, https:\/\/almkullens.se\/wp-content\/uploads\/2014\/11\/vm-14-079-1024x576.jpg 1024w, https:\/\/almkullens.se\/wp-content\/uploads\/2014\/11\/vm-14-079.jpg 1800w\" sizes=\"auto, (max-width: 300px) 100vw, 300px\" \/><\/a>L\u00f6rdag och f\u00f6rsta VM dagen b\u00f6rjade som det brukar.. i ett litet halvkaos, men d\u00e5 jag haft f\u00f6rm\u00e5nen att vara med n\u00e5gra g\u00e5nger nu s\u00e5 har man vant sig och tog inte s\u00e5 allvarligt p\u00e5, att det mesta var f\u00f6rsenat.. N\u00e4r det v\u00e4l b\u00f6rjade springas med skyltar som det stod vilket batteri\/parti som skulle \u00e5ka iv\u00e4g blev det d\u00e4remot br\u00e5ttom och allt skedde med en v\u00e4ldig fart. Parkeringen som de flesta bilar (kanske ett hundratal) stod p\u00e5 var kanske inte st\u00f6rre \u00e4n ett normalt sm\u00e5stads torg och d\u00e5 partierna skulle iv\u00e4g s\u00e5 var det n\u00e4stan samtidigt och d\u00e5 g\u00e4llde det att kroka p\u00e5 r\u00e4tt karavan f\u00f6r annars s\u00e5 blev det bekymmersamt att hitta r\u00e4tt.<\/p>\n<figure id=\"attachment_4687\" aria-describedby=\"caption-attachment-4687\" style=\"width: 300px\" class=\"wp-caption alignright\"><a href=\"https:\/\/almkullens.se\/wp-content\/uploads\/2014\/11\/Provmarker.jpg\" rel=\"lightbox[4682]\"><img loading=\"lazy\" decoding=\"async\" class=\"size-medium wp-image-4687\" src=\"https:\/\/almkullens.se\/wp-content\/uploads\/2014\/11\/Provmarker-300x168.jpg\" alt=\"Provmarker\" width=\"300\" height=\"168\" srcset=\"https:\/\/almkullens.se\/wp-content\/uploads\/2014\/11\/Provmarker-300x168.jpg 300w, https:\/\/almkullens.se\/wp-content\/uploads\/2014\/11\/Provmarker-1024x576.jpg 1024w, https:\/\/almkullens.se\/wp-content\/uploads\/2014\/11\/Provmarker.jpg 1800w\" sizes=\"auto, (max-width: 300px) 100vw, 300px\" \/><\/a><figcaption id=\"caption-attachment-4687\" class=\"wp-caption-text\">Provmarker<\/figcaption><\/figure>\n<p>N\u00e4r vi v\u00e4l var ute i provmarkerna, som bestod av ganska s\u00e5 sm\u00e5 f\u00e4lt inb\u00e4ddade mellan rid\u00e5er av buskar och tr\u00e4d och hela tiden i en lutning som s\u00e5g ut som en ordin\u00e4r slalombacke s\u00e5 gick det riktigt smidigt. T\u00e4vlingsledningen hade ordnat med folk som h\u00e4mtade upp de som skulle ut i sl\u00e4pp och vi kn\u00f6ddes in parvis i en liten jeep som b\u00e4st f\u00f6re datum hade upph\u00f6rt f\u00f6r l\u00e4nge sedan och blev utk\u00f6rda till det omr\u00e5de som skulle s\u00f6kas av.<\/p>\n<figure id=\"attachment_4690\" aria-describedby=\"caption-attachment-4690\" style=\"width: 217px\" class=\"wp-caption alignleft\"><a href=\"https:\/\/almkullens.se\/wp-content\/uploads\/2014\/11\/vm-14-045.jpg\" rel=\"lightbox[4682]\"><img loading=\"lazy\" decoding=\"async\" class=\"wp-image-4690 size-medium\" src=\"https:\/\/almkullens.se\/wp-content\/uploads\/2014\/11\/vm-14-045-e1416511705896-217x300.jpg\" alt=\"Klimp\" width=\"217\" height=\"300\" srcset=\"https:\/\/almkullens.se\/wp-content\/uploads\/2014\/11\/vm-14-045-e1416511705896-217x300.jpg 217w, https:\/\/almkullens.se\/wp-content\/uploads\/2014\/11\/vm-14-045-e1416511705896-740x1024.jpg 740w, https:\/\/almkullens.se\/wp-content\/uploads\/2014\/11\/vm-14-045-e1416511705896.jpg 1012w\" sizes=\"auto, (max-width: 217px) 100vw, 217px\" \/><\/a><figcaption id=\"caption-attachment-4690\" class=\"wp-caption-text\">Mikael Sj\u00f6lander &amp; Red Garlic\u2019s Klimp<\/figcaption><\/figure>\n<p>F\u00f6r det svenska laget denna dag s\u00e5 gick det riktigt hyggligt d\u00e5 3 av 4 startande ekipage av de kontinentala hundarna gick till pris och fick g\u00f6ra den obligatoriska vattenapporten p\u00e5 eftermiddagen. Att se en nerv\u00f6s Micke med Klimp g\u00f6ra detta v\u00e4rmde, och n\u00e4r Mickes sista kommando &#8221;Kom till pappa&#8221; fick Klimp att komma och l\u00e4mna av s\u00e5 var jublet stort i det svenska l\u00e4gret.<\/p>\n<p>Som vanligt s\u00e5 bestod VM:s andra dag av St:Hubertus t\u00e4vlingen och d\u00e5 s\u00e5 var vi som bara deltog i det vanliga VM:et p\u00e5 plats att st\u00f6tta Jimmy, Amir, Agneta och Katarina som var de svenska deltagarna.<\/p>\n<p>St:Hubertus t\u00e4vlingen f\u00f6r er som inte k\u00e4nner till detta g\u00e5r i stora drag ut p\u00e5 att man jagar med egen hund och blir bed\u00f6md av tv\u00e5 domare map. effektivitet, s\u00e4kerhet och stil. Max po\u00e4ngen \u00e4r hundra och \u00e4r d\u00e5 f\u00f6rdelad p\u00e5 b\u00e5de f\u00f6rare och hund. Detta \u00e4r ett riktigt trevligt s\u00e4tta att prova p\u00e5 och nere i Europa s\u00e5 \u00e4r det en riktigt stor provform d\u00e4r det \u00e4r m\u00e5nga n\u00e5ls\u00f6gon under l\u00e5ng tid som man ska passera f\u00f6r att komma med p\u00e5 de stora t\u00e4vlingarna.<\/p>\n<p>JImmy och Hed\u00e4ngens G Tosca (Elsa) var p\u00e5 plats i \u00e5r ocks\u00e5 och gjorde sitt b\u00e4sta men tyv\u00e4rr s\u00e5 fann de ingen f\u00e5gel i den terr\u00e4ngen som de blev tilldelade. Elsa s\u00f6kte riktigt bra och de fick n\u00e4stan en halvtimmes sl\u00e4pptid (20 min \u00e4r normalt) men tyv\u00e4rr s\u00e5 blev det inte som vi hade hoppats p\u00e5&#8230;<\/p>\n<p><a href=\"https:\/\/almkullens.se\/wp-content\/uploads\/2014\/11\/DSC_0070.jpg\" rel=\"lightbox[4682]\"><img loading=\"lazy\" decoding=\"async\" class=\"alignright size-medium wp-image-4683\" src=\"https:\/\/almkullens.se\/wp-content\/uploads\/2014\/11\/DSC_0070-300x168.jpg\" alt=\"DSC_0070\" width=\"300\" height=\"168\" srcset=\"https:\/\/almkullens.se\/wp-content\/uploads\/2014\/11\/DSC_0070-300x168.jpg 300w, https:\/\/almkullens.se\/wp-content\/uploads\/2014\/11\/DSC_0070-1024x576.jpg 1024w, https:\/\/almkullens.se\/wp-content\/uploads\/2014\/11\/DSC_0070.jpg 1800w\" sizes=\"auto, (max-width: 300px) 100vw, 300px\" \/><\/a>F\u00f6r Amir och hans Irl\u00e4nska setter. Remkilens Qviss s\u00e5 gick det b\u00e4ttre. Partiet som de startade i hade marker d\u00e4r de hittade bra med f\u00e5gel och d\u00e5 han efter att tiden var ute kunde redovisa tv\u00e5 skjutna Redlegs med tv\u00e5 skott s\u00e5 visste vi att han l\u00e5g bra till&#8230; \ud83d\ude42<\/p>\n<p><a href=\"https:\/\/almkullens.se\/wp-content\/uploads\/2014\/11\/Nya-och-gamla-v\u00e4rldsm\u00e4stare-i-StHubertus.jpg\" rel=\"lightbox[4682]\"><img loading=\"lazy\" decoding=\"async\" class=\"alignleft size-thumbnail wp-image-4685\" src=\"https:\/\/almkullens.se\/wp-content\/uploads\/2014\/11\/Nya-och-gamla-v\u00e4rldsm\u00e4stare-i-StHubertus-150x150.jpg\" alt=\"Nya och gamla v\u00e4rldsm\u00e4stare i StHubertus\" width=\"150\" height=\"150\" \/><\/a>N\u00e4r v\u00e4l alla partier var klara s\u00e5 blev det barrage mellan partivinnarna (Amir, Robert Brennan fr\u00e5n Norge och en Italienare med en Breton) och n\u00e4r detta var klart s\u00e5 stod Amir som slutsegrare&#8230;Tjohooo!!!<\/p>\n<p>Naturligtvis s\u00e5 blev det lite firande p\u00e5 kv\u00e4llen med lite b\u00e4ttre mat \u00e4n pizza som var p\u00e5 planeringen denna dag. Amir bj\u00f6d p\u00e5 champange och gratulationerna h\u00f6ll p\u00e5 l\u00e4nge i en tillst\u00e4llning d\u00e4r de flesta i det svenska laget hade slutit upp, men det fick ju tyv\u00e4rr ske med m\u00e5tta d\u00e5 det \u00e5terstod en dag av t\u00e4vlandet.<\/p>\n<figure id=\"attachment_4689\" aria-describedby=\"caption-attachment-4689\" style=\"width: 300px\" class=\"wp-caption alignleft\"><a href=\"https:\/\/almkullens.se\/wp-content\/uploads\/2014\/11\/vm-14-021.jpg\" rel=\"lightbox[4682]\"><img loading=\"lazy\" decoding=\"async\" class=\"size-medium wp-image-4689\" src=\"https:\/\/almkullens.se\/wp-content\/uploads\/2014\/11\/vm-14-021-300x168.jpg\" alt=\"Provmark\" width=\"300\" height=\"168\" srcset=\"https:\/\/almkullens.se\/wp-content\/uploads\/2014\/11\/vm-14-021-300x168.jpg 300w, https:\/\/almkullens.se\/wp-content\/uploads\/2014\/11\/vm-14-021-1024x576.jpg 1024w, https:\/\/almkullens.se\/wp-content\/uploads\/2014\/11\/vm-14-021.jpg 1800w\" sizes=\"auto, (max-width: 300px) 100vw, 300px\" \/><\/a><figcaption id=\"caption-attachment-4689\" class=\"wp-caption-text\">Provmark<\/figcaption><\/figure>\n<p>M\u00e5ndag och sista dagen av t\u00e4vlingarna b\u00f6rjade med n\u00e5got s\u00e5 ovanligt som att redan 10 minuter efter meddelad avresetid s\u00e5 kom sig alla partier iv\u00e4g. Resan uppf\u00f6r smala serpentinv\u00e4gar gick som vanligt i en hissnande fart och v\u00e4l framme s\u00e5 kom allt ig\u00e5ng riktigt snabbt. Micke och Klimp lyckades riktigt bra igen, men i det sl\u00e4ppet som jag var ute i s\u00e5 hade vi lite otur, d\u00e5 jag anm\u00e4lde point till domaren och rusade iv\u00e4g f\u00f6r att avveckla detta kom parkamraten och gick f\u00f6rbi Elva och reste f\u00e5glarna&#8230;. Par kamraten blev diskvalifiserad och Elva fick forts\u00e4tta men tyv\u00e4rr hittade vi inte n\u00e5gon mer f\u00e5gel trots att domarna gav oss bra med tid..\u00a0 S\u00e5 kan det va!!<\/p>\n<p>Men nog hade det g\u00e5tt riktigt hyfsat f\u00f6r det svenska laget, eller vad s\u00e4gs om detta&#8230;<\/p>\n<p>Anders Due och Krageborgs Chivas\u00a0\u00a0\u00a0\u00a0\u00a0\u00a0\u00a0\u00a0\u00a0\u00a0\u00a0\u00a0 2 x Eccelent<br \/>\nMichel Sj\u00f6lander och Red garlics Klimp\u00a0\u00a0\u00a0\u00a0 2 x Tres bon<br \/>\nPeter Nilsson och P\u00e5lamalmens Elva\u00a0\u00a0\u00a0\u00a0\u00a0\u00a0\u00a0\u00a0\u00a0 1 x Tres bon<\/p>\n<p>Dessa priser r\u00e4knas sedan om i po\u00e4ng f\u00f6r att skilja om platserna b\u00e5de i den individuella t\u00e4vlingen och i lagt\u00e4vlingen och n\u00e4r vi r\u00e4knat lite s\u00e5 f\u00f6rstod vi att vi l\u00e5g bra till..<\/p>\n<p>Senare p\u00e5 kv\u00e4llen s\u00e5 var det prisutdelning och VM bankett och alla hyllades som sig b\u00f6r.<\/p>\n<figure id=\"attachment_4686\" aria-describedby=\"caption-attachment-4686\" style=\"width: 300px\" class=\"wp-caption alignleft\"><a href=\"https:\/\/almkullens.se\/wp-content\/uploads\/2014\/11\/Prisbordet.jpg\" rel=\"lightbox[4682]\"><img loading=\"lazy\" decoding=\"async\" class=\"size-medium wp-image-4686\" src=\"https:\/\/almkullens.se\/wp-content\/uploads\/2014\/11\/Prisbordet-300x168.jpg\" alt=\"Prisbordet\" width=\"300\" height=\"168\" srcset=\"https:\/\/almkullens.se\/wp-content\/uploads\/2014\/11\/Prisbordet-300x168.jpg 300w, https:\/\/almkullens.se\/wp-content\/uploads\/2014\/11\/Prisbordet-1024x576.jpg 1024w, https:\/\/almkullens.se\/wp-content\/uploads\/2014\/11\/Prisbordet.jpg 1800w\" sizes=\"auto, (max-width: 300px) 100vw, 300px\" \/><\/a><figcaption id=\"caption-attachment-4686\" class=\"wp-caption-text\">Prisbordet<\/figcaption><\/figure>\n<p>Det svenska laget fick denna g\u00e5ng bes\u00f6ka pris podiet ett flertal g\u00e5nger och det \u00e4r tur att vi var beg\u00e5vade med \u00f6ron f\u00f6r annars s\u00e5 hade nog leendena i v\u00e5ra ansikten f\u00e5tt mungiporna att m\u00f6tas n\u00e5gonstans mitt p\u00e5 skallen&#8230; eller vad s\u00e4gs om detta&#8230;<\/p>\n<p>Anders Due kom total 2:a i den individuella t\u00e4vlingen.<br \/>\nSvenska kontinentala laget 2:a<br \/>\nAmir 1:a och v\u00e4rldsm\u00e4stare i St:Hubertus<br \/>\nKatarina 3:a i St: Hubertus Spaniel<br \/>\nKatarina och Agneta 2:a i lag St:Hubertus Spaniel<\/p>\n<p>Det finns s\u00e5 mycket mer att ber\u00e4tta om men jag har f\u00f6rs\u00f6kt att h\u00e5lla mig till de kontinentala deltagarna. Men det m\u00e5ste \u00e4nd\u00e5 n\u00e4mnas att Agneta med sina Irsk. fr\u00e5n Red Garlics lyckades fantastiskt bra under hela veckan&#8230;Stort Grattis..<\/p>\n<figure id=\"attachment_4694\" aria-describedby=\"caption-attachment-4694\" style=\"width: 300px\" class=\"wp-caption alignright\"><a href=\"https:\/\/almkullens.se\/wp-content\/uploads\/2014\/11\/vm-14-070.jpg\" rel=\"lightbox[4682]\"><img loading=\"lazy\" decoding=\"async\" class=\"size-medium wp-image-4694\" src=\"https:\/\/almkullens.se\/wp-content\/uploads\/2014\/11\/vm-14-070-300x168.jpg\" alt=\"Laf od Pantica\" width=\"300\" height=\"168\" srcset=\"https:\/\/almkullens.se\/wp-content\/uploads\/2014\/11\/vm-14-070-300x168.jpg 300w, https:\/\/almkullens.se\/wp-content\/uploads\/2014\/11\/vm-14-070-1024x576.jpg 1024w, https:\/\/almkullens.se\/wp-content\/uploads\/2014\/11\/vm-14-070.jpg 1800w\" sizes=\"auto, (max-width: 300px) 100vw, 300px\" \/><\/a><figcaption id=\"caption-attachment-4694\" class=\"wp-caption-text\">Laf od Pantica<\/figcaption><\/figure>\n<p>Vi Breton\u00e4gare kan \u00e5terigen str\u00e4cka p\u00e5 oss f\u00f6r V\u00e4rldsm\u00e4stare individuellt blev \u00e4ven i \u00e5r en Breton vid namn Laf od Pantica som kommer fr\u00e5n Ukraina och hade en Italiensk handler.<\/p>\n<p>S\u00e5 var det \u00f6ver f\u00f6r denna g\u00e5ng&#8230; de 200 milen hem gick ganska s\u00e5 l\u00e4tt och g\u00f6tt va det f\u00f6r den resa som vi hade p\u00e5 hemv\u00e4gen f\u00f6rra \u00e5ret var inget som vi ville uppleva igen.<\/p>\n<p>N\u00e4sta \u00e5r s\u00e5 kommer VM att avg\u00f6ras i Serbien under Schweizisk flagga och man kan ju hoppas att g\u00f6kurens m\u00e4stare kan klockan.. \ud83d\ude42<\/p>\n<p>Peter och Elva<\/p>\n<p>&nbsp;<\/p>\n<p>&nbsp;<\/p>\n<p>&nbsp;<\/p>\n<p>&nbsp;<\/p>\n<p>&nbsp;<\/p>\n","protected":false},"excerpt":{"rendered":"<p>Nu s\u00e5\u2026 \u00e4ntligen hemma i swedala igen.. Det f\u00e5r ju bli en liten resume fr\u00e5n \u00e5rets \u00e4ventyr i VM cirkusen \u00e4ven denna g\u00e5ng\u2026 hoppas att ni st\u00e5r ut, i annat fall s\u00e5 sluta l\u00e4sa h\u00e4r.. Allt ihop startade ju p\u00e5 L\u00e5ngtora den 22\/9 d\u00e5 det var uttagning och i \u00e5r s\u00e5 tror jag det var [&hellip;]<\/p>\n","protected":false},"author":1,"featured_media":0,"comment_status":"open","ping_status":"open","sticky":false,"template":"","format":"standard","meta":{"_crdt_document":"","advgb_blocks_editor_width":"","advgb_blocks_columns_visual_guide":"","_jetpack_memberships_contains_paid_content":false,"footnotes":""},"categories":[1],"tags":[],"class_list":["post-4682","post","type-post","status-publish","format-standard","hentry","category-hem","entry"],"author_meta":{"display_name":"Peter &amp; Johanna","author_link":"https:\/\/almkullens.se\/?author=1"},"featured_img":null,"jetpack_featured_media_url":"","coauthors":[],"tax_additional":{"categories":{"linked":["<a href=\"https:\/\/almkullens.se\/?cat=1\" class=\"advgb-post-tax-term\">Hem<\/a>"],"unlinked":["<span class=\"advgb-post-tax-term\">Hem<\/span>"]}},"comment_count":"2","relative_dates":{"created":"Publicerad 11 \u00e5r sedan","modified":"Uppdaterad 11 \u00e5r sedan"},"absolute_dates":{"created":"Publicerat den 20 november, 2014","modified":"Uppdaterad den 20 november, 2014"},"absolute_dates_time":{"created":"Publicerat den 20 november, 2014 20:39","modified":"Uppdaterad den 20 november, 2014 20:39"},"featured_img_caption":"","series_order":"","jetpack_sharing_enabled":true,"_links":{"self":[{"href":"https:\/\/almkullens.se\/index.php?rest_route=\/wp\/v2\/posts\/4682","targetHints":{"allow":["GET"]}}],"collection":[{"href":"https:\/\/almkullens.se\/index.php?rest_route=\/wp\/v2\/posts"}],"about":[{"href":"https:\/\/almkullens.se\/index.php?rest_route=\/wp\/v2\/types\/post"}],"author":[{"embeddable":true,"href":"https:\/\/almkullens.se\/index.php?rest_route=\/wp\/v2\/users\/1"}],"replies":[{"embeddable":true,"href":"https:\/\/almkullens.se\/index.php?rest_route=%2Fwp%2Fv2%2Fcomments&post=4682"}],"version-history":[{"count":4,"href":"https:\/\/almkullens.se\/index.php?rest_route=\/wp\/v2\/posts\/4682\/revisions"}],"predecessor-version":[{"id":4700,"href":"https:\/\/almkullens.se\/index.php?rest_route=\/wp\/v2\/posts\/4682\/revisions\/4700"}],"wp:attachment":[{"href":"https:\/\/almkullens.se\/index.php?rest_route=%2Fwp%2Fv2%2Fmedia&parent=4682"}],"wp:term":[{"taxonomy":"category","embeddable":true,"href":"https:\/\/almkullens.se\/index.php?rest_route=%2Fwp%2Fv2%2Fcategories&post=4682"},{"taxonomy":"post_tag","embeddable":true,"href":"https:\/\/almkullens.se\/index.php?rest_route=%2Fwp%2Fv2%2Ftags&post=4682"}],"curies":[{"name":"wp","href":"https:\/\/api.w.org\/{rel}","templated":true}]}}