{"id":4570,"date":"2014-10-28T00:00:00","date_gmt":"2014-10-27T23:00:00","guid":{"rendered":"http:\/\/almkullens.se\/?p=4570"},"modified":"2014-11-05T13:34:55","modified_gmt":"2014-11-05T12:34:55","slug":"silver","status":"publish","type":"post","link":"https:\/\/almkullens.se\/?p=4570","title":{"rendered":"Silver!"},"content":{"rendered":"<p><a href=\"https:\/\/almkullens.se\/wp-content\/uploads\/2014\/09\/IMG_8255.jpg\" rel=\"lightbox[4570]\"><img loading=\"lazy\" decoding=\"async\" class=\"alignright size-medium wp-image-4021\" src=\"https:\/\/almkullens.se\/wp-content\/uploads\/2014\/09\/IMG_8255-300x200.jpg\" alt=\"P\u00e5lamalmens Elva\" width=\"300\" height=\"200\" srcset=\"https:\/\/almkullens.se\/wp-content\/uploads\/2014\/09\/IMG_8255-300x200.jpg 300w, https:\/\/almkullens.se\/wp-content\/uploads\/2014\/09\/IMG_8255.jpg 1024w\" sizes=\"auto, (max-width: 300px) 100vw, 300px\" \/><\/a>Det blev silver till det svenska kontinentala laget! Fantastiskt bra jobbat! Peter skriver nog en liten resum\u00e9 h\u00e4r n\u00e4r han kommer hem \ud83d\ude42<\/p>\n<p>De som ingick i laget \u00e4r:<br \/>\nPeter Nilsson &amp; P\u00e5lamalmens Elva (breton)<br \/>\nMikael Sj\u00f6lander &amp; Red Garlic&#8217;s Klimp (Breton)<br \/>\nAnders Due &amp;\u00a0Krageborgs Chivas (str\u00e4vh\u00e5rig vorsteh) och<br \/>\nDag Teien &amp;\u00a0Teiens J Mara (korth\u00e5rig vorsteh)<\/p>\n","protected":false},"excerpt":{"rendered":"<p>Det blev silver till det svenska kontinentala laget! Fantastiskt bra jobbat! Peter skriver nog en liten resum\u00e9 h\u00e4r n\u00e4r han kommer hem \ud83d\ude42 De som ingick i laget \u00e4r: Peter Nilsson &amp; P\u00e5lamalmens Elva (breton) Mikael Sj\u00f6lander &amp; Red Garlic&#8217;s Klimp (Breton) Anders Due &amp;\u00a0Krageborgs Chivas (str\u00e4vh\u00e5rig vorsteh) och Dag Teien &amp;\u00a0Teiens J Mara (korth\u00e5rig [&hellip;]<\/p>\n","protected":false},"author":1,"featured_media":0,"comment_status":"open","ping_status":"open","sticky":false,"template":"","format":"standard","meta":{"_crdt_document":"","advgb_blocks_editor_width":"","advgb_blocks_columns_visual_guide":"","_jetpack_memberships_contains_paid_content":false,"footnotes":""},"categories":[1],"tags":[],"class_list":["post-4570","post","type-post","status-publish","format-standard","hentry","category-hem","entry"],"author_meta":{"display_name":"Peter &amp; Johanna","author_link":"https:\/\/almkullens.se\/?author=1"},"featured_img":null,"jetpack_featured_media_url":"","coauthors":[],"tax_additional":{"categories":{"linked":["<a href=\"https:\/\/almkullens.se\/?cat=1\" class=\"advgb-post-tax-term\">Hem<\/a>"],"unlinked":["<span class=\"advgb-post-tax-term\">Hem<\/span>"]}},"comment_count":"3","relative_dates":{"created":"Publicerad 12 \u00e5r sedan","modified":"Uppdaterad 11 \u00e5r sedan"},"absolute_dates":{"created":"Publicerat den 28 oktober, 2014","modified":"Uppdaterad den 5 november, 2014"},"absolute_dates_time":{"created":"Publicerat den 28 oktober, 2014 00:00","modified":"Uppdaterad den 5 november, 2014 13:34"},"featured_img_caption":"","series_order":"","jetpack_sharing_enabled":true,"_links":{"self":[{"href":"https:\/\/almkullens.se\/index.php?rest_route=\/wp\/v2\/posts\/4570","targetHints":{"allow":["GET"]}}],"collection":[{"href":"https:\/\/almkullens.se\/index.php?rest_route=\/wp\/v2\/posts"}],"about":[{"href":"https:\/\/almkullens.se\/index.php?rest_route=\/wp\/v2\/types\/post"}],"author":[{"embeddable":true,"href":"https:\/\/almkullens.se\/index.php?rest_route=\/wp\/v2\/users\/1"}],"replies":[{"embeddable":true,"href":"https:\/\/almkullens.se\/index.php?rest_route=%2Fwp%2Fv2%2Fcomments&post=4570"}],"version-history":[{"count":10,"href":"https:\/\/almkullens.se\/index.php?rest_route=\/wp\/v2\/posts\/4570\/revisions"}],"predecessor-version":[{"id":4630,"href":"https:\/\/almkullens.se\/index.php?rest_route=\/wp\/v2\/posts\/4570\/revisions\/4630"}],"wp:attachment":[{"href":"https:\/\/almkullens.se\/index.php?rest_route=%2Fwp%2Fv2%2Fmedia&parent=4570"}],"wp:term":[{"taxonomy":"category","embeddable":true,"href":"https:\/\/almkullens.se\/index.php?rest_route=%2Fwp%2Fv2%2Fcategories&post=4570"},{"taxonomy":"post_tag","embeddable":true,"href":"https:\/\/almkullens.se\/index.php?rest_route=%2Fwp%2Fv2%2Ftags&post=4570"}],"curies":[{"name":"wp","href":"https:\/\/api.w.org\/{rel}","templated":true}]}}