{"id":4559,"date":"2014-10-23T22:47:50","date_gmt":"2014-10-23T20:47:50","guid":{"rendered":"http:\/\/almkullens.se\/?p=4559"},"modified":"2014-10-23T22:51:34","modified_gmt":"2014-10-23T20:51:34","slug":"medelhavscupen-2","status":"publish","type":"post","link":"https:\/\/almkullens.se\/?p=4559","title":{"rendered":"Medelhavscupen"},"content":{"rendered":"<figure id=\"attachment_4560\" aria-describedby=\"caption-attachment-4560\" style=\"width: 300px\" class=\"wp-caption alignright\"><a href=\"https:\/\/almkullens.se\/wp-content\/uploads\/2014\/10\/IMG_5735.jpg\" rel=\"lightbox[4559]\"><img loading=\"lazy\" decoding=\"async\" class=\"size-medium wp-image-4560\" src=\"https:\/\/almkullens.se\/wp-content\/uploads\/2014\/10\/IMG_5735-300x200.jpg\" alt=\"P\u00e5lamalmens Elva\" width=\"300\" height=\"200\" srcset=\"https:\/\/almkullens.se\/wp-content\/uploads\/2014\/10\/IMG_5735-300x200.jpg 300w, https:\/\/almkullens.se\/wp-content\/uploads\/2014\/10\/IMG_5735-1024x682.jpg 1024w, https:\/\/almkullens.se\/wp-content\/uploads\/2014\/10\/IMG_5735.jpg 1942w\" sizes=\"auto, (max-width: 300px) 100vw, 300px\" \/><\/a><figcaption id=\"caption-attachment-4560\" class=\"wp-caption-text\">P\u00e5lamalmens Elva<\/figcaption><\/figure>\n<p>Idag gick det bra f\u00f6r Peter och\u00a0Elva som fick till ett par f\u00e5gelarbeten och bel\u00f6nades med ett 4:e Excellent idag p\u00e5 Medelhavscupen! \ud83d\ude42 Ig\u00e5r gick dom ju inte till pris s\u00e5 vi f\u00e5r se vilken individuell placering det r\u00e4cker till!<\/p>\n<p>Ig\u00e5r s\u00e5 s\u00e5 tror jag att\u00a0Dag Teien med korth\u00e5ret Teiens J Mara fick ett tr\u00e8s\u00a0Bon? s\u00e5 det \u00e5terst\u00e5r att se vilken placering det kontinentala laget\u00a0f\u00e5r.<\/p>\n<p>Nu laddar vi om f\u00f6r VM som startar p\u00e5 l\u00f6rdag!<\/p>\n","protected":false},"excerpt":{"rendered":"<p>Idag gick det bra f\u00f6r Peter och\u00a0Elva som fick till ett par f\u00e5gelarbeten och bel\u00f6nades med ett 4:e Excellent idag p\u00e5 Medelhavscupen! \ud83d\ude42 Ig\u00e5r gick dom ju inte till pris s\u00e5 vi f\u00e5r se vilken individuell placering det r\u00e4cker till! Ig\u00e5r s\u00e5 s\u00e5 tror jag att\u00a0Dag Teien med korth\u00e5ret Teiens J Mara fick ett tr\u00e8s\u00a0Bon? [&hellip;]<\/p>\n","protected":false},"author":1,"featured_media":0,"comment_status":"open","ping_status":"open","sticky":false,"template":"","format":"standard","meta":{"_crdt_document":"","advgb_blocks_editor_width":"","advgb_blocks_columns_visual_guide":"","_jetpack_memberships_contains_paid_content":false,"footnotes":""},"categories":[1],"tags":[],"class_list":["post-4559","post","type-post","status-publish","format-standard","hentry","category-hem","entry"],"author_meta":{"display_name":"Peter &amp; Johanna","author_link":"https:\/\/almkullens.se\/?author=1"},"featured_img":null,"jetpack_featured_media_url":"","coauthors":[],"tax_additional":{"categories":{"linked":["<a href=\"https:\/\/almkullens.se\/?cat=1\" class=\"advgb-post-tax-term\">Hem<\/a>"],"unlinked":["<span class=\"advgb-post-tax-term\">Hem<\/span>"]}},"comment_count":"0","relative_dates":{"created":"Publicerad 12 \u00e5r sedan","modified":"Uppdaterad 12 \u00e5r sedan"},"absolute_dates":{"created":"Publicerat den 23 oktober, 2014","modified":"Uppdaterad den 23 oktober, 2014"},"absolute_dates_time":{"created":"Publicerat den 23 oktober, 2014 22:47","modified":"Uppdaterad den 23 oktober, 2014 22:51"},"featured_img_caption":"","series_order":"","jetpack_sharing_enabled":true,"_links":{"self":[{"href":"https:\/\/almkullens.se\/index.php?rest_route=\/wp\/v2\/posts\/4559","targetHints":{"allow":["GET"]}}],"collection":[{"href":"https:\/\/almkullens.se\/index.php?rest_route=\/wp\/v2\/posts"}],"about":[{"href":"https:\/\/almkullens.se\/index.php?rest_route=\/wp\/v2\/types\/post"}],"author":[{"embeddable":true,"href":"https:\/\/almkullens.se\/index.php?rest_route=\/wp\/v2\/users\/1"}],"replies":[{"embeddable":true,"href":"https:\/\/almkullens.se\/index.php?rest_route=%2Fwp%2Fv2%2Fcomments&post=4559"}],"version-history":[{"count":2,"href":"https:\/\/almkullens.se\/index.php?rest_route=\/wp\/v2\/posts\/4559\/revisions"}],"predecessor-version":[{"id":4562,"href":"https:\/\/almkullens.se\/index.php?rest_route=\/wp\/v2\/posts\/4559\/revisions\/4562"}],"wp:attachment":[{"href":"https:\/\/almkullens.se\/index.php?rest_route=%2Fwp%2Fv2%2Fmedia&parent=4559"}],"wp:term":[{"taxonomy":"category","embeddable":true,"href":"https:\/\/almkullens.se\/index.php?rest_route=%2Fwp%2Fv2%2Fcategories&post=4559"},{"taxonomy":"post_tag","embeddable":true,"href":"https:\/\/almkullens.se\/index.php?rest_route=%2Fwp%2Fv2%2Ftags&post=4559"}],"curies":[{"name":"wp","href":"https:\/\/api.w.org\/{rel}","templated":true}]}}