{"id":4552,"date":"2014-10-22T14:30:57","date_gmt":"2014-10-22T12:30:57","guid":{"rendered":"http:\/\/almkullens.se\/?p=4552"},"modified":"2014-10-22T14:30:57","modified_gmt":"2014-10-22T12:30:57","slug":"parning-planeras","status":"publish","type":"post","link":"https:\/\/almkullens.se\/?p=4552","title":{"rendered":"Parning planeras"},"content":{"rendered":"<figure id=\"attachment_4397\" aria-describedby=\"caption-attachment-4397\" style=\"width: 300px\" class=\"wp-caption alignright\"><a href=\"https:\/\/almkullens.se\/wp-content\/uploads\/2014\/10\/IMG_5732.jpg\" rel=\"lightbox[4552]\"><img loading=\"lazy\" decoding=\"async\" class=\"size-medium wp-image-4397\" src=\"https:\/\/almkullens.se\/wp-content\/uploads\/2014\/10\/IMG_5732-300x199.jpg\" alt=\"P\u00e5lamalmens Elva\" width=\"300\" height=\"199\" srcset=\"https:\/\/almkullens.se\/wp-content\/uploads\/2014\/10\/IMG_5732-300x199.jpg 300w, https:\/\/almkullens.se\/wp-content\/uploads\/2014\/10\/IMG_5732-1024x682.jpg 1024w, https:\/\/almkullens.se\/wp-content\/uploads\/2014\/10\/IMG_5732.jpg 2048w\" sizes=\"auto, (max-width: 300px) 100vw, 300px\" \/><\/a><figcaption id=\"caption-attachment-4397\" class=\"wp-caption-text\">P\u00e5lamalmens Elva<\/figcaption><\/figure>\n<p>Vi planerar att para P\u00e5lamalmens Elva med <a href=\"http:\/\/www.livredelevage.net\/fr\/livre\/fiche\/?elem_liste=39911\">Bob Des Landes Du Pech<\/a>.<\/p>\n<p>Bob finns i Frankrike d\u00e4r han \u00e4r en godk\u00e4nd avelshane. Han har HD: A och \u00e4r en svart tricolor.<\/p>\n<p>Han har JaktChampiontitlar p\u00e5 b\u00e5de v\u00e5rprov, h\u00f6stprov och p\u00e5 vildf\u00e5gel. Han \u00e4r \u00e4ven inernationell Utst\u00e4llningsChampion\u00a0x2.<\/p>\n<dl id=\"attachment_4549\" class=\"wp-caption alignleft\" style=\"width: 310px;\">\n<dt class=\"wp-caption-dt\"><a href=\"https:\/\/almkullens.se\/wp-content\/uploads\/2010\/07\/BOB-DES-LANDES-DU-PECH-1.jpg\" rel=\"lightbox[4552]\"><img loading=\"lazy\" decoding=\"async\" class=\"size-medium wp-image-4549\" src=\"https:\/\/almkullens.se\/wp-content\/uploads\/2010\/07\/BOB-DES-LANDES-DU-PECH-1-300x287.jpg\" alt=\"BOB DES LANDES DU PECH\" width=\"300\" height=\"287\" srcset=\"https:\/\/almkullens.se\/wp-content\/uploads\/2010\/07\/BOB-DES-LANDES-DU-PECH-1-300x287.jpg 300w, https:\/\/almkullens.se\/wp-content\/uploads\/2010\/07\/BOB-DES-LANDES-DU-PECH-1.jpg 800w\" sizes=\"auto, (max-width: 300px) 100vw, 300px\" \/><\/a><\/dt>\n<dd class=\"wp-caption-dd\">BOB DES LANDES DU PECH<\/dd>\n<\/dl>\n<p>Elva ska l\u00f6pa f\u00f6re\u00a0jul om hon f\u00f6ljer sina tidigare m\u00f6nster och vi kommer d\u00e5 att \u00e5ka ner till Frankrike f\u00f6r parning.<\/p>\n<p><a href=\"http:\/\/delacousquille.chiens-de-france.com\/site_eleveur\/index.php?rub=chiens&amp;page=fiche&amp;ID_ELEVEUR=33907&amp;ID_SITE=36228&amp;ID_CHIEN=620107&amp;TABLE=t_chien_03&amp;TITRE=\">H\u00e4r<\/a> \u00e4r en annan sida som det st\u00e5r vilka titlar som Bob har, flera bilder osv.<\/p>\n<p>F\u00f6r mer info om Elva g\u00e5 in p\u00e5 hennes sida <a href=\"https:\/\/almkullens.se\/?page_id=368\">SE JCH SE UCH P\u00e5lamalmens Elva<\/a>.<\/p>\n<p>Intresserad? skicka mail till <a href=\"mailto:almkullens@gmail.com\">almkullens@gmail.com<\/a>\u00a0Du kan ocks\u00e5 ringa Peter 0703334566 eller Johanna 0730542880<a href=\"https:\/\/almkullens.se\/wp-content\/uploads\/2010\/07\/Stamtavla-Elva-Bob-valp.jpg\" rel=\"lightbox[4552]\"><img loading=\"lazy\" decoding=\"async\" class=\"alignright size-thumbnail wp-image-4550\" src=\"https:\/\/almkullens.se\/wp-content\/uploads\/2010\/07\/Stamtavla-Elva-Bob-valp-150x150.jpg\" alt=\"Stamtavla Elva-Bob valp\" width=\"150\" height=\"150\" \/><\/a><\/p>\n","protected":false},"excerpt":{"rendered":"<p>Vi planerar att para P\u00e5lamalmens Elva med Bob Des Landes Du Pech. Bob finns i Frankrike d\u00e4r han \u00e4r en godk\u00e4nd avelshane. Han har HD: A och \u00e4r en svart tricolor. Han har JaktChampiontitlar p\u00e5 b\u00e5de v\u00e5rprov, h\u00f6stprov och p\u00e5 vildf\u00e5gel. Han \u00e4r \u00e4ven inernationell Utst\u00e4llningsChampion\u00a0x2. BOB DES LANDES DU PECH Elva ska l\u00f6pa f\u00f6re\u00a0jul [&hellip;]<\/p>\n","protected":false},"author":1,"featured_media":0,"comment_status":"open","ping_status":"open","sticky":false,"template":"","format":"standard","meta":{"_crdt_document":"","advgb_blocks_editor_width":"","advgb_blocks_columns_visual_guide":"","_jetpack_memberships_contains_paid_content":false,"footnotes":""},"categories":[1],"tags":[],"class_list":["post-4552","post","type-post","status-publish","format-standard","hentry","category-hem","entry"],"author_meta":{"display_name":"Peter &amp; Johanna","author_link":"https:\/\/almkullens.se\/?author=1"},"featured_img":null,"jetpack_featured_media_url":"","coauthors":[],"tax_additional":{"categories":{"linked":["<a href=\"https:\/\/almkullens.se\/?cat=1\" class=\"advgb-post-tax-term\">Hem<\/a>"],"unlinked":["<span class=\"advgb-post-tax-term\">Hem<\/span>"]}},"comment_count":"3","relative_dates":{"created":"Publicerad 12 \u00e5r sedan","modified":"Uppdaterad 12 \u00e5r sedan"},"absolute_dates":{"created":"Publicerat den 22 oktober, 2014","modified":"Uppdaterad den 22 oktober, 2014"},"absolute_dates_time":{"created":"Publicerat den 22 oktober, 2014 14:30","modified":"Uppdaterad den 22 oktober, 2014 14:30"},"featured_img_caption":"","series_order":"","jetpack_sharing_enabled":true,"_links":{"self":[{"href":"https:\/\/almkullens.se\/index.php?rest_route=\/wp\/v2\/posts\/4552","targetHints":{"allow":["GET"]}}],"collection":[{"href":"https:\/\/almkullens.se\/index.php?rest_route=\/wp\/v2\/posts"}],"about":[{"href":"https:\/\/almkullens.se\/index.php?rest_route=\/wp\/v2\/types\/post"}],"author":[{"embeddable":true,"href":"https:\/\/almkullens.se\/index.php?rest_route=\/wp\/v2\/users\/1"}],"replies":[{"embeddable":true,"href":"https:\/\/almkullens.se\/index.php?rest_route=%2Fwp%2Fv2%2Fcomments&post=4552"}],"version-history":[{"count":2,"href":"https:\/\/almkullens.se\/index.php?rest_route=\/wp\/v2\/posts\/4552\/revisions"}],"predecessor-version":[{"id":4554,"href":"https:\/\/almkullens.se\/index.php?rest_route=\/wp\/v2\/posts\/4552\/revisions\/4554"}],"wp:attachment":[{"href":"https:\/\/almkullens.se\/index.php?rest_route=%2Fwp%2Fv2%2Fmedia&parent=4552"}],"wp:term":[{"taxonomy":"category","embeddable":true,"href":"https:\/\/almkullens.se\/index.php?rest_route=%2Fwp%2Fv2%2Fcategories&post=4552"},{"taxonomy":"post_tag","embeddable":true,"href":"https:\/\/almkullens.se\/index.php?rest_route=%2Fwp%2Fv2%2Ftags&post=4552"}],"curies":[{"name":"wp","href":"https:\/\/api.w.org\/{rel}","templated":true}]}}