{"id":4538,"date":"2014-10-20T22:10:42","date_gmt":"2014-10-20T20:10:42","guid":{"rendered":"http:\/\/almkullens.se\/?p=4538"},"modified":"2014-10-20T22:10:42","modified_gmt":"2014-10-20T20:10:42","slug":"coda-igen","status":"publish","type":"post","link":"https:\/\/almkullens.se\/?p=4538","title":{"rendered":"Coda igen!"},"content":{"rendered":"<p><a href=\"https:\/\/almkullens.se\/wp-content\/uploads\/2014\/10\/IMG_1025.jpg\" rel=\"lightbox[4538]\"><img loading=\"lazy\" decoding=\"async\" class=\"alignright size-medium wp-image-4299\" src=\"https:\/\/almkullens.se\/wp-content\/uploads\/2014\/10\/IMG_1025-300x199.jpg\" alt=\"Almkullens Coda\" width=\"300\" height=\"199\" srcset=\"https:\/\/almkullens.se\/wp-content\/uploads\/2014\/10\/IMG_1025-300x199.jpg 300w, https:\/\/almkullens.se\/wp-content\/uploads\/2014\/10\/IMG_1025-1024x682.jpg 1024w, https:\/\/almkullens.se\/wp-content\/uploads\/2014\/10\/IMG_1025.jpg 2048w\" sizes=\"auto, (max-width: 300px) 100vw, 300px\" \/><\/a>Mirjam och Coda tog ytterligare ett 2 pris i Ukl p\u00e5 s\u00f6ndagen, och vi \u00e4r f\u00f6rst\u00e5s b\u00e5de glada och stolta \u00f6ver v\u00e5ra duktiga valpk\u00f6pare!<\/p>\n<p>Peter och Elva har gett sig iv\u00e4g ner till Italien och jag h\u00e5ller tummarna inf\u00f6r Medelhavscupen som startar p\u00e5 onsdag!<\/p>\n<figure id=\"attachment_4525\" aria-describedby=\"caption-attachment-4525\" style=\"width: 300px\" class=\"wp-caption alignleft\"><a href=\"https:\/\/almkullens.se\/wp-content\/uploads\/2014\/10\/received_793647247347921.jpeg\" rel=\"lightbox[4538]\"><img loading=\"lazy\" decoding=\"async\" class=\"size-medium wp-image-4525\" src=\"https:\/\/almkullens.se\/wp-content\/uploads\/2014\/10\/received_793647247347921-300x225.jpeg\" alt=\"Almkullens Ebba Foto: Karin Eriksson\" width=\"300\" height=\"225\" srcset=\"https:\/\/almkullens.se\/wp-content\/uploads\/2014\/10\/received_793647247347921-300x225.jpeg 300w, https:\/\/almkullens.se\/wp-content\/uploads\/2014\/10\/received_793647247347921.jpeg 960w\" sizes=\"auto, (max-width: 300px) 100vw, 300px\" \/><\/a><figcaption id=\"caption-attachment-4525\" class=\"wp-caption-text\">Almkullens Ebba Foto: Karin Eriksson<\/figcaption><\/figure>\n<p>Vi har ocks\u00e5 f\u00e5tt en h\u00e4lsning fr\u00e5n Karin Eriksson\u00a0som skickade med\u00a0bilder p\u00e5 hennes Almkullens Ebba, och visst ser hon fin ut!<\/p>\n<p>&nbsp;<\/p>\n","protected":false},"excerpt":{"rendered":"<p>Mirjam och Coda tog ytterligare ett 2 pris i Ukl p\u00e5 s\u00f6ndagen, och vi \u00e4r f\u00f6rst\u00e5s b\u00e5de glada och stolta \u00f6ver v\u00e5ra duktiga valpk\u00f6pare! Peter och Elva har gett sig iv\u00e4g ner till Italien och jag h\u00e5ller tummarna inf\u00f6r Medelhavscupen som startar p\u00e5 onsdag! Vi har ocks\u00e5 f\u00e5tt en h\u00e4lsning fr\u00e5n Karin Eriksson\u00a0som skickade med\u00a0bilder [&hellip;]<\/p>\n","protected":false},"author":1,"featured_media":0,"comment_status":"open","ping_status":"open","sticky":false,"template":"","format":"standard","meta":{"_crdt_document":"","advgb_blocks_editor_width":"","advgb_blocks_columns_visual_guide":"","_jetpack_memberships_contains_paid_content":false,"footnotes":""},"categories":[1],"tags":[],"class_list":["post-4538","post","type-post","status-publish","format-standard","hentry","category-hem","entry"],"author_meta":{"display_name":"Peter &amp; Johanna","author_link":"https:\/\/almkullens.se\/?author=1"},"featured_img":null,"jetpack_featured_media_url":"","coauthors":[],"tax_additional":{"categories":{"linked":["<a href=\"https:\/\/almkullens.se\/?cat=1\" class=\"advgb-post-tax-term\">Hem<\/a>"],"unlinked":["<span class=\"advgb-post-tax-term\">Hem<\/span>"]}},"comment_count":"0","relative_dates":{"created":"Publicerad 12 \u00e5r sedan","modified":"Uppdaterad 12 \u00e5r sedan"},"absolute_dates":{"created":"Publicerat den 20 oktober, 2014","modified":"Uppdaterad den 20 oktober, 2014"},"absolute_dates_time":{"created":"Publicerat den 20 oktober, 2014 22:10","modified":"Uppdaterad den 20 oktober, 2014 22:10"},"featured_img_caption":"","series_order":"","jetpack_sharing_enabled":true,"_links":{"self":[{"href":"https:\/\/almkullens.se\/index.php?rest_route=\/wp\/v2\/posts\/4538","targetHints":{"allow":["GET"]}}],"collection":[{"href":"https:\/\/almkullens.se\/index.php?rest_route=\/wp\/v2\/posts"}],"about":[{"href":"https:\/\/almkullens.se\/index.php?rest_route=\/wp\/v2\/types\/post"}],"author":[{"embeddable":true,"href":"https:\/\/almkullens.se\/index.php?rest_route=\/wp\/v2\/users\/1"}],"replies":[{"embeddable":true,"href":"https:\/\/almkullens.se\/index.php?rest_route=%2Fwp%2Fv2%2Fcomments&post=4538"}],"version-history":[{"count":1,"href":"https:\/\/almkullens.se\/index.php?rest_route=\/wp\/v2\/posts\/4538\/revisions"}],"predecessor-version":[{"id":4539,"href":"https:\/\/almkullens.se\/index.php?rest_route=\/wp\/v2\/posts\/4538\/revisions\/4539"}],"wp:attachment":[{"href":"https:\/\/almkullens.se\/index.php?rest_route=%2Fwp%2Fv2%2Fmedia&parent=4538"}],"wp:term":[{"taxonomy":"category","embeddable":true,"href":"https:\/\/almkullens.se\/index.php?rest_route=%2Fwp%2Fv2%2Fcategories&post=4538"},{"taxonomy":"post_tag","embeddable":true,"href":"https:\/\/almkullens.se\/index.php?rest_route=%2Fwp%2Fv2%2Ftags&post=4538"}],"curies":[{"name":"wp","href":"https:\/\/api.w.org\/{rel}","templated":true}]}}