{"id":4239,"date":"2014-09-26T10:42:21","date_gmt":"2014-09-26T08:42:21","guid":{"rendered":"http:\/\/almkullens.se\/?p=4239"},"modified":"2014-09-26T12:45:01","modified_gmt":"2014-09-26T10:45:01","slug":"vm-uttagning","status":"publish","type":"post","link":"https:\/\/almkullens.se\/?p=4239","title":{"rendered":"VM-uttagning"},"content":{"rendered":"<figure id=\"attachment_4235\" aria-describedby=\"caption-attachment-4235\" style=\"width: 300px\" class=\"wp-caption alignright\"><a href=\"https:\/\/almkullens.se\/wp-content\/uploads\/2014\/09\/IMG_0598.jpg\" rel=\"lightbox[4239]\"><img loading=\"lazy\" decoding=\"async\" class=\"size-medium wp-image-4235\" src=\"https:\/\/almkullens.se\/wp-content\/uploads\/2014\/09\/IMG_0598-300x199.jpg\" alt=\"P\u00e5lamalmens Elva\" width=\"300\" height=\"199\" srcset=\"https:\/\/almkullens.se\/wp-content\/uploads\/2014\/09\/IMG_0598-300x199.jpg 300w, https:\/\/almkullens.se\/wp-content\/uploads\/2014\/09\/IMG_0598-1024x682.jpg 1024w, https:\/\/almkullens.se\/wp-content\/uploads\/2014\/09\/IMG_0598.jpg 2048w\" sizes=\"auto, (max-width: 300px) 100vw, 300px\" \/><\/a><figcaption id=\"caption-attachment-4235\" class=\"wp-caption-text\">P\u00e5lamalmens Elva<\/figcaption><\/figure>\n<p>I m\u00e5ndags var det uttagning till VM i Toscana\u00a02014. Peter \u00e5kte till L\u00e5ngtora d\u00e4r uttagningen var med Elva och Aska, det var gl\u00e4djande nog hela 15 ekipage som\u00a0var med och t\u00e4vlade om de 4 platserna (+ en reserv).<\/p>\n<p>Peter och Elva vann uttagningen! och med Aska s\u00e5\u00a0blev det en 7 placering, inte s\u00e5 illa det heller \ud83d\ude42<\/p>\n<p>S\u00e5 nu h\u00e5ller vi tummarna f\u00f6r att det skall g\u00e5 bra f\u00f6r v\u00e5rt svenska lag i Italien i slutet av\u00a0Oktober!<\/p>\n","protected":false},"excerpt":{"rendered":"<p>I m\u00e5ndags var det uttagning till VM i Toscana\u00a02014. Peter \u00e5kte till L\u00e5ngtora d\u00e4r uttagningen var med Elva och Aska, det var gl\u00e4djande nog hela 15 ekipage som\u00a0var med och t\u00e4vlade om de 4 platserna (+ en reserv). Peter och Elva vann uttagningen! och med Aska s\u00e5\u00a0blev det en 7 placering, inte s\u00e5 illa det [&hellip;]<\/p>\n","protected":false},"author":1,"featured_media":0,"comment_status":"open","ping_status":"open","sticky":false,"template":"","format":"standard","meta":{"_crdt_document":"","advgb_blocks_editor_width":"","advgb_blocks_columns_visual_guide":"","_jetpack_memberships_contains_paid_content":false,"footnotes":""},"categories":[1],"tags":[],"class_list":["post-4239","post","type-post","status-publish","format-standard","hentry","category-hem","entry"],"author_meta":{"display_name":"Peter &amp; Johanna","author_link":"https:\/\/almkullens.se\/?author=1"},"featured_img":null,"jetpack_featured_media_url":"","coauthors":[],"tax_additional":{"categories":{"linked":["<a href=\"https:\/\/almkullens.se\/?cat=1\" class=\"advgb-post-tax-term\">Hem<\/a>"],"unlinked":["<span class=\"advgb-post-tax-term\">Hem<\/span>"]}},"comment_count":"1","relative_dates":{"created":"Publicerad 12 \u00e5r sedan","modified":"Uppdaterad 12 \u00e5r sedan"},"absolute_dates":{"created":"Publicerat den 26 september, 2014","modified":"Uppdaterad den 26 september, 2014"},"absolute_dates_time":{"created":"Publicerat den 26 september, 2014 10:42","modified":"Uppdaterad den 26 september, 2014 12:45"},"featured_img_caption":"","series_order":"","jetpack_sharing_enabled":true,"_links":{"self":[{"href":"https:\/\/almkullens.se\/index.php?rest_route=\/wp\/v2\/posts\/4239","targetHints":{"allow":["GET"]}}],"collection":[{"href":"https:\/\/almkullens.se\/index.php?rest_route=\/wp\/v2\/posts"}],"about":[{"href":"https:\/\/almkullens.se\/index.php?rest_route=\/wp\/v2\/types\/post"}],"author":[{"embeddable":true,"href":"https:\/\/almkullens.se\/index.php?rest_route=\/wp\/v2\/users\/1"}],"replies":[{"embeddable":true,"href":"https:\/\/almkullens.se\/index.php?rest_route=%2Fwp%2Fv2%2Fcomments&post=4239"}],"version-history":[{"count":4,"href":"https:\/\/almkullens.se\/index.php?rest_route=\/wp\/v2\/posts\/4239\/revisions"}],"predecessor-version":[{"id":4249,"href":"https:\/\/almkullens.se\/index.php?rest_route=\/wp\/v2\/posts\/4239\/revisions\/4249"}],"wp:attachment":[{"href":"https:\/\/almkullens.se\/index.php?rest_route=%2Fwp%2Fv2%2Fmedia&parent=4239"}],"wp:term":[{"taxonomy":"category","embeddable":true,"href":"https:\/\/almkullens.se\/index.php?rest_route=%2Fwp%2Fv2%2Fcategories&post=4239"},{"taxonomy":"post_tag","embeddable":true,"href":"https:\/\/almkullens.se\/index.php?rest_route=%2Fwp%2Fv2%2Ftags&post=4239"}],"curies":[{"name":"wp","href":"https:\/\/api.w.org\/{rel}","templated":true}]}}