{"id":4041,"date":"2014-09-08T21:51:41","date_gmt":"2014-09-08T19:51:41","guid":{"rendered":"http:\/\/almkullens.se\/?p=4041"},"modified":"2014-09-08T21:51:41","modified_gmt":"2014-09-08T19:51:41","slug":"fjallprov","status":"publish","type":"post","link":"https:\/\/almkullens.se\/?p=4041","title":{"rendered":"Fj\u00e4llprov"},"content":{"rendered":"<figure id=\"attachment_4042\" aria-describedby=\"caption-attachment-4042\" style=\"width: 300px\" class=\"wp-caption alignright\"><a href=\"https:\/\/almkullens.se\/wp-content\/uploads\/2014\/09\/DSC_000001.jpg\" rel=\"lightbox[4041]\"><img loading=\"lazy\" decoding=\"async\" class=\"size-medium wp-image-4042\" src=\"https:\/\/almkullens.se\/wp-content\/uploads\/2014\/09\/DSC_000001-300x168.jpg\" alt=\"Peter och Demi\" width=\"300\" height=\"168\" srcset=\"https:\/\/almkullens.se\/wp-content\/uploads\/2014\/09\/DSC_000001-300x168.jpg 300w, https:\/\/almkullens.se\/wp-content\/uploads\/2014\/09\/DSC_000001-1024x576.jpg 1024w\" sizes=\"auto, (max-width: 300px) 100vw, 300px\" \/><\/a><figcaption id=\"caption-attachment-4042\" class=\"wp-caption-text\">Peter och Demi<\/figcaption><\/figure>\n<p>I helgen var vi uppe i ett sommarvarmt\u00a0Mitt\u00e5dalen f\u00f6r att g\u00e5 p\u00e5 Weimaranerklubbens fj\u00e4llprov med v\u00e5r unghund Almkullens Demi, domare var Lars Karlsson. Peter f\u00f6rde och Demi sk\u00f6tte sig utm\u00e4rkt!<\/p>\n<figure id=\"attachment_4043\" aria-describedby=\"caption-attachment-4043\" style=\"width: 300px\" class=\"wp-caption alignleft\"><a href=\"https:\/\/almkullens.se\/wp-content\/uploads\/2014\/09\/DSC_0114.jpg\" rel=\"lightbox[4041]\"><img loading=\"lazy\" decoding=\"async\" class=\"size-medium wp-image-4043\" src=\"https:\/\/almkullens.se\/wp-content\/uploads\/2014\/09\/DSC_0114-300x168.jpg\" alt=\"Jaktprov i Mitt\u00e5dalen\" width=\"300\" height=\"168\" srcset=\"https:\/\/almkullens.se\/wp-content\/uploads\/2014\/09\/DSC_0114-300x168.jpg 300w, https:\/\/almkullens.se\/wp-content\/uploads\/2014\/09\/DSC_0114-1024x576.jpg 1024w\" sizes=\"auto, (max-width: 300px) 100vw, 300px\" \/><\/a><figcaption id=\"caption-attachment-4043\" class=\"wp-caption-text\">Jaktprov i Mitt\u00e5dalen<\/figcaption><\/figure>\n<p>1:a pris Ukl p\u00e5 Fj\u00e4ll kan hon stoltsera med nu!<\/p>\n<p>Peter och Demi startade \u00e4ven p\u00e5 s\u00f6ndagen och fick g\u00e5 i n\u00e4ra 2 timmar, hennes sista sl\u00e4pp var p\u00e5 1 tim! Men f\u00e5glarna var tyv\u00e4rr inte hemma, gl\u00e4djande \u00e4r\u00a0dock att hon sprang p\u00e5 och s\u00f6kte bra hela tiden!<\/p>\n","protected":false},"excerpt":{"rendered":"<p>I helgen var vi uppe i ett sommarvarmt\u00a0Mitt\u00e5dalen f\u00f6r att g\u00e5 p\u00e5 Weimaranerklubbens fj\u00e4llprov med v\u00e5r unghund Almkullens Demi, domare var Lars Karlsson. Peter f\u00f6rde och Demi sk\u00f6tte sig utm\u00e4rkt! 1:a pris Ukl p\u00e5 Fj\u00e4ll kan hon stoltsera med nu! Peter och Demi startade \u00e4ven p\u00e5 s\u00f6ndagen och fick g\u00e5 i n\u00e4ra 2 timmar, hennes [&hellip;]<\/p>\n","protected":false},"author":1,"featured_media":0,"comment_status":"open","ping_status":"open","sticky":false,"template":"","format":"standard","meta":{"_crdt_document":"","advgb_blocks_editor_width":"","advgb_blocks_columns_visual_guide":"","_jetpack_memberships_contains_paid_content":false,"footnotes":""},"categories":[1],"tags":[],"class_list":["post-4041","post","type-post","status-publish","format-standard","hentry","category-hem","entry"],"author_meta":{"display_name":"Peter &amp; Johanna","author_link":"https:\/\/almkullens.se\/?author=1"},"featured_img":null,"jetpack_featured_media_url":"","coauthors":[],"tax_additional":{"categories":{"linked":["<a href=\"https:\/\/almkullens.se\/?cat=1\" class=\"advgb-post-tax-term\">Hem<\/a>"],"unlinked":["<span class=\"advgb-post-tax-term\">Hem<\/span>"]}},"comment_count":"0","relative_dates":{"created":"Publicerad 12 \u00e5r sedan","modified":"Uppdaterad 12 \u00e5r sedan"},"absolute_dates":{"created":"Publicerat den 8 september, 2014","modified":"Uppdaterad den 8 september, 2014"},"absolute_dates_time":{"created":"Publicerat den 8 september, 2014 21:51","modified":"Uppdaterad den 8 september, 2014 21:51"},"featured_img_caption":"","series_order":"","jetpack_sharing_enabled":true,"_links":{"self":[{"href":"https:\/\/almkullens.se\/index.php?rest_route=\/wp\/v2\/posts\/4041","targetHints":{"allow":["GET"]}}],"collection":[{"href":"https:\/\/almkullens.se\/index.php?rest_route=\/wp\/v2\/posts"}],"about":[{"href":"https:\/\/almkullens.se\/index.php?rest_route=\/wp\/v2\/types\/post"}],"author":[{"embeddable":true,"href":"https:\/\/almkullens.se\/index.php?rest_route=\/wp\/v2\/users\/1"}],"replies":[{"embeddable":true,"href":"https:\/\/almkullens.se\/index.php?rest_route=%2Fwp%2Fv2%2Fcomments&post=4041"}],"version-history":[{"count":3,"href":"https:\/\/almkullens.se\/index.php?rest_route=\/wp\/v2\/posts\/4041\/revisions"}],"predecessor-version":[{"id":4046,"href":"https:\/\/almkullens.se\/index.php?rest_route=\/wp\/v2\/posts\/4041\/revisions\/4046"}],"wp:attachment":[{"href":"https:\/\/almkullens.se\/index.php?rest_route=%2Fwp%2Fv2%2Fmedia&parent=4041"}],"wp:term":[{"taxonomy":"category","embeddable":true,"href":"https:\/\/almkullens.se\/index.php?rest_route=%2Fwp%2Fv2%2Fcategories&post=4041"},{"taxonomy":"post_tag","embeddable":true,"href":"https:\/\/almkullens.se\/index.php?rest_route=%2Fwp%2Fv2%2Ftags&post=4041"}],"curies":[{"name":"wp","href":"https:\/\/api.w.org\/{rel}","templated":true}]}}