{"id":3854,"date":"2014-07-22T08:55:35","date_gmt":"2014-07-22T06:55:35","guid":{"rendered":"http:\/\/almkullens.se\/?p=3854"},"modified":"2014-07-22T08:55:35","modified_gmt":"2014-07-22T06:55:35","slug":"sommartraff-i-vastsverige","status":"publish","type":"post","link":"https:\/\/almkullens.se\/?p=3854","title":{"rendered":"Sommartr\u00e4ff i V\u00e4stsverige"},"content":{"rendered":"<div style=\"color: #222222;\">\n<figure id=\"attachment_3368\" aria-describedby=\"caption-attachment-3368\" style=\"width: 300px\" class=\"wp-caption alignright\"><a href=\"https:\/\/almkullens.se\/wp-content\/uploads\/2014\/04\/Bretontr\u00e4ff-038.jpg\" rel=\"lightbox[3854]\"><img loading=\"lazy\" decoding=\"async\" class=\"size-medium wp-image-3368\" src=\"https:\/\/almkullens.se\/wp-content\/uploads\/2014\/04\/Bretontr\u00e4ff-038-300x200.jpg\" alt=\"Mirjam &amp; Coda\" width=\"300\" height=\"200\" srcset=\"https:\/\/almkullens.se\/wp-content\/uploads\/2014\/04\/Bretontr\u00e4ff-038-300x200.jpg 300w, https:\/\/almkullens.se\/wp-content\/uploads\/2014\/04\/Bretontr\u00e4ff-038-1024x682.jpg 1024w, https:\/\/almkullens.se\/wp-content\/uploads\/2014\/04\/Bretontr\u00e4ff-038.jpg 1200w\" sizes=\"auto, (max-width: 300px) 100vw, 300px\" \/><\/a><figcaption id=\"caption-attachment-3368\" class=\"wp-caption-text\">Lite dressyr, h\u00e4r \u00e4r det Mirjam &amp; Coda som tr\u00e4nar.<\/figcaption><\/figure>\n<\/div>\n<div style=\"color: #222222;\">Vi t\u00e4nkte dra ihop lite folk och hundar till en sommartr\u00e4ff.<\/div>\n<div style=\"color: #222222;\"><\/div>\n<div style=\"color: #222222;\"><b>Samling:<\/b>\u00a0\u00a0S\u00f6ndagen 3\/8 \u00a0 Kl. 10.00 &#8211; Ca:14.00<\/div>\n<div style=\"color: #222222;\"><b>Var:\u00a0<\/b>\u00a0 Hemma hos Peter och Johanna i V\u00e4neryr<\/div>\n<div style=\"color: #222222;\"><b>Vad ska vi g\u00f6ra:<\/b>\u00a0\u00a0Tr\u00e4na lite med v\u00e5ra hundar och ha det gott tillsammans.<\/div>\n<div style=\"color: #222222;\"><b>Kostnad:<\/b>\u00a0Ett gott hum\u00f6r och n\u00e5gra timmar av er fritid.<\/div>\n<div style=\"color: #222222;\"><\/div>\n<div style=\"color: #222222;\"><b>Krav:<\/b>\u00a0Att ni mailar eller ringer om ni vill vara med senast Fredagen 1\/8 s\u00e5 att vi vet hur m\u00e5nga som vi blir.. \ud83d\ude42<\/div>\n<div style=\"color: #222222;\"><\/div>\n<div style=\"color: #222222;\"><b>Gl\u00f6m inte att ta med ett dressyrkoppel, och fika.<\/b>.<\/div>\n<div style=\"color: #222222;\"><\/div>\n<div style=\"color: #222222;\">Alla fr\u00e5n alla regioner \u00e4r naturligtvis v\u00e4lkomna att vara med f\u00f6r det \u00e4r ju inte ot\u00e4nkbart att det finns n\u00e5gra semesterfirare fr\u00e5n \u00f6vriga delar av Sverige som irrat sig hit i n\u00e4rheten av V\u00e4stkusten&#8230;.<\/div>\n<div style=\"color: #222222;\"><\/div>\n<div style=\"color: #222222;\"><b>V\u00e4ldigt V\u00e4lkomna<\/b><\/div>\n<p>&nbsp;<\/p>\n","protected":false},"excerpt":{"rendered":"<p>Vi t\u00e4nkte dra ihop lite folk och hundar till en sommartr\u00e4ff. Samling:\u00a0\u00a0S\u00f6ndagen 3\/8 \u00a0 Kl. 10.00 &#8211; Ca:14.00 Var:\u00a0\u00a0 Hemma hos Peter och Johanna i V\u00e4neryr Vad ska vi g\u00f6ra:\u00a0\u00a0Tr\u00e4na lite med v\u00e5ra hundar och ha det gott tillsammans. Kostnad:\u00a0Ett gott hum\u00f6r och n\u00e5gra timmar av er fritid. Krav:\u00a0Att ni mailar eller ringer om ni [&hellip;]<\/p>\n","protected":false},"author":1,"featured_media":0,"comment_status":"open","ping_status":"open","sticky":false,"template":"","format":"standard","meta":{"_crdt_document":"","advgb_blocks_editor_width":"","advgb_blocks_columns_visual_guide":"","_jetpack_memberships_contains_paid_content":false,"footnotes":""},"categories":[1],"tags":[],"class_list":["post-3854","post","type-post","status-publish","format-standard","hentry","category-hem","entry"],"author_meta":{"display_name":"Peter &amp; Johanna","author_link":"https:\/\/almkullens.se\/?author=1"},"featured_img":null,"jetpack_featured_media_url":"","coauthors":[],"tax_additional":{"categories":{"linked":["<a href=\"https:\/\/almkullens.se\/?cat=1\" class=\"advgb-post-tax-term\">Hem<\/a>"],"unlinked":["<span class=\"advgb-post-tax-term\">Hem<\/span>"]}},"comment_count":"0","relative_dates":{"created":"Publicerad 12 \u00e5r sedan","modified":"Uppdaterad 12 \u00e5r sedan"},"absolute_dates":{"created":"Publicerat den 22 juli, 2014","modified":"Uppdaterad den 22 juli, 2014"},"absolute_dates_time":{"created":"Publicerat den 22 juli, 2014 08:55","modified":"Uppdaterad den 22 juli, 2014 08:55"},"featured_img_caption":"","series_order":"","jetpack_sharing_enabled":true,"_links":{"self":[{"href":"https:\/\/almkullens.se\/index.php?rest_route=\/wp\/v2\/posts\/3854","targetHints":{"allow":["GET"]}}],"collection":[{"href":"https:\/\/almkullens.se\/index.php?rest_route=\/wp\/v2\/posts"}],"about":[{"href":"https:\/\/almkullens.se\/index.php?rest_route=\/wp\/v2\/types\/post"}],"author":[{"embeddable":true,"href":"https:\/\/almkullens.se\/index.php?rest_route=\/wp\/v2\/users\/1"}],"replies":[{"embeddable":true,"href":"https:\/\/almkullens.se\/index.php?rest_route=%2Fwp%2Fv2%2Fcomments&post=3854"}],"version-history":[{"count":4,"href":"https:\/\/almkullens.se\/index.php?rest_route=\/wp\/v2\/posts\/3854\/revisions"}],"predecessor-version":[{"id":3858,"href":"https:\/\/almkullens.se\/index.php?rest_route=\/wp\/v2\/posts\/3854\/revisions\/3858"}],"wp:attachment":[{"href":"https:\/\/almkullens.se\/index.php?rest_route=%2Fwp%2Fv2%2Fmedia&parent=3854"}],"wp:term":[{"taxonomy":"category","embeddable":true,"href":"https:\/\/almkullens.se\/index.php?rest_route=%2Fwp%2Fv2%2Fcategories&post=3854"},{"taxonomy":"post_tag","embeddable":true,"href":"https:\/\/almkullens.se\/index.php?rest_route=%2Fwp%2Fv2%2Ftags&post=3854"}],"curies":[{"name":"wp","href":"https:\/\/api.w.org\/{rel}","templated":true}]}}