{"id":3653,"date":"2014-07-19T11:07:22","date_gmt":"2014-07-19T09:07:22","guid":{"rendered":"http:\/\/almkullens.se\/?p=3653"},"modified":"2014-07-19T11:07:22","modified_gmt":"2014-07-19T09:07:22","slug":"almkullens-embla","status":"publish","type":"post","link":"https:\/\/almkullens.se\/?p=3653","title":{"rendered":"Almkullens Embla"},"content":{"rendered":"<figure id=\"attachment_3655\" aria-describedby=\"caption-attachment-3655\" style=\"width: 300px\" class=\"wp-caption alignright\"><a href=\"https:\/\/almkullens.se\/wp-content\/uploads\/2014\/07\/IMG_4674.jpg\" rel=\"lightbox[3653]\"><img loading=\"lazy\" decoding=\"async\" class=\"size-medium wp-image-3655\" src=\"https:\/\/almkullens.se\/wp-content\/uploads\/2014\/07\/IMG_4674-300x199.jpg\" alt=\"Almkullens Embla\" width=\"300\" height=\"199\" srcset=\"https:\/\/almkullens.se\/wp-content\/uploads\/2014\/07\/IMG_4674-300x199.jpg 300w, https:\/\/almkullens.se\/wp-content\/uploads\/2014\/07\/IMG_4674-1024x682.jpg 1024w, https:\/\/almkullens.se\/wp-content\/uploads\/2014\/07\/IMG_4674.jpg 2048w\" sizes=\"auto, (max-width: 300px) 100vw, 300px\" \/><\/a><figcaption id=\"caption-attachment-3655\" class=\"wp-caption-text\">Almkullens Embla<\/figcaption><\/figure>\n<p>Helge, Susanne och deras tv\u00e5 bretoner Gaia och Embla kom med b\u00e5t genom\u00a0Trollh\u00e4ttan, d\u00e5 passade vi p\u00e5 att h\u00e4lsa p\u00e5.<\/p>\n<p>Almkullens Embla (Almkullens Aska &#8211;\u00a0Carl D\u2019ar Roc\u2019h Bernez)\u00a0\u00e4r n\u00e4stan\u00a06 m\u00e5nader gammal nu, hon \u00e4r glad och social,\u00a0en mycket trevlig ungtik!<\/p>\n<figure id=\"attachment_3654\" aria-describedby=\"caption-attachment-3654\" style=\"width: 300px\" class=\"wp-caption alignleft\"><a href=\"https:\/\/almkullens.se\/wp-content\/uploads\/2014\/07\/IMG_4661.jpg\" rel=\"lightbox[3653]\"><img loading=\"lazy\" decoding=\"async\" class=\"size-medium wp-image-3654\" src=\"https:\/\/almkullens.se\/wp-content\/uploads\/2014\/07\/IMG_4661-300x199.jpg\" alt=\"Almkullens Embla\" width=\"300\" height=\"199\" srcset=\"https:\/\/almkullens.se\/wp-content\/uploads\/2014\/07\/IMG_4661-300x199.jpg 300w, https:\/\/almkullens.se\/wp-content\/uploads\/2014\/07\/IMG_4661-1024x682.jpg 1024w, https:\/\/almkullens.se\/wp-content\/uploads\/2014\/07\/IMG_4661.jpg 2048w\" sizes=\"auto, (max-width: 300px) 100vw, 300px\" \/><\/a><figcaption id=\"caption-attachment-3654\" class=\"wp-caption-text\">Almkullens Embla<\/figcaption><\/figure>\n<p>&nbsp;<\/p>\n<p>Vi har ju \u00e4ven f\u00e5tt rapporter fr\u00e5n de \u00f6vriga i kullen och alla har det gemensamt att de \u00e4r l\u00e4ttl\u00e4rda trevliga hundar, och det \u00e4r ju alltid kul att h\u00f6ra som uppf\u00f6dare!<\/p>\n","protected":false},"excerpt":{"rendered":"<p>Helge, Susanne och deras tv\u00e5 bretoner Gaia och Embla kom med b\u00e5t genom\u00a0Trollh\u00e4ttan, d\u00e5 passade vi p\u00e5 att h\u00e4lsa p\u00e5. Almkullens Embla (Almkullens Aska &#8211;\u00a0Carl D\u2019ar Roc\u2019h Bernez)\u00a0\u00e4r n\u00e4stan\u00a06 m\u00e5nader gammal nu, hon \u00e4r glad och social,\u00a0en mycket trevlig ungtik! &nbsp; Vi har ju \u00e4ven f\u00e5tt rapporter fr\u00e5n de \u00f6vriga i kullen och alla har [&hellip;]<\/p>\n","protected":false},"author":1,"featured_media":0,"comment_status":"open","ping_status":"open","sticky":false,"template":"","format":"standard","meta":{"_crdt_document":"","advgb_blocks_editor_width":"","advgb_blocks_columns_visual_guide":"","_jetpack_memberships_contains_paid_content":false,"footnotes":""},"categories":[1],"tags":[],"class_list":["post-3653","post","type-post","status-publish","format-standard","hentry","category-hem","entry"],"author_meta":{"display_name":"Peter &amp; Johanna","author_link":"https:\/\/almkullens.se\/?author=1"},"featured_img":null,"jetpack_featured_media_url":"","coauthors":[],"tax_additional":{"categories":{"linked":["<a href=\"https:\/\/almkullens.se\/?cat=1\" class=\"advgb-post-tax-term\">Hem<\/a>"],"unlinked":["<span class=\"advgb-post-tax-term\">Hem<\/span>"]}},"comment_count":"0","relative_dates":{"created":"Publicerad 12 \u00e5r sedan","modified":"Uppdaterad 12 \u00e5r sedan"},"absolute_dates":{"created":"Publicerat den 19 juli, 2014","modified":"Uppdaterad den 19 juli, 2014"},"absolute_dates_time":{"created":"Publicerat den 19 juli, 2014 11:07","modified":"Uppdaterad den 19 juli, 2014 11:07"},"featured_img_caption":"","series_order":"","jetpack_sharing_enabled":true,"_links":{"self":[{"href":"https:\/\/almkullens.se\/index.php?rest_route=\/wp\/v2\/posts\/3653","targetHints":{"allow":["GET"]}}],"collection":[{"href":"https:\/\/almkullens.se\/index.php?rest_route=\/wp\/v2\/posts"}],"about":[{"href":"https:\/\/almkullens.se\/index.php?rest_route=\/wp\/v2\/types\/post"}],"author":[{"embeddable":true,"href":"https:\/\/almkullens.se\/index.php?rest_route=\/wp\/v2\/users\/1"}],"replies":[{"embeddable":true,"href":"https:\/\/almkullens.se\/index.php?rest_route=%2Fwp%2Fv2%2Fcomments&post=3653"}],"version-history":[{"count":3,"href":"https:\/\/almkullens.se\/index.php?rest_route=\/wp\/v2\/posts\/3653\/revisions"}],"predecessor-version":[{"id":3658,"href":"https:\/\/almkullens.se\/index.php?rest_route=\/wp\/v2\/posts\/3653\/revisions\/3658"}],"wp:attachment":[{"href":"https:\/\/almkullens.se\/index.php?rest_route=%2Fwp%2Fv2%2Fmedia&parent=3653"}],"wp:term":[{"taxonomy":"category","embeddable":true,"href":"https:\/\/almkullens.se\/index.php?rest_route=%2Fwp%2Fv2%2Fcategories&post=3653"},{"taxonomy":"post_tag","embeddable":true,"href":"https:\/\/almkullens.se\/index.php?rest_route=%2Fwp%2Fv2%2Ftags&post=3653"}],"curies":[{"name":"wp","href":"https:\/\/api.w.org\/{rel}","templated":true}]}}