{"id":3366,"date":"2014-04-26T17:15:46","date_gmt":"2014-04-26T15:15:46","guid":{"rendered":"http:\/\/almkullens.se\/?p=3366"},"modified":"2014-04-28T18:28:52","modified_gmt":"2014-04-28T16:28:52","slug":"bretontraff-7","status":"publish","type":"post","link":"https:\/\/almkullens.se\/?p=3366","title":{"rendered":"Bretontr\u00e4ff"},"content":{"rendered":"<p style=\"color: #333333;\" align=\"center\"><a href=\"https:\/\/almkullens.se\/wp-content\/uploads\/2014\/04\/Bretontr\u00e4ff-582.jpg\" rel=\"lightbox[3366]\"><img loading=\"lazy\" decoding=\"async\" class=\"alignright wp-image-3383 size-medium\" src=\"https:\/\/almkullens.se\/wp-content\/uploads\/2014\/04\/Bretontr\u00e4ff-582-300x200.jpg\" alt=\"Bretontr\u00e4ff 582\" width=\"300\" height=\"200\" srcset=\"https:\/\/almkullens.se\/wp-content\/uploads\/2014\/04\/Bretontr\u00e4ff-582-300x200.jpg 300w, https:\/\/almkullens.se\/wp-content\/uploads\/2014\/04\/Bretontr\u00e4ff-582-1024x682.jpg 1024w, https:\/\/almkullens.se\/wp-content\/uploads\/2014\/04\/Bretontr\u00e4ff-582.jpg 1200w\" sizes=\"auto, (max-width: 300px) 100vw, 300px\" \/><\/a>N\u00e4r vi 2010 budade till v\u00e5r f\u00f6rsta bretontr\u00e4ff som nybakade regionsombud kom det s\u00e5vitt jag kommer ih\u00e5g fem eller sex hundar med tillh\u00f6rande f\u00f6rare. Vackert s\u00e5 tyckte vi, d\u00e5 det inte fanns allt f\u00f6r m\u00e5nga bretoner h\u00e4r i v\u00e5r omedelbara n\u00e4rhet. V\u00e5r region \u00e4r ju t\u00e4mligen stor m\u00e4tt med s\u00f6rlandsm\u00e5tt och att \u00e5ka allt f\u00f6r l\u00e5ngt tar ju emot f\u00f6r de flesta h\u00e4r nere som bekant.<\/p>\n<p style=\"color: #333333;\"><a href=\"https:\/\/almkullens.se\/wp-content\/uploads\/2014\/04\/Bretontr\u00e4ff-262.jpg\" rel=\"lightbox[3366]\"><img loading=\"lazy\" decoding=\"async\" class=\"alignleft size-medium wp-image-3379\" src=\"https:\/\/almkullens.se\/wp-content\/uploads\/2014\/04\/Bretontr\u00e4ff-262-300x200.jpg\" alt=\"Bretontr\u00e4ff 262\" width=\"300\" height=\"200\" srcset=\"https:\/\/almkullens.se\/wp-content\/uploads\/2014\/04\/Bretontr\u00e4ff-262-300x200.jpg 300w, https:\/\/almkullens.se\/wp-content\/uploads\/2014\/04\/Bretontr\u00e4ff-262-1024x682.jpg 1024w, https:\/\/almkullens.se\/wp-content\/uploads\/2014\/04\/Bretontr\u00e4ff-262.jpg 1200w\" sizes=\"auto, (max-width: 300px) 100vw, 300px\" \/><\/a>Allt eftersom \u00e5ren har g\u00e5tt s\u00e5 har det tillkommit n\u00e5gra hundar\/f\u00f6rare f\u00f6r vart \u00e5r, och till \u00e5rets tr\u00e4ff s\u00e5 kom det gl\u00e4djande nog det hela 16 Bretoner med \u201drespektive\u201d.<\/p>\n<p style=\"color: #333333;\">Att det var \u00e4nnu fler folk \u00e4n hundar tycker vi \u00e4r riktigt skoj f\u00f6r det visar ju att det finns ett stort intresse f\u00f6r rasen, och ett b\u00e4ttre tillf\u00e4lle \u00e4n just annandag p\u00e5sk i \u00e5r att f\u00e5 se en Breton i verkligheten har nog inte funnits p\u00e5 v\u00e4ldans m\u00e5nga \u00e5r h\u00e4r i v\u00e4stra Sverige.<\/p>\n<p style=\"color: #333333;\"><a href=\"https:\/\/almkullens.se\/wp-content\/uploads\/2014\/04\/Bretontr\u00e4ff-038.jpg\" rel=\"lightbox[3366]\"><img loading=\"lazy\" decoding=\"async\" class=\"alignright wp-image-3368 size-medium\" src=\"https:\/\/almkullens.se\/wp-content\/uploads\/2014\/04\/Bretontr\u00e4ff-038-300x200.jpg\" alt=\"Bretontr\u00e4ff 038\" width=\"300\" height=\"200\" srcset=\"https:\/\/almkullens.se\/wp-content\/uploads\/2014\/04\/Bretontr\u00e4ff-038-300x200.jpg 300w, https:\/\/almkullens.se\/wp-content\/uploads\/2014\/04\/Bretontr\u00e4ff-038-1024x682.jpg 1024w, https:\/\/almkullens.se\/wp-content\/uploads\/2014\/04\/Bretontr\u00e4ff-038.jpg 1200w\" sizes=\"auto, (max-width: 300px) 100vw, 300px\" \/><\/a>Vi b\u00f6rjade dagen som vanligt med lite mingel p\u00e5 g\u00e5rdsplanen f\u00f6r att sedan g\u00e5 den st\u00e4ndigt \u00e5terkommande tipspromenaden. I str\u00e5lande sol fick alla som ville knata runt och svara p\u00e5 en del lite kluriga fr\u00e5gor typ\u2026 \u201dHur m\u00e5nga \u00d6l\/ciderburkar det g\u00e5r in i mellersta facket i kylen p\u00e5 v\u00e5r husvagn.\u201d Naturligtvis s\u00e5 var det normala googlingsbara fr\u00e5gor ocks\u00e5, och som segrare p\u00e5 denna lilla fr\u00e5gestund stod Fam. Landholm. \u00a0Som vanligt s\u00e5 var 1:a priset en tr\u00e4ningsdag hos oss fram i h\u00f6st. V\u00e4lkomna..<\/p>\n<p style=\"color: #333333;\"><a href=\"https:\/\/almkullens.se\/wp-content\/uploads\/2014\/04\/Bretontr\u00e4ff-062-2.jpg\" rel=\"lightbox[3366]\"><img loading=\"lazy\" decoding=\"async\" class=\"alignright size-medium wp-image-3371\" src=\"https:\/\/almkullens.se\/wp-content\/uploads\/2014\/04\/Bretontr\u00e4ff-062-2-300x200.jpg\" alt=\"Bretontr\u00e4ff 062-2\" width=\"300\" height=\"200\" srcset=\"https:\/\/almkullens.se\/wp-content\/uploads\/2014\/04\/Bretontr\u00e4ff-062-2-300x200.jpg 300w, https:\/\/almkullens.se\/wp-content\/uploads\/2014\/04\/Bretontr\u00e4ff-062-2-1024x682.jpg 1024w, https:\/\/almkullens.se\/wp-content\/uploads\/2014\/04\/Bretontr\u00e4ff-062-2.jpg 1200w\" sizes=\"auto, (max-width: 300px) 100vw, 300px\" \/><\/a>Vi hade \u00e4ven finbes\u00f6k av en f\u00e4rdig domare och tv\u00e5 stycken blivande domare och dessa var glada att f\u00e5 se s\u00e5 m\u00e5nga hundar p\u00e5 en och samma g\u00e5ng. De fick se hundarna fr\u00e5n alla t\u00e4nkbara vinklar och kl\u00e4mde och k\u00e4nde d\u00e4r de kom \u00e5t\u2026<\/p>\n<p style=\"color: #333333;\">Ett litet kort lydnadspass hade vi ocks\u00e5 och tillslut efter mycket trevligt prat och korvgrillning s\u00e5 blev det den \u00e5rliga apportt\u00e4vligen. Lite grann hade den \u00e4ndrats mot tidigare \u00e5r.. \u00a0(jag h\u00e5ller vad jag lovar)<\/p>\n<p style=\"color: #333333;\"><a href=\"https:\/\/almkullens.se\/wp-content\/uploads\/2014\/04\/Bretontr\u00e4ff-313.jpg\" rel=\"lightbox[3366]\"><img loading=\"lazy\" decoding=\"async\" class=\"alignleft wp-image-3381 size-medium\" src=\"https:\/\/almkullens.se\/wp-content\/uploads\/2014\/04\/Bretontr\u00e4ff-313-300x200.jpg\" alt=\"Bretontr\u00e4ff 313\" width=\"300\" height=\"200\" srcset=\"https:\/\/almkullens.se\/wp-content\/uploads\/2014\/04\/Bretontr\u00e4ff-313-300x200.jpg 300w, https:\/\/almkullens.se\/wp-content\/uploads\/2014\/04\/Bretontr\u00e4ff-313-1024x682.jpg 1024w, https:\/\/almkullens.se\/wp-content\/uploads\/2014\/04\/Bretontr\u00e4ff-313.jpg 1200w\" sizes=\"auto, (max-width: 300px) 100vw, 300px\" \/><\/a>Vi t\u00e4vlade denna g\u00e5ng mot varandra tv\u00e5 och tv\u00e5 och hundarna fick s\u00e5ledes apportera samtidigt, och detta satte griller i skallen p\u00e5 en del. Jag hade t\u00e4nkt st\u00e4lla \u00f6ver Elva i \u00e5r men det blev oj\u00e4mna par s\u00e5 den gamla fick rycka in igen. I sin kvalificeringsomg\u00e5ng s\u00e5 vann hon och gick tillslut till final mot en Springerspaniel. Elva gjorde vad jag hoppades p\u00e5 och efter 2 minuters apportering s\u00e5 stod hon \u00e4nnu en g\u00e5ng som slutsegrare, lite skoj var det att Johanna f\u00f6rde henne denna g\u00e5ng\u2026<\/p>\n<p style=\"color: #333333;\">Vi vill tacka alla som ville vara med och g\u00f6ra denna dag till vad den blev. N\u00e4sta \u00e5r s\u00e5 kanske vi kan locka ytterligare n\u00e5gra\u2026 jag vet att det finns n\u00e5gra hundar till h\u00e4r i v\u00e5rt omr\u00e5de och m\u00e5nga intressenter och konstigt vore annars f\u00f6r Breton hundar \u00e4r ju helt sansl\u00f6st sk\u00f6na..<\/p>\n<p style=\"color: #333333;\">Peter &amp; Johanna<\/p>\n<div id='gallery-1' class='gallery galleryid-3366 gallery-columns-4 gallery-size-thumbnail'><figure class='gallery-item'>\n\t\t\t<div class='gallery-icon landscape'>\n\t\t\t\t<a href='https:\/\/almkullens.se\/wp-content\/uploads\/2014\/04\/Bretontr\u00e4ff-566.jpg' rel=\"lightbox[3366]\"><img loading=\"lazy\" decoding=\"async\" width=\"150\" height=\"150\" src=\"https:\/\/almkullens.se\/wp-content\/uploads\/2014\/04\/Bretontr\u00e4ff-566-150x150.jpg\" class=\"attachment-thumbnail size-thumbnail\" alt=\"\" \/><\/a>\n\t\t\t<\/div><\/figure><figure class='gallery-item'>\n\t\t\t<div class='gallery-icon landscape'>\n\t\t\t\t<a href='https:\/\/almkullens.se\/wp-content\/uploads\/2014\/04\/Bretontr\u00e4ff-300.jpg' rel=\"lightbox[3366]\"><img loading=\"lazy\" decoding=\"async\" width=\"150\" height=\"150\" src=\"https:\/\/almkullens.se\/wp-content\/uploads\/2014\/04\/Bretontr\u00e4ff-300-150x150.jpg\" class=\"attachment-thumbnail size-thumbnail\" alt=\"\" aria-describedby=\"gallery-1-3380\" \/><\/a>\n\t\t\t<\/div>\n\t\t\t\t<figcaption class='wp-caption-text gallery-caption' id='gallery-1-3380'>\n\t\t\t\tDemi &#038; Dustin\n\t\t\t\t<\/figcaption><\/figure><figure class='gallery-item'>\n\t\t\t<div class='gallery-icon landscape'>\n\t\t\t\t<a href='https:\/\/almkullens.se\/wp-content\/uploads\/2014\/04\/Bretontr\u00e4ff-259.jpg' rel=\"lightbox[3366]\"><img loading=\"lazy\" decoding=\"async\" width=\"150\" height=\"150\" src=\"https:\/\/almkullens.se\/wp-content\/uploads\/2014\/04\/Bretontr\u00e4ff-259-150x150.jpg\" class=\"attachment-thumbnail size-thumbnail\" alt=\"\" aria-describedby=\"gallery-1-3378\" \/><\/a>\n\t\t\t<\/div>\n\t\t\t\t<figcaption class='wp-caption-text gallery-caption' id='gallery-1-3378'>\n\t\t\t\tBijou\n\t\t\t\t<\/figcaption><\/figure><figure class='gallery-item'>\n\t\t\t<div class='gallery-icon landscape'>\n\t\t\t\t<a href='https:\/\/almkullens.se\/wp-content\/uploads\/2014\/04\/Bretontr\u00e4ff-239.jpg' rel=\"lightbox[3366]\"><img loading=\"lazy\" decoding=\"async\" width=\"150\" height=\"150\" src=\"https:\/\/almkullens.se\/wp-content\/uploads\/2014\/04\/Bretontr\u00e4ff-239-150x150.jpg\" class=\"attachment-thumbnail size-thumbnail\" alt=\"\" aria-describedby=\"gallery-1-3377\" \/><\/a>\n\t\t\t<\/div>\n\t\t\t\t<figcaption class='wp-caption-text gallery-caption' id='gallery-1-3377'>\n\t\t\t\tStig &#038; Peter B\n\t\t\t\t<\/figcaption><\/figure><figure class='gallery-item'>\n\t\t\t<div class='gallery-icon landscape'>\n\t\t\t\t<a href='https:\/\/almkullens.se\/wp-content\/uploads\/2014\/04\/Bretontr\u00e4ff-223.jpg' rel=\"lightbox[3366]\"><img loading=\"lazy\" decoding=\"async\" width=\"150\" height=\"150\" src=\"https:\/\/almkullens.se\/wp-content\/uploads\/2014\/04\/Bretontr\u00e4ff-223-150x150.jpg\" class=\"attachment-thumbnail size-thumbnail\" alt=\"\" aria-describedby=\"gallery-1-3376\" \/><\/a>\n\t\t\t<\/div>\n\t\t\t\t<figcaption class='wp-caption-text gallery-caption' id='gallery-1-3376'>\n\t\t\t\tFikapaus\n\t\t\t\t<\/figcaption><\/figure><figure class='gallery-item'>\n\t\t\t<div class='gallery-icon landscape'>\n\t\t\t\t<a href='https:\/\/almkullens.se\/wp-content\/uploads\/2014\/04\/Bretontr\u00e4ff-171.jpg' rel=\"lightbox[3366]\"><img loading=\"lazy\" decoding=\"async\" width=\"150\" height=\"150\" src=\"https:\/\/almkullens.se\/wp-content\/uploads\/2014\/04\/Bretontr\u00e4ff-171-150x150.jpg\" class=\"attachment-thumbnail size-thumbnail\" alt=\"\" aria-describedby=\"gallery-1-3375\" \/><\/a>\n\t\t\t<\/div>\n\t\t\t\t<figcaption class='wp-caption-text gallery-caption' id='gallery-1-3375'>\n\t\t\t\tElla &#038; Embla\n\t\t\t\t<\/figcaption><\/figure><figure class='gallery-item'>\n\t\t\t<div class='gallery-icon landscape'>\n\t\t\t\t<a href='https:\/\/almkullens.se\/wp-content\/uploads\/2014\/04\/Bretontr\u00e4ff-111.jpg' rel=\"lightbox[3366]\"><img loading=\"lazy\" decoding=\"async\" width=\"150\" height=\"150\" src=\"https:\/\/almkullens.se\/wp-content\/uploads\/2014\/04\/Bretontr\u00e4ff-111-150x150.jpg\" class=\"attachment-thumbnail size-thumbnail\" alt=\"\" aria-describedby=\"gallery-1-3374\" \/><\/a>\n\t\t\t<\/div>\n\t\t\t\t<figcaption class='wp-caption-text gallery-caption' id='gallery-1-3374'>\n\t\t\t\tElla &#038; Embla\n\t\t\t\t<\/figcaption><\/figure><figure class='gallery-item'>\n\t\t\t<div class='gallery-icon landscape'>\n\t\t\t\t<a href='https:\/\/almkullens.se\/wp-content\/uploads\/2014\/04\/Bretontr\u00e4ff-095.jpg' rel=\"lightbox[3366]\"><img loading=\"lazy\" decoding=\"async\" width=\"150\" height=\"150\" src=\"https:\/\/almkullens.se\/wp-content\/uploads\/2014\/04\/Bretontr\u00e4ff-095-150x150.jpg\" class=\"attachment-thumbnail size-thumbnail\" alt=\"\" aria-describedby=\"gallery-1-3373\" \/><\/a>\n\t\t\t<\/div>\n\t\t\t\t<figcaption class='wp-caption-text gallery-caption' id='gallery-1-3373'>\n\t\t\t\tElla &#038; Embla\n\t\t\t\t<\/figcaption><\/figure><figure class='gallery-item'>\n\t\t\t<div class='gallery-icon landscape'>\n\t\t\t\t<a href='https:\/\/almkullens.se\/wp-content\/uploads\/2014\/04\/Bretontr\u00e4ff-065.jpg' rel=\"lightbox[3366]\"><img loading=\"lazy\" decoding=\"async\" width=\"150\" height=\"150\" src=\"https:\/\/almkullens.se\/wp-content\/uploads\/2014\/04\/Bretontr\u00e4ff-065-150x150.jpg\" class=\"attachment-thumbnail size-thumbnail\" alt=\"\" aria-describedby=\"gallery-1-3372\" \/><\/a>\n\t\t\t<\/div>\n\t\t\t\t<figcaption class='wp-caption-text gallery-caption' id='gallery-1-3372'>\n\t\t\t\tPeter f\u00f6rklarar&#8230;\n\t\t\t\t<\/figcaption><\/figure><figure class='gallery-item'>\n\t\t\t<div class='gallery-icon landscape'>\n\t\t\t\t<a href='https:\/\/almkullens.se\/wp-content\/uploads\/2014\/04\/Bretontr\u00e4ff-047.jpg' rel=\"lightbox[3366]\"><img loading=\"lazy\" decoding=\"async\" width=\"150\" height=\"150\" src=\"https:\/\/almkullens.se\/wp-content\/uploads\/2014\/04\/Bretontr\u00e4ff-047-150x150.jpg\" class=\"attachment-thumbnail size-thumbnail\" alt=\"\" aria-describedby=\"gallery-1-3369\" \/><\/a>\n\t\t\t<\/div>\n\t\t\t\t<figcaption class='wp-caption-text gallery-caption' id='gallery-1-3369'>\n\t\t\t\tHans &#038; Dustin\n\t\t\t\t<\/figcaption><\/figure><figure class='gallery-item'>\n\t\t\t<div class='gallery-icon landscape'>\n\t\t\t\t<a href='https:\/\/almkullens.se\/wp-content\/uploads\/2014\/04\/Almkullens-Dustin.jpg' rel=\"lightbox[3366]\"><img loading=\"lazy\" decoding=\"async\" width=\"150\" height=\"150\" src=\"https:\/\/almkullens.se\/wp-content\/uploads\/2014\/04\/Almkullens-Dustin-150x150.jpg\" class=\"attachment-thumbnail size-thumbnail\" alt=\"\" \/><\/a>\n\t\t\t<\/div><\/figure>\n\t\t<\/div>\n\n","protected":false},"excerpt":{"rendered":"<p>N\u00e4r vi 2010 budade till v\u00e5r f\u00f6rsta bretontr\u00e4ff som nybakade regionsombud kom det s\u00e5vitt jag kommer ih\u00e5g fem eller sex hundar med tillh\u00f6rande f\u00f6rare. Vackert s\u00e5 tyckte vi, d\u00e5 det inte fanns allt f\u00f6r m\u00e5nga bretoner h\u00e4r i v\u00e5r omedelbara n\u00e4rhet. V\u00e5r region \u00e4r ju t\u00e4mligen stor m\u00e4tt med s\u00f6rlandsm\u00e5tt och att \u00e5ka allt f\u00f6r [&hellip;]<\/p>\n","protected":false},"author":1,"featured_media":0,"comment_status":"open","ping_status":"open","sticky":false,"template":"","format":"standard","meta":{"_crdt_document":"","advgb_blocks_editor_width":"","advgb_blocks_columns_visual_guide":"","_jetpack_memberships_contains_paid_content":false,"footnotes":""},"categories":[1],"tags":[],"class_list":["post-3366","post","type-post","status-publish","format-standard","hentry","category-hem","entry"],"author_meta":{"display_name":"Peter &amp; Johanna","author_link":"https:\/\/almkullens.se\/?author=1"},"featured_img":null,"jetpack_featured_media_url":"","coauthors":[],"tax_additional":{"categories":{"linked":["<a href=\"https:\/\/almkullens.se\/?cat=1\" class=\"advgb-post-tax-term\">Hem<\/a>"],"unlinked":["<span class=\"advgb-post-tax-term\">Hem<\/span>"]}},"comment_count":"0","relative_dates":{"created":"Publicerad 12 \u00e5r sedan","modified":"Uppdaterad 12 \u00e5r sedan"},"absolute_dates":{"created":"Publicerat den 26 april, 2014","modified":"Uppdaterad den 28 april, 2014"},"absolute_dates_time":{"created":"Publicerat den 26 april, 2014 17:15","modified":"Uppdaterad den 28 april, 2014 18:28"},"featured_img_caption":"","series_order":"","jetpack_sharing_enabled":true,"_links":{"self":[{"href":"https:\/\/almkullens.se\/index.php?rest_route=\/wp\/v2\/posts\/3366","targetHints":{"allow":["GET"]}}],"collection":[{"href":"https:\/\/almkullens.se\/index.php?rest_route=\/wp\/v2\/posts"}],"about":[{"href":"https:\/\/almkullens.se\/index.php?rest_route=\/wp\/v2\/types\/post"}],"author":[{"embeddable":true,"href":"https:\/\/almkullens.se\/index.php?rest_route=\/wp\/v2\/users\/1"}],"replies":[{"embeddable":true,"href":"https:\/\/almkullens.se\/index.php?rest_route=%2Fwp%2Fv2%2Fcomments&post=3366"}],"version-history":[{"count":4,"href":"https:\/\/almkullens.se\/index.php?rest_route=\/wp\/v2\/posts\/3366\/revisions"}],"predecessor-version":[{"id":3387,"href":"https:\/\/almkullens.se\/index.php?rest_route=\/wp\/v2\/posts\/3366\/revisions\/3387"}],"wp:attachment":[{"href":"https:\/\/almkullens.se\/index.php?rest_route=%2Fwp%2Fv2%2Fmedia&parent=3366"}],"wp:term":[{"taxonomy":"category","embeddable":true,"href":"https:\/\/almkullens.se\/index.php?rest_route=%2Fwp%2Fv2%2Fcategories&post=3366"},{"taxonomy":"post_tag","embeddable":true,"href":"https:\/\/almkullens.se\/index.php?rest_route=%2Fwp%2Fv2%2Ftags&post=3366"}],"curies":[{"name":"wp","href":"https:\/\/api.w.org\/{rel}","templated":true}]}}