{"id":3147,"date":"2014-04-13T21:34:36","date_gmt":"2014-04-13T19:34:36","guid":{"rendered":"http:\/\/almkullens.se\/?p=3147"},"modified":"2014-04-13T21:34:36","modified_gmt":"2014-04-13T19:34:36","slug":"vilken-helg","status":"publish","type":"post","link":"https:\/\/almkullens.se\/?p=3147","title":{"rendered":"Vilken Helg!"},"content":{"rendered":"<figure id=\"attachment_3150\" aria-describedby=\"caption-attachment-3150\" style=\"width: 300px\" class=\"wp-caption alignright\"><a href=\"https:\/\/almkullens.se\/wp-content\/uploads\/2014\/04\/IMG_6226.jpg\" rel=\"lightbox[3147]\"><img loading=\"lazy\" decoding=\"async\" class=\"size-medium wp-image-3150\" alt=\"Almkullens Bess\" src=\"https:\/\/almkullens.se\/wp-content\/uploads\/2014\/04\/IMG_6226-300x200.jpg\" width=\"300\" height=\"200\" srcset=\"https:\/\/almkullens.se\/wp-content\/uploads\/2014\/04\/IMG_6226-300x200.jpg 300w, https:\/\/almkullens.se\/wp-content\/uploads\/2014\/04\/IMG_6226-1024x682.jpg 1024w, https:\/\/almkullens.se\/wp-content\/uploads\/2014\/04\/IMG_6226.jpg 1200w\" sizes=\"auto, (max-width: 300px) 100vw, 300px\" \/><\/a><figcaption id=\"caption-attachment-3150\" class=\"wp-caption-text\">Elithunden Bess \ud83d\ude42<\/figcaption><\/figure>\n<p>I helgen har 3 st av &#8221;v\u00e5ra&#8221; valpar g\u00e5tt till pris!<\/p>\n<p>Ett STORT GRATTIS till Cristher och Louise Sandstr\u00f6m som har varit p\u00e5 fj\u00e4llprov i Klimpfj\u00e4ll. Cristher f\u00f6rde fram Almkullens Bess till ett 1:a pris i \u00d6kl! Bess kan allts\u00e5 numera titulera sig Elithund \ud83d\ude42<\/p>\n<figure id=\"attachment_3149\" aria-describedby=\"caption-attachment-3149\" style=\"width: 300px\" class=\"wp-caption alignleft\"><a href=\"https:\/\/almkullens.se\/wp-content\/uploads\/2014\/04\/1360.jpg\" rel=\"lightbox[3147]\"><img loading=\"lazy\" decoding=\"async\" class=\"size-medium wp-image-3149\" alt=\"Almkullens Castro\" src=\"https:\/\/almkullens.se\/wp-content\/uploads\/2014\/04\/1360-300x200.jpg\" width=\"300\" height=\"200\" srcset=\"https:\/\/almkullens.se\/wp-content\/uploads\/2014\/04\/1360-300x200.jpg 300w, https:\/\/almkullens.se\/wp-content\/uploads\/2014\/04\/1360-1024x682.jpg 1024w, https:\/\/almkullens.se\/wp-content\/uploads\/2014\/04\/1360.jpg 1200w\" sizes=\"auto, (max-width: 300px) 100vw, 300px\" \/><\/a><figcaption id=\"caption-attachment-3149\" class=\"wp-caption-text\">Almkullens Castro<\/figcaption><\/figure>\n<p>&nbsp;<\/p>\n<p>&nbsp;<\/p>\n<p>&nbsp;<\/p>\n<p>Peter Boustedt var p\u00e5 f\u00e4ltprov i Enk\u00f6ping med sin Almkullens Castro han fick d\u00e4r ett 3:e pris i Ukl Ett stort Grattis \u00e4ven till dig!<\/p>\n<p>&nbsp;<\/p>\n<p>&nbsp;<\/p>\n<figure id=\"attachment_3148\" aria-describedby=\"caption-attachment-3148\" style=\"width: 300px\" class=\"wp-caption alignright\"><a href=\"https:\/\/almkullens.se\/wp-content\/uploads\/2014\/04\/489.jpg\" rel=\"lightbox[3147]\"><img loading=\"lazy\" decoding=\"async\" class=\"size-medium wp-image-3148\" alt=\"Almkullens Demi\" src=\"https:\/\/almkullens.se\/wp-content\/uploads\/2014\/04\/489-300x200.jpg\" width=\"300\" height=\"200\" srcset=\"https:\/\/almkullens.se\/wp-content\/uploads\/2014\/04\/489-300x200.jpg 300w, https:\/\/almkullens.se\/wp-content\/uploads\/2014\/04\/489-1024x682.jpg 1024w, https:\/\/almkullens.se\/wp-content\/uploads\/2014\/04\/489.jpg 1200w\" sizes=\"auto, (max-width: 300px) 100vw, 300px\" \/><\/a><figcaption id=\"caption-attachment-3148\" class=\"wp-caption-text\">Duktiga Demi!<\/figcaption><\/figure>\n<p>&#8221;Min&#8221; Peter och Almkullens Demi var \u00e4ven dom p\u00e5 f\u00e4ltprov i Enk\u00f6ping och det gick superbra, 2 stycken 1:a pris i Ukl kom dom hem med!<\/p>\n<p>En fantastisk helg f\u00f6r v\u00e5r uppf\u00f6dning \ud83d\ude42<\/p>\n","protected":false},"excerpt":{"rendered":"<p>I helgen har 3 st av &#8221;v\u00e5ra&#8221; valpar g\u00e5tt till pris! Ett STORT GRATTIS till Cristher och Louise Sandstr\u00f6m som har varit p\u00e5 fj\u00e4llprov i Klimpfj\u00e4ll. Cristher f\u00f6rde fram Almkullens Bess till ett 1:a pris i \u00d6kl! Bess kan allts\u00e5 numera titulera sig Elithund \ud83d\ude42 &nbsp; &nbsp; &nbsp; Peter Boustedt var p\u00e5 f\u00e4ltprov i Enk\u00f6ping [&hellip;]<\/p>\n","protected":false},"author":1,"featured_media":0,"comment_status":"open","ping_status":"open","sticky":false,"template":"","format":"standard","meta":{"_crdt_document":"","advgb_blocks_editor_width":"","advgb_blocks_columns_visual_guide":"","_jetpack_memberships_contains_paid_content":false,"footnotes":""},"categories":[1],"tags":[],"class_list":["post-3147","post","type-post","status-publish","format-standard","hentry","category-hem","entry"],"author_meta":{"display_name":"Peter &amp; Johanna","author_link":"https:\/\/almkullens.se\/?author=1"},"featured_img":null,"jetpack_featured_media_url":"","coauthors":[],"tax_additional":{"categories":{"linked":["<a href=\"https:\/\/almkullens.se\/?cat=1\" class=\"advgb-post-tax-term\">Hem<\/a>"],"unlinked":["<span class=\"advgb-post-tax-term\">Hem<\/span>"]}},"comment_count":"1","relative_dates":{"created":"Publicerad 12 \u00e5r sedan","modified":"Uppdaterad 12 \u00e5r sedan"},"absolute_dates":{"created":"Publicerat den 13 april, 2014","modified":"Uppdaterad den 13 april, 2014"},"absolute_dates_time":{"created":"Publicerat den 13 april, 2014 21:34","modified":"Uppdaterad den 13 april, 2014 21:34"},"featured_img_caption":"","series_order":"","jetpack_sharing_enabled":true,"_links":{"self":[{"href":"https:\/\/almkullens.se\/index.php?rest_route=\/wp\/v2\/posts\/3147","targetHints":{"allow":["GET"]}}],"collection":[{"href":"https:\/\/almkullens.se\/index.php?rest_route=\/wp\/v2\/posts"}],"about":[{"href":"https:\/\/almkullens.se\/index.php?rest_route=\/wp\/v2\/types\/post"}],"author":[{"embeddable":true,"href":"https:\/\/almkullens.se\/index.php?rest_route=\/wp\/v2\/users\/1"}],"replies":[{"embeddable":true,"href":"https:\/\/almkullens.se\/index.php?rest_route=%2Fwp%2Fv2%2Fcomments&post=3147"}],"version-history":[{"count":7,"href":"https:\/\/almkullens.se\/index.php?rest_route=\/wp\/v2\/posts\/3147\/revisions"}],"predecessor-version":[{"id":3157,"href":"https:\/\/almkullens.se\/index.php?rest_route=\/wp\/v2\/posts\/3147\/revisions\/3157"}],"wp:attachment":[{"href":"https:\/\/almkullens.se\/index.php?rest_route=%2Fwp%2Fv2%2Fmedia&parent=3147"}],"wp:term":[{"taxonomy":"category","embeddable":true,"href":"https:\/\/almkullens.se\/index.php?rest_route=%2Fwp%2Fv2%2Fcategories&post=3147"},{"taxonomy":"post_tag","embeddable":true,"href":"https:\/\/almkullens.se\/index.php?rest_route=%2Fwp%2Fv2%2Ftags&post=3147"}],"curies":[{"name":"wp","href":"https:\/\/api.w.org\/{rel}","templated":true}]}}