{"id":2915,"date":"2014-03-08T23:35:57","date_gmt":"2014-03-08T22:35:57","guid":{"rendered":"http:\/\/almkullens.se\/?p=2915"},"modified":"2014-03-08T23:35:57","modified_gmt":"2014-03-08T22:35:57","slug":"fint-vader","status":"publish","type":"post","link":"https:\/\/almkullens.se\/?p=2915","title":{"rendered":"Fint v\u00e4der"},"content":{"rendered":"<p>[singlepic id=2301 w=320 h=240 float=right]Nu har vi \u00e4ntligen f\u00e5tt lite sol igen och valparna fick komma ut en kort stund f\u00f6r f\u00f6rsta g\u00e5ngen, det var f\u00f6rst\u00e5s sp\u00e4nnande med gr\u00e4s och alla lukter. Nu \u00e4r det ocks\u00e5 klart med vem som ska ha vilken valp och vad de ska heta, s\u00e5 sidan Valpar &#8211; Almkullens E-kull \u00e4r nu uppdaterad med namn. [nggallery id=118]<\/p>\n","protected":false},"excerpt":{"rendered":"<p>[singlepic id=2301 w=320 h=240 float=right]Nu har vi \u00e4ntligen f\u00e5tt lite sol igen och valparna fick komma ut en kort stund f\u00f6r f\u00f6rsta g\u00e5ngen, det var f\u00f6rst\u00e5s sp\u00e4nnande med gr\u00e4s och alla lukter. Nu \u00e4r det ocks\u00e5 klart med vem som ska ha vilken valp och vad de ska heta, s\u00e5 sidan Valpar &#8211; Almkullens E-kull [&hellip;]<\/p>\n","protected":false},"author":1,"featured_media":0,"comment_status":"open","ping_status":"open","sticky":false,"template":"","format":"standard","meta":{"_crdt_document":"","advgb_blocks_editor_width":"","advgb_blocks_columns_visual_guide":"","_jetpack_memberships_contains_paid_content":false,"footnotes":""},"categories":[1],"tags":[],"class_list":["post-2915","post","type-post","status-publish","format-standard","hentry","category-hem","entry"],"author_meta":{"display_name":"Peter &amp; Johanna","author_link":"https:\/\/almkullens.se\/?author=1"},"featured_img":null,"jetpack_featured_media_url":"","coauthors":[],"tax_additional":{"categories":{"linked":["<a href=\"https:\/\/almkullens.se\/?cat=1\" class=\"advgb-post-tax-term\">Hem<\/a>"],"unlinked":["<span class=\"advgb-post-tax-term\">Hem<\/span>"]}},"comment_count":"0","relative_dates":{"created":"Publicerad 12 \u00e5r sedan","modified":"Uppdaterad 12 \u00e5r sedan"},"absolute_dates":{"created":"Publicerat den 8 mars, 2014","modified":"Uppdaterad den 8 mars, 2014"},"absolute_dates_time":{"created":"Publicerat den 8 mars, 2014 23:35","modified":"Uppdaterad den 8 mars, 2014 23:35"},"featured_img_caption":"","series_order":"","jetpack_sharing_enabled":true,"_links":{"self":[{"href":"https:\/\/almkullens.se\/index.php?rest_route=\/wp\/v2\/posts\/2915","targetHints":{"allow":["GET"]}}],"collection":[{"href":"https:\/\/almkullens.se\/index.php?rest_route=\/wp\/v2\/posts"}],"about":[{"href":"https:\/\/almkullens.se\/index.php?rest_route=\/wp\/v2\/types\/post"}],"author":[{"embeddable":true,"href":"https:\/\/almkullens.se\/index.php?rest_route=\/wp\/v2\/users\/1"}],"replies":[{"embeddable":true,"href":"https:\/\/almkullens.se\/index.php?rest_route=%2Fwp%2Fv2%2Fcomments&post=2915"}],"version-history":[{"count":3,"href":"https:\/\/almkullens.se\/index.php?rest_route=\/wp\/v2\/posts\/2915\/revisions"}],"predecessor-version":[{"id":2920,"href":"https:\/\/almkullens.se\/index.php?rest_route=\/wp\/v2\/posts\/2915\/revisions\/2920"}],"wp:attachment":[{"href":"https:\/\/almkullens.se\/index.php?rest_route=%2Fwp%2Fv2%2Fmedia&parent=2915"}],"wp:term":[{"taxonomy":"category","embeddable":true,"href":"https:\/\/almkullens.se\/index.php?rest_route=%2Fwp%2Fv2%2Fcategories&post=2915"},{"taxonomy":"post_tag","embeddable":true,"href":"https:\/\/almkullens.se\/index.php?rest_route=%2Fwp%2Fv2%2Ftags&post=2915"}],"curies":[{"name":"wp","href":"https:\/\/api.w.org\/{rel}","templated":true}]}}