{"id":2815,"date":"2014-02-16T16:00:37","date_gmt":"2014-02-16T15:00:37","guid":{"rendered":"http:\/\/almkullens.se\/?p=2815"},"modified":"2014-02-16T16:00:37","modified_gmt":"2014-02-16T15:00:37","slug":"valparna-vaxer-4","status":"publish","type":"post","link":"https:\/\/almkullens.se\/?p=2815","title":{"rendered":"Valparna v\u00e4xer!"},"content":{"rendered":"<p>[singlepic id=2227 w=320 h=240 float=right]Imorgon blir valparna 3 veckor, oj vad tiden g\u00e5r fort! Valparna bor fortfarande kvar inne i v\u00e5rt sovrum men till veckan s\u00e5 ska de f\u00e5 flytta ut i k\u00f6ket. \u00d6gonen \u00e4r ju helt \u00f6ppna nu och valparna g\u00e5r runt litegrann i valpl\u00e5dan och sk\u00e4ller ibland p\u00e5 varandra.<\/p>\n<p>Aska har det nog ganska bra d\u00e5 hon har en egen liten stab med Riva i t\u00e4ten, som vill hj\u00e4lpa till med att st\u00e4da och tv\u00e4tta valpar![singlepic id=2233 w=320 h=240 float=left]<\/p>\n<p>Elva och Riva har varit med p\u00e5 trampjakt med husse Peter och det var ju kul f\u00f6rst\u00e5s, 3 av 4st harar som sk\u00f6ts p\u00e5 dagen var de med och hj\u00e4lpte till f\u00f6r att f\u00e5 fram till pass skyttarna. P\u00e5 bilden \u00e4r det en av dom som apporteras hem av Riva efter ett snyggt och stramt st\u00e5nd ute p\u00e5 stubben. Nog ser det lite tungt ut!![nggallery id=115]<\/p>\n","protected":false},"excerpt":{"rendered":"<p>[singlepic id=2227 w=320 h=240 float=right]Imorgon blir valparna 3 veckor, oj vad tiden g\u00e5r fort! Valparna bor fortfarande kvar inne i v\u00e5rt sovrum men till veckan s\u00e5 ska de f\u00e5 flytta ut i k\u00f6ket. \u00d6gonen \u00e4r ju helt \u00f6ppna nu och valparna g\u00e5r runt litegrann i valpl\u00e5dan och sk\u00e4ller ibland p\u00e5 varandra. Aska har det nog [&hellip;]<\/p>\n","protected":false},"author":1,"featured_media":0,"comment_status":"open","ping_status":"open","sticky":false,"template":"","format":"standard","meta":{"_crdt_document":"","advgb_blocks_editor_width":"","advgb_blocks_columns_visual_guide":"","_jetpack_memberships_contains_paid_content":false,"footnotes":""},"categories":[1],"tags":[],"class_list":["post-2815","post","type-post","status-publish","format-standard","hentry","category-hem","entry"],"author_meta":{"display_name":"Peter &amp; Johanna","author_link":"https:\/\/almkullens.se\/?author=1"},"featured_img":null,"jetpack_featured_media_url":"","coauthors":[],"tax_additional":{"categories":{"linked":["<a href=\"https:\/\/almkullens.se\/?cat=1\" class=\"advgb-post-tax-term\">Hem<\/a>"],"unlinked":["<span class=\"advgb-post-tax-term\">Hem<\/span>"]}},"comment_count":"0","relative_dates":{"created":"Publicerad 12 \u00e5r sedan","modified":"Uppdaterad 12 \u00e5r sedan"},"absolute_dates":{"created":"Publicerat den 16 februari, 2014","modified":"Uppdaterad den 16 februari, 2014"},"absolute_dates_time":{"created":"Publicerat den 16 februari, 2014 16:00","modified":"Uppdaterad den 16 februari, 2014 16:00"},"featured_img_caption":"","series_order":"","jetpack_sharing_enabled":true,"_links":{"self":[{"href":"https:\/\/almkullens.se\/index.php?rest_route=\/wp\/v2\/posts\/2815","targetHints":{"allow":["GET"]}}],"collection":[{"href":"https:\/\/almkullens.se\/index.php?rest_route=\/wp\/v2\/posts"}],"about":[{"href":"https:\/\/almkullens.se\/index.php?rest_route=\/wp\/v2\/types\/post"}],"author":[{"embeddable":true,"href":"https:\/\/almkullens.se\/index.php?rest_route=\/wp\/v2\/users\/1"}],"replies":[{"embeddable":true,"href":"https:\/\/almkullens.se\/index.php?rest_route=%2Fwp%2Fv2%2Fcomments&post=2815"}],"version-history":[{"count":6,"href":"https:\/\/almkullens.se\/index.php?rest_route=\/wp\/v2\/posts\/2815\/revisions"}],"predecessor-version":[{"id":2822,"href":"https:\/\/almkullens.se\/index.php?rest_route=\/wp\/v2\/posts\/2815\/revisions\/2822"}],"wp:attachment":[{"href":"https:\/\/almkullens.se\/index.php?rest_route=%2Fwp%2Fv2%2Fmedia&parent=2815"}],"wp:term":[{"taxonomy":"category","embeddable":true,"href":"https:\/\/almkullens.se\/index.php?rest_route=%2Fwp%2Fv2%2Fcategories&post=2815"},{"taxonomy":"post_tag","embeddable":true,"href":"https:\/\/almkullens.se\/index.php?rest_route=%2Fwp%2Fv2%2Ftags&post=2815"}],"curies":[{"name":"wp","href":"https:\/\/api.w.org\/{rel}","templated":true}]}}