{"id":2684,"date":"2014-02-01T13:58:23","date_gmt":"2014-02-01T12:58:23","guid":{"rendered":"http:\/\/almkullens.se\/?p=2684"},"modified":"2014-02-01T13:58:23","modified_gmt":"2014-02-01T12:58:23","slug":"e-kullen","status":"publish","type":"post","link":"https:\/\/almkullens.se\/?p=2684","title":{"rendered":"E-kullen"},"content":{"rendered":"<p>[singlepic id=2170 w=320 h=240 float=right]Aska och Carls valpar har nu hunnit bli 5 dagar och vi har lagt in nya bilder under Valpar &#8211; Almkullens E-kull.<\/p>\n<p>Det har till v\u00e5r stora gl\u00e4dje varit ett mycket stort intresse f\u00f6r att f\u00e5 valp i denna kull. Vi \u00e4r mycket smickrade \u00f6ver denna enorma anstormning av intressenter efter avkommor p\u00e5 v\u00e5ra hundar.<\/p>\n<p>Lika skoj har det som vanligt varit att meddela de som vi t\u00e4nkt oss som valpk\u00f6pare och lika trist \u00e4r det naturligtvis att l\u00e4mna beskedet till&#8230; de som denna g\u00e5ng inte fick den m\u00f6jlighet de hoppats p\u00e5.[singlepic id=2171 w=320 h=240 float=left]<\/p>\n<p>De med gott minne t\u00e4nker s\u00e4kert att visst var det sju&#8230;. S\u00e5 var det men en av hanvalparna var v\u00e4ldigt liten vid f\u00f6dseln, han var pigg vid f\u00f6dseln men det visade sig att han inte riktigt ville&#8230;. s\u00e5 han avslutade sitt korta liv redan i tisdags. \u00d6vriga valpar m\u00e5r alldeles utm\u00e4rkt och v\u00e4xer s\u00e5 de knakar.<\/p>\n","protected":false},"excerpt":{"rendered":"<p>[singlepic id=2170 w=320 h=240 float=right]Aska och Carls valpar har nu hunnit bli 5 dagar och vi har lagt in nya bilder under Valpar &#8211; Almkullens E-kull. Det har till v\u00e5r stora gl\u00e4dje varit ett mycket stort intresse f\u00f6r att f\u00e5 valp i denna kull. Vi \u00e4r mycket smickrade \u00f6ver denna enorma anstormning av intressenter efter [&hellip;]<\/p>\n","protected":false},"author":1,"featured_media":0,"comment_status":"open","ping_status":"open","sticky":false,"template":"","format":"standard","meta":{"_crdt_document":"","advgb_blocks_editor_width":"","advgb_blocks_columns_visual_guide":"","_jetpack_memberships_contains_paid_content":false,"footnotes":""},"categories":[1],"tags":[],"class_list":["post-2684","post","type-post","status-publish","format-standard","hentry","category-hem","entry"],"author_meta":{"display_name":"Peter &amp; Johanna","author_link":"https:\/\/almkullens.se\/?author=1"},"featured_img":null,"jetpack_featured_media_url":"","coauthors":[],"tax_additional":{"categories":{"linked":["<a href=\"https:\/\/almkullens.se\/?cat=1\" class=\"advgb-post-tax-term\">Hem<\/a>"],"unlinked":["<span class=\"advgb-post-tax-term\">Hem<\/span>"]}},"comment_count":"2","relative_dates":{"created":"Publicerad 12 \u00e5r sedan","modified":"Uppdaterad 12 \u00e5r sedan"},"absolute_dates":{"created":"Publicerat den 1 februari, 2014","modified":"Uppdaterad den 1 februari, 2014"},"absolute_dates_time":{"created":"Publicerat den 1 februari, 2014 13:58","modified":"Uppdaterad den 1 februari, 2014 13:58"},"featured_img_caption":"","series_order":"","jetpack_sharing_enabled":true,"_links":{"self":[{"href":"https:\/\/almkullens.se\/index.php?rest_route=\/wp\/v2\/posts\/2684","targetHints":{"allow":["GET"]}}],"collection":[{"href":"https:\/\/almkullens.se\/index.php?rest_route=\/wp\/v2\/posts"}],"about":[{"href":"https:\/\/almkullens.se\/index.php?rest_route=\/wp\/v2\/types\/post"}],"author":[{"embeddable":true,"href":"https:\/\/almkullens.se\/index.php?rest_route=\/wp\/v2\/users\/1"}],"replies":[{"embeddable":true,"href":"https:\/\/almkullens.se\/index.php?rest_route=%2Fwp%2Fv2%2Fcomments&post=2684"}],"version-history":[{"count":10,"href":"https:\/\/almkullens.se\/index.php?rest_route=\/wp\/v2\/posts\/2684\/revisions"}],"predecessor-version":[{"id":2735,"href":"https:\/\/almkullens.se\/index.php?rest_route=\/wp\/v2\/posts\/2684\/revisions\/2735"}],"wp:attachment":[{"href":"https:\/\/almkullens.se\/index.php?rest_route=%2Fwp%2Fv2%2Fmedia&parent=2684"}],"wp:term":[{"taxonomy":"category","embeddable":true,"href":"https:\/\/almkullens.se\/index.php?rest_route=%2Fwp%2Fv2%2Fcategories&post=2684"},{"taxonomy":"post_tag","embeddable":true,"href":"https:\/\/almkullens.se\/index.php?rest_route=%2Fwp%2Fv2%2Ftags&post=2684"}],"curies":[{"name":"wp","href":"https:\/\/api.w.org\/{rel}","templated":true}]}}