{"id":2581,"date":"2013-12-22T18:37:37","date_gmt":"2013-12-22T17:37:37","guid":{"rendered":"http:\/\/almkullens.se\/?p=2581"},"modified":"2013-12-22T18:38:44","modified_gmt":"2013-12-22T17:38:44","slug":"god-jul-och-gott-nytt-ar","status":"publish","type":"post","link":"https:\/\/almkullens.se\/?p=2581","title":{"rendered":"God Jul och Gott Nytt \u00c5r"},"content":{"rendered":"<p>[singlepic id=2123 w=320 h=240 float=right]Vilket \u00e5r vi har haft! Aska blev snabbt och l\u00e4tt?? och till v\u00e5r stora gl\u00e4dje Jaktchampion! Hon har i h\u00f6st tagit pris p\u00e5 alla underlag och fick dessutom HP p\u00e5 en av Elitklass ettorna! Hon har startat p\u00e5 8 prov i h\u00f6st och har 7 g\u00e5nger g\u00e5tt till pris! (4:a 1:a pris o 3 2:a pris)[singlepic id=2126 w=320 h=240 float=left]<\/p>\n<p>Aska och Elva var med i bretonlaget i f\u00e5gelhundsmatchen d\u00e4r Bretonlaget kom p\u00e5 en delad 1:a plats! Aska blev b\u00e4sta hund och Elva n\u00e4st b\u00e4sta! (Elva var enda hunden som fick full pott p\u00e5 f\u00e4lt och f\u00e5gel)<\/p>\n<p>Peter och Elva deltog \u00e4ven i \u00e5r p\u00e5 VM och Medelhavscupen. Denna g\u00e5ng gick de tyv\u00e4rr inte till pris p\u00e5 VM men fick med sig ett Excellent hem fr\u00e5n cupen d\u00e4r de hamnade p\u00e5 en hederv\u00e4rd 6:e plats![singlepic id=2128 w=320 h=240 float=right]<\/p>\n<p>N\u00e5gra av v\u00e5ra valpk\u00f6pare har varit p\u00e5 prov i \u00e5r och alla som har startat har ocks\u00e5 g\u00e5tt till pris!!! Fr\u00e5n A-kullen har Stefan med sin Akira tagit ett 1:a och ett 2:a pris Ukl Fj\u00e4ll (v\u00e5rprov) och ett 1:a pris \u00d6kl Skog och ett 2:a pris Ekl Fj\u00e4ll![singlepic id=2125 w=300 h=230 float=left]<\/p>\n<p>Mats har med Alonso tagit 2st 2:pris \u00d6kl Fj\u00e4ll varav ett p\u00e5 v\u00e5rfj\u00e4ll.<\/p>\n<p>Janne har med Alex f\u00e5tt ett 3:e pris p\u00e5 F\u00e4lt.[singlepic id=2124 w=300 h=230 float=right]Aska \u00e4r ju ocks\u00e5 fr\u00e5n A-kullen s\u00e5 det \u00e4r gl\u00e4djande att konstatera att det h\u00e4r blev en riktigt bra kull!!<\/p>\n<p>Fr\u00e5n B-kullen s\u00e5 \u00e4r det en hund som \u00e4r startad p\u00e5 prov och det \u00e4r Cristher och Louise Bess som har f\u00e5tt ett 1:a pris Ukl Fj\u00e4ll och ett 2:a pris Ukl f\u00e4lt![singlepic id=2129 w=300 h=230 float=left]<\/p>\n<p>I utst\u00e4llningsringen \u00e4r det lite blandade resultat men n\u00e4mnas b\u00f6r Mirjams Coda fr\u00e5n C-kullen som i valpklass 6-9 m\u00e5n fick Excellent HP och Birvalp! Aska har f\u00e5tt ett Cert i \u00e5r ocks\u00e5.<\/p>\n<p>Ett stort, GRATTIS till alla som g\u00e5tt till pris och stort TACK till alla v\u00e5ra duktiga valpk\u00f6pare som k\u00e4mpar p\u00e5 och tar hand om de sm\u00e5 liven som ni f\u00e5tt hem till er !!! L\u00e5t oss k\u00e4mpa p\u00e5 i samma anda 2014 \ud83d\ude42\u00a0[singlepic id=2127 w=300 h=230 float=right]<\/p>\n<p>Och till er som \u00e4r nyfikna p\u00e5 hur det g\u00e5r med Aska och eventuella valpar s\u00e5 kan jag ber\u00e4tta hon \u00e4r nu i 3:e veckan och har varit lite illam\u00e5ende\/matv\u00e4grat i ett par dagar vilket ju ska vara ett gott tecken!<\/p>\n<p>Till sist&#8230; Vi \u00f6nskar er alla en riktigt GOD JUL och ett GOTT NYTT \u00c5R!<\/p>\n","protected":false},"excerpt":{"rendered":"<p>[singlepic id=2123 w=320 h=240 float=right]Vilket \u00e5r vi har haft! Aska blev snabbt och l\u00e4tt?? och till v\u00e5r stora gl\u00e4dje Jaktchampion! Hon har i h\u00f6st tagit pris p\u00e5 alla underlag och fick dessutom HP p\u00e5 en av Elitklass ettorna! Hon har startat p\u00e5 8 prov i h\u00f6st och har 7 g\u00e5nger g\u00e5tt till pris! (4:a 1:a [&hellip;]<\/p>\n","protected":false},"author":1,"featured_media":0,"comment_status":"open","ping_status":"open","sticky":false,"template":"","format":"standard","meta":{"_crdt_document":"","advgb_blocks_editor_width":"","advgb_blocks_columns_visual_guide":"","_jetpack_memberships_contains_paid_content":false,"footnotes":""},"categories":[1],"tags":[],"class_list":["post-2581","post","type-post","status-publish","format-standard","hentry","category-hem","entry"],"author_meta":{"display_name":"Peter &amp; Johanna","author_link":"https:\/\/almkullens.se\/?author=1"},"featured_img":null,"jetpack_featured_media_url":"","coauthors":[],"tax_additional":{"categories":{"linked":["<a href=\"https:\/\/almkullens.se\/?cat=1\" class=\"advgb-post-tax-term\">Hem<\/a>"],"unlinked":["<span class=\"advgb-post-tax-term\">Hem<\/span>"]}},"comment_count":"2","relative_dates":{"created":"Publicerad 12 \u00e5r sedan","modified":"Uppdaterad 12 \u00e5r sedan"},"absolute_dates":{"created":"Publicerat den 22 december, 2013","modified":"Uppdaterad den 22 december, 2013"},"absolute_dates_time":{"created":"Publicerat den 22 december, 2013 18:37","modified":"Uppdaterad den 22 december, 2013 18:38"},"featured_img_caption":"","series_order":"","jetpack_sharing_enabled":true,"_links":{"self":[{"href":"https:\/\/almkullens.se\/index.php?rest_route=\/wp\/v2\/posts\/2581","targetHints":{"allow":["GET"]}}],"collection":[{"href":"https:\/\/almkullens.se\/index.php?rest_route=\/wp\/v2\/posts"}],"about":[{"href":"https:\/\/almkullens.se\/index.php?rest_route=\/wp\/v2\/types\/post"}],"author":[{"embeddable":true,"href":"https:\/\/almkullens.se\/index.php?rest_route=\/wp\/v2\/users\/1"}],"replies":[{"embeddable":true,"href":"https:\/\/almkullens.se\/index.php?rest_route=%2Fwp%2Fv2%2Fcomments&post=2581"}],"version-history":[{"count":31,"href":"https:\/\/almkullens.se\/index.php?rest_route=\/wp\/v2\/posts\/2581\/revisions"}],"predecessor-version":[{"id":2621,"href":"https:\/\/almkullens.se\/index.php?rest_route=\/wp\/v2\/posts\/2581\/revisions\/2621"}],"wp:attachment":[{"href":"https:\/\/almkullens.se\/index.php?rest_route=%2Fwp%2Fv2%2Fmedia&parent=2581"}],"wp:term":[{"taxonomy":"category","embeddable":true,"href":"https:\/\/almkullens.se\/index.php?rest_route=%2Fwp%2Fv2%2Fcategories&post=2581"},{"taxonomy":"post_tag","embeddable":true,"href":"https:\/\/almkullens.se\/index.php?rest_route=%2Fwp%2Fv2%2Ftags&post=2581"}],"curies":[{"name":"wp","href":"https:\/\/api.w.org\/{rel}","templated":true}]}}