{"id":2403,"date":"2013-12-01T12:40:41","date_gmt":"2013-12-01T11:40:41","guid":{"rendered":"http:\/\/almkullens.se\/?p=2403"},"modified":"2013-12-01T12:46:53","modified_gmt":"2013-12-01T11:46:53","slug":"castro","status":"publish","type":"post","link":"https:\/\/almkullens.se\/?p=2403","title":{"rendered":"Castro"},"content":{"rendered":"<h3>[singlepic id=1989 w=320 h=240 float=right]Peter Boustedt har varit och jaktat en del med sin Almkullens Castro och har f\u00e5tt f\u00e4lla en del f\u00e5gel f\u00f6r honom, han \u00e4r visst en riktig f\u00e5gelfinnare! Vi var med n\u00e4r han var ute p\u00e5 en av jakterna. Castro har utvecklats till en riktigt snygg hane med ett v\u00e4ldigt vackert huvud, kroppen \u00e4r f\u00f6rst\u00e5s inte f\u00e4rdigutvecklad \u00e4n, den beh\u00f6ver bli kraftigare men s\u00e5 \u00e4r han bara drygt 10 m\u00e5nader gammal. Demi fick vara med p\u00e5 en bild ocks\u00e5![nggallery id=107]<\/h3>\n","protected":false},"excerpt":{"rendered":"<p>[singlepic id=1989 w=320 h=240 float=right]Peter Boustedt har varit och jaktat en del med sin Almkullens Castro och har f\u00e5tt f\u00e4lla en del f\u00e5gel f\u00f6r honom, han \u00e4r visst en riktig f\u00e5gelfinnare! Vi var med n\u00e4r han var ute p\u00e5 en av jakterna. Castro har utvecklats till en riktigt snygg hane med ett v\u00e4ldigt vackert huvud, [&hellip;]<\/p>\n","protected":false},"author":1,"featured_media":0,"comment_status":"open","ping_status":"open","sticky":false,"template":"","format":"standard","meta":{"_crdt_document":"","advgb_blocks_editor_width":"","advgb_blocks_columns_visual_guide":"","_jetpack_memberships_contains_paid_content":false,"footnotes":""},"categories":[1],"tags":[],"class_list":["post-2403","post","type-post","status-publish","format-standard","hentry","category-hem","entry"],"author_meta":{"display_name":"Peter &amp; Johanna","author_link":"https:\/\/almkullens.se\/?author=1"},"featured_img":null,"jetpack_featured_media_url":"","coauthors":[],"tax_additional":{"categories":{"linked":["<a href=\"https:\/\/almkullens.se\/?cat=1\" class=\"advgb-post-tax-term\">Hem<\/a>"],"unlinked":["<span class=\"advgb-post-tax-term\">Hem<\/span>"]}},"comment_count":"0","relative_dates":{"created":"Publicerad 12 \u00e5r sedan","modified":"Uppdaterad 12 \u00e5r sedan"},"absolute_dates":{"created":"Publicerat den 1 december, 2013","modified":"Uppdaterad den 1 december, 2013"},"absolute_dates_time":{"created":"Publicerat den 1 december, 2013 12:40","modified":"Uppdaterad den 1 december, 2013 12:46"},"featured_img_caption":"","series_order":"","jetpack_sharing_enabled":true,"_links":{"self":[{"href":"https:\/\/almkullens.se\/index.php?rest_route=\/wp\/v2\/posts\/2403","targetHints":{"allow":["GET"]}}],"collection":[{"href":"https:\/\/almkullens.se\/index.php?rest_route=\/wp\/v2\/posts"}],"about":[{"href":"https:\/\/almkullens.se\/index.php?rest_route=\/wp\/v2\/types\/post"}],"author":[{"embeddable":true,"href":"https:\/\/almkullens.se\/index.php?rest_route=\/wp\/v2\/users\/1"}],"replies":[{"embeddable":true,"href":"https:\/\/almkullens.se\/index.php?rest_route=%2Fwp%2Fv2%2Fcomments&post=2403"}],"version-history":[{"count":4,"href":"https:\/\/almkullens.se\/index.php?rest_route=\/wp\/v2\/posts\/2403\/revisions"}],"predecessor-version":[{"id":2409,"href":"https:\/\/almkullens.se\/index.php?rest_route=\/wp\/v2\/posts\/2403\/revisions\/2409"}],"wp:attachment":[{"href":"https:\/\/almkullens.se\/index.php?rest_route=%2Fwp%2Fv2%2Fmedia&parent=2403"}],"wp:term":[{"taxonomy":"category","embeddable":true,"href":"https:\/\/almkullens.se\/index.php?rest_route=%2Fwp%2Fv2%2Fcategories&post=2403"},{"taxonomy":"post_tag","embeddable":true,"href":"https:\/\/almkullens.se\/index.php?rest_route=%2Fwp%2Fv2%2Ftags&post=2403"}],"curies":[{"name":"wp","href":"https:\/\/api.w.org\/{rel}","templated":true}]}}