{"id":2349,"date":"2013-11-17T20:43:18","date_gmt":"2013-11-17T19:43:18","guid":{"rendered":"http:\/\/almkullens.se\/?p=2349"},"modified":"2013-11-24T15:44:40","modified_gmt":"2013-11-24T14:44:40","slug":"valpar-3","status":"publish","type":"post","link":"https:\/\/almkullens.se\/?p=2349","title":{"rendered":"Valpar!"},"content":{"rendered":"<h3>[singlepic id=1974 w=320 h=240 float=right]Aska har nu b\u00f6rjat att l\u00f6pa och hon kommer att paras med\u00a0LOF246409\u00a0Carl D&#8217;ar Roc&#8217;h Bernez \u00a0(FRCH Mack-Intosch D L Mur\u2019haille Au Loup \u2013 Narni De Keranlouan). Han \u00e4r en svart\/vit hane som \u00e4r f\u00f6dd i Frankrike och nu bor i Norge, han har HD:A \u00a0och han har p\u00e5 Jaktprov: 1:a pris i AK och 1:a pris i segrarklass med CK!\u00a0Utst\u00e4llning:1:a pris med CK i Ukl.<\/h3>\n<h3>[singlepic id=1969 w=320 h=240 float=left]Almkullens Aska (Stevns\u00e5ens Valde-SE JCH SE UCH P\u00e5lamalmens Elva) \u00e4r orange\/vit tik med HD:A Hon \u00e4r SE JCH p\u00e5 bara 9 jaktprovsstarter, hon har tagit pris p\u00e5 alla underlag (2:a \u00d6kl skog 1:a \u00d6kl Fj\u00e4ll och 1:a HP Ekl F\u00e4lt) Hon har Excellent och CERT p\u00e5 Utst\u00e4llning. Aska \u00e4r en mjuk och trevlig Breton som har varit l\u00e4tt att dressera, hon har en mycket bra naturlig reviering, Aska blev dessutom utsedd till b\u00e4sta hund p\u00e5 f\u00e5gelhundsmatchen 2013. \u00a0Se mer om Aska <a href=\"https:\/\/almkullens.se\/?page_id=1022\">H\u00c4R<\/a>. Valpar kan v\u00e4ntas i m\u00e5nadsskiftet Januari\/Februari<\/h3>\n<h3>Intresserade av valp i denna kombinationen&#8230; Ring eller skicka ett mail. \u00a0Se <a href=\"https:\/\/almkullens.se\/?page_id=232\">Kontakt<\/a><\/h3>\n<h3>[nggallery id=105]<\/h3>\n","protected":false},"excerpt":{"rendered":"<p>[singlepic id=1974 w=320 h=240 float=right]Aska har nu b\u00f6rjat att l\u00f6pa och hon kommer att paras med\u00a0LOF246409\u00a0Carl D&#8217;ar Roc&#8217;h Bernez \u00a0(FRCH Mack-Intosch D L Mur\u2019haille Au Loup \u2013 Narni De Keranlouan). Han \u00e4r en svart\/vit hane som \u00e4r f\u00f6dd i Frankrike och nu bor i Norge, han har HD:A \u00a0och han har p\u00e5 Jaktprov: 1:a pris [&hellip;]<\/p>\n","protected":false},"author":1,"featured_media":0,"comment_status":"open","ping_status":"open","sticky":false,"template":"","format":"standard","meta":{"_crdt_document":"","advgb_blocks_editor_width":"","advgb_blocks_columns_visual_guide":"","_jetpack_memberships_contains_paid_content":false,"footnotes":""},"categories":[1],"tags":[],"class_list":["post-2349","post","type-post","status-publish","format-standard","hentry","category-hem","entry"],"author_meta":{"display_name":"Peter &amp; Johanna","author_link":"https:\/\/almkullens.se\/?author=1"},"featured_img":null,"jetpack_featured_media_url":"","coauthors":[],"tax_additional":{"categories":{"linked":["<a href=\"https:\/\/almkullens.se\/?cat=1\" class=\"advgb-post-tax-term\">Hem<\/a>"],"unlinked":["<span class=\"advgb-post-tax-term\">Hem<\/span>"]}},"comment_count":"0","relative_dates":{"created":"Publicerad 12 \u00e5r sedan","modified":"Uppdaterad 12 \u00e5r sedan"},"absolute_dates":{"created":"Publicerat den 17 november, 2013","modified":"Uppdaterad den 24 november, 2013"},"absolute_dates_time":{"created":"Publicerat den 17 november, 2013 20:43","modified":"Uppdaterad den 24 november, 2013 15:44"},"featured_img_caption":"","series_order":"","jetpack_sharing_enabled":true,"_links":{"self":[{"href":"https:\/\/almkullens.se\/index.php?rest_route=\/wp\/v2\/posts\/2349","targetHints":{"allow":["GET"]}}],"collection":[{"href":"https:\/\/almkullens.se\/index.php?rest_route=\/wp\/v2\/posts"}],"about":[{"href":"https:\/\/almkullens.se\/index.php?rest_route=\/wp\/v2\/types\/post"}],"author":[{"embeddable":true,"href":"https:\/\/almkullens.se\/index.php?rest_route=\/wp\/v2\/users\/1"}],"replies":[{"embeddable":true,"href":"https:\/\/almkullens.se\/index.php?rest_route=%2Fwp%2Fv2%2Fcomments&post=2349"}],"version-history":[{"count":28,"href":"https:\/\/almkullens.se\/index.php?rest_route=\/wp\/v2\/posts\/2349\/revisions"}],"predecessor-version":[{"id":2383,"href":"https:\/\/almkullens.se\/index.php?rest_route=\/wp\/v2\/posts\/2349\/revisions\/2383"}],"wp:attachment":[{"href":"https:\/\/almkullens.se\/index.php?rest_route=%2Fwp%2Fv2%2Fmedia&parent=2349"}],"wp:term":[{"taxonomy":"category","embeddable":true,"href":"https:\/\/almkullens.se\/index.php?rest_route=%2Fwp%2Fv2%2Fcategories&post=2349"},{"taxonomy":"post_tag","embeddable":true,"href":"https:\/\/almkullens.se\/index.php?rest_route=%2Fwp%2Fv2%2Ftags&post=2349"}],"curies":[{"name":"wp","href":"https:\/\/api.w.org\/{rel}","templated":true}]}}