{"id":2340,"date":"2013-11-10T08:18:27","date_gmt":"2013-11-10T07:18:27","guid":{"rendered":"http:\/\/almkullens.se\/?p=2340"},"modified":"2013-11-15T18:07:41","modified_gmt":"2013-11-15T17:07:41","slug":"fagelhundsmatchen","status":"publish","type":"post","link":"https:\/\/almkullens.se\/?p=2340","title":{"rendered":"F\u00e5gelhundsmatchen"},"content":{"rendered":"<p align=\"center\"><b>F\u00e5gelhunds Matchen \u00f6stra Sverige.<\/b><\/p>\n<p align=\"center\"><b>L\u00e5ngtora 2013<\/b><\/p>\n<figure id=\"attachment_2341\" aria-describedby=\"caption-attachment-2341\" style=\"width: 300px\" class=\"wp-caption alignright\"><a href=\"https:\/\/almkullens.se\/wp-content\/uploads\/2013\/11\/F\u00e5gelhundsmatchen.jpg\" rel=\"lightbox[2340]\"><img loading=\"lazy\" decoding=\"async\" class=\"size-medium wp-image-2341\" alt=\"Bretonlaget\" src=\"https:\/\/almkullens.se\/wp-content\/uploads\/2013\/11\/F\u00e5gelhundsmatchen-300x225.jpg\" width=\"300\" height=\"225\" srcset=\"https:\/\/almkullens.se\/wp-content\/uploads\/2013\/11\/F\u00e5gelhundsmatchen-300x225.jpg 300w, https:\/\/almkullens.se\/wp-content\/uploads\/2013\/11\/F\u00e5gelhundsmatchen-1024x768.jpg 1024w\" sizes=\"auto, (max-width: 300px) 100vw, 300px\" \/><\/a><figcaption id=\"caption-attachment-2341\" class=\"wp-caption-text\">Bretonlaget<\/figcaption><\/figure>\n<p>Nu \u2026 s\u00e5 kan vi i klubben str\u00e4cka p\u00e5 oss lite till\u2026.<\/p>\n<p>F\u00f6r n\u00e5gra veckor sedan s\u00e5 ringde Mikael Sj\u00f6lander och fr\u00e5gade om vi ville st\u00e4lla upp med n\u00e5gra av v\u00e5ra hundar f\u00f6r bretonklubben d\u00e5 de \u00f6stra regionerna budade till f\u00e5gelhundsmatch. Jag lovade att t\u00e4nka p\u00e5 det, f\u00f6r det \u00e4r ju m\u00e5nga mil f\u00f6r oss bara f\u00f6r en 15 minuters sl\u00e4pptid och lite apportering. Elva och Aska v\u00e4ntade vi p\u00e5 att de skulle b\u00f6rja l\u00f6pa, och med den brasklappen insl\u00e4ngd s\u00e5 sa jag att om de inte har b\u00f6rjat l\u00f6pa s\u00e5 kommer vi.<\/p>\n<p>Inget l\u00f6p i sikte s\u00e5 det fick bli en tidig fredags kv\u00e4ll, och upp i ottan. Efter n\u00e4stan 4 timmar bakom ratten s\u00e5 sv\u00e4nger vi in p\u00e5 g\u00e5rdsplanen p\u00e5 L\u00e5ngtora hos Amir Zand f\u00f6r det var p\u00e5 hans fina marker \u00a0som t\u00e4vlingen skulle \u00e4ga rum.<!--more--><\/p>\n<p>Tre\u2026 deltagare fr\u00e5n varje klubb och tre klubbtillh\u00f6righeter. En hund som skulle vara kvalificerad att starta i unghunds klass och tv\u00e5 som startade i vuxenklass.\u00a0 Vuxenklassarna skulle efter f\u00e4ltarbetet ocks\u00e5 utf\u00f6ra en apportruta som n\u00e4stan liknar den som de engelska hundarna f\u00e5r g\u00f6ra innan de startar i \u00f6kl.<\/p>\n<p>Bretonlaget i \u00e5r bestod av Hillevi Eriksson med Red Garlics Wasabi UKL, Johanna Olofsson med Almkullens Aska och s\u00e5 jag med P\u00e5lamalmens Elva som skulle h\u00e5lla st\u00e5ngen i vuxenklassen.<\/p>\n<p>Unghundarna\u2026. fick starta och Wasabi eller Willi som Hillevi kallar honom blev lottad att g\u00e5 ihop med en Irl\u00e4nsk setter, och den settern kunde banne mig springa och reviera. Tyv\u00e4rr s\u00e5 blev Wasabi hela tiden tv\u00e5a i sina slag och ganska s\u00e5 snart s\u00e5 hade settern en f\u00e5geltagning som han n\u00e4stan sk\u00f6tte utm\u00e4rkt. Resten av tiden som var kvar av sl\u00e4pptiden gick Wasabi upp sig men tyv\u00e4rr s\u00e5 fann han inga f\u00e5glar.<\/p>\n<p>Elva\u2026 blev lottad ihop med en Pointerhane som riktigt stod p\u00e5 klorna f\u00f6r att komma iv\u00e4g, och jag t\u00e4nkte nog att \u201dhur ska detta g\u00e5\u201d. \u00a0Domare Lars Thulin ber oss sl\u00e4ppa och det g\u00f6r vi. Elva och Pointern drar iv\u00e4g \u00e5t samma h\u00e5ll i v\u00e5ldsamfart men efter ca:50 meter s\u00e5 drar sig pointern ner i vind medans Elva forts\u00e4tter i sitt slag n\u00e5gra hundra meter f\u00f6r att v\u00e4nda upp p\u00e5 sina normala 30 meters luckor och sedan s\u00e5 kunde jag slappna av f\u00f6r redan d\u00e5, s\u00e5 s\u00e5g jag att det \u00e4r en s\u00e5dan dag..<\/p>\n<p>Parkamraten kom sig efter en kort stund upp p\u00e5 marken som var anvisad och genade lite f\u00f6r att komma f\u00f6re Elva som of\u00f6rtrutet gjorde sina v\u00e4ndor. En liten bit fram i marken s\u00e5 fattar Pointern pl\u00f6tsligt st\u00e5nd men detta var tomt. Elva skickas p\u00e5 igen och total ignorerar pointern som sk\u00e4r n\u00e5gra allt f\u00f6r djupa slag i marken. Elva fotsatte sin goda reviering och ett halvt slag bakom pointern s\u00e5 tv\u00e4rnyper hon. F\u00e5geltagningen \u00e4r av b\u00e4sta m\u00e4rke och domaren \u00e4r n\u00f6jd .<\/p>\n<p>Almkullens Aska var lottad ihop med en Kleiner munsterl\u00e4nder och bara n\u00e5gon halv minut efter sl\u00e4ppet har b\u00f6rjat s\u00e5 f\u00f6rsvinner Aska \u00a0150 meter \u00a0bort i en dikeskant.\u00a0 Kleinern rusar rakt \u00f6ver det stora f\u00e4ltet men Johanna \u00e4r smart och talar med domaren och s\u00e4ger att Aska kanske st\u00e5r i diket d\u00e5 hon inte kom upp p\u00e5 stubben igen. Det b\u00e4r iv\u00e4g och i samma \u00f6gonblick s\u00e5 stramar Kleinern till 400 meter bort. Mycket riktigt s\u00e5 stod Aska men tyv\u00e4rr s\u00e5 trampades f\u00e5gel upp utan att Aska fick visa avancen. Aska sprang sedan p\u00e5 ok, men hon st\u00f6rdes lite av parkamratens pipa och v\u00e4nde s\u00e5 fort som denne bl\u00e5ste (j\u00e4kla piplydnad) s\u00e5 hon fick aldrig riktigt full vidd som hon vanligtvis g\u00e5r med.<\/p>\n<p>N\u00e4r\u2026. alla hundar var klara p\u00e5 f\u00e4ltet s\u00e5 var det dags f\u00f6r apporterings rutan. 4st vilt (ganska s\u00e5 tinade) lades ut i en gr\u00e4sbacke p\u00e5 ca: 50 meters sidor och p\u00e5 3 minuter skulle dessa bringas till f\u00f6raren och domaren skulle bed\u00f6ma apports\u00f6ket, greppet och s\u00e4kert \u00e4nnu flera listiga saker som domare g\u00e4rna tittar p\u00e5.<\/p>\n<p>Elva gick ut som hund nr 2 i denna ruta och p\u00e5 de 3 minuter hon hade p\u00e5 sig s\u00e5 klarade hon inte att hitta fler \u00e4n 2 f\u00e5glar\u2026 Hhmmmmm?? Hon \u00e4r normalt riktigt duktig p\u00e5 detta s\u00e5 jag var lite brydd!!??<\/p>\n<p>N\u00e5ja\u2026. Aska\u00a0 stod strax p\u00e5 tur och presterade ett kanons\u00f6k och fick i alla 4 apporterna p\u00e5 strax \u00f6ver 2 minuter\u2026 G\u00d6TT\u2026 nu var vi nog riktigt med i matchen??<\/p>\n<p>Efter\u2026. lite k\u00e4k s\u00e5 tog \u00e4ntligen Lars Thulin till orda och f\u00f6rkunnade att han var glad \u00f6ver att f\u00e5 sett s\u00e5 m\u00e5nga duktiga hundar \u00f6ver dagen.\u00a0 Engelska laget var inte riktigt med p\u00e5 banan f\u00f6rkunnade han men sedan s\u00e5 var det j\u00e4mt. Vorsteh laget 56p och Bretonlaget 56p\u2026. allts\u00e5 oavgjort???<\/p>\n<p>N\u00e4 s\u00e5 skulle det inte bli, det skulle ju avg\u00f6ras och detta gjordes med att han valde Bretonlaget som vinnare\u00a0 f\u00f6r att Aska hade som enda hund \u00a0f\u00e5tt in alla sina apporter p\u00e5 ett kanon bra s\u00e4tt. JiIIPPPPiiiii\u2026.. D\u00e4r satt den\u2026 spiken allts\u00e5.<\/p>\n<figure id=\"attachment_2343\" aria-describedby=\"caption-attachment-2343\" style=\"width: 300px\" class=\"wp-caption alignright\"><a href=\"https:\/\/almkullens.se\/wp-content\/uploads\/2013\/11\/Dagens-b\u00e4sta-ekipage.-Johanna-och-Almkullens-Aska.jpg\" rel=\"lightbox[2340]\"><img loading=\"lazy\" decoding=\"async\" class=\"size-medium wp-image-2343\" alt=\"Dagens b\u00e4sta ekipage. Johanna och Almkullens Aska\" src=\"https:\/\/almkullens.se\/wp-content\/uploads\/2013\/11\/Dagens-b\u00e4sta-ekipage.-Johanna-och-Almkullens-Aska-300x225.jpg\" width=\"300\" height=\"225\" srcset=\"https:\/\/almkullens.se\/wp-content\/uploads\/2013\/11\/Dagens-b\u00e4sta-ekipage.-Johanna-och-Almkullens-Aska-300x225.jpg 300w, https:\/\/almkullens.se\/wp-content\/uploads\/2013\/11\/Dagens-b\u00e4sta-ekipage.-Johanna-och-Almkullens-Aska-1024x768.jpg 1024w\" sizes=\"auto, (max-width: 300px) 100vw, 300px\" \/><\/a><figcaption id=\"caption-attachment-2343\" class=\"wp-caption-text\">Dagens b\u00e4sta ekipage. Johanna och Almkullens Aska<\/figcaption><\/figure>\n<p>Inte nog med detta, Aska blev \u00e4ven korad som dagens b\u00e4sta hund med 26 po\u00e4ng, Elva fick hederv\u00e4rda 24 po\u00e4ng, men jag tror att jag kommer att f\u00e5 lite problem nu i veckan f\u00f6r hornen p\u00e5 henne (Johanna) har b\u00f6rjat v\u00e4xa och hon har redan p\u00e5mint mig ett antal g\u00e5nger i bilen p\u00e5 v\u00e4gen hem\u00a0 att hon \u00e4r \u201dBIF\u201d\u2026. (b\u00e4st i familjen) men det bjuder jag s\u00e5 g\u00e4rna p\u00e5\u2026 halva Aska \u00e4r ju min.. \ud83d\ude09<\/p>\n<p>Det\u2026\u00a0 var naturligtvis m\u00e5nga grattis fr\u00e5n alla deltagarna men de lovade att komma igen n\u00e4sta \u00e5r. Detta \u00e4r en riktigt trevlig tillst\u00e4llning och det \u00e4r intressant att se \u00f6vriga raser, s\u00e5 boka g\u00e4rna i f\u00f6rsta s\u00f6ndagen i november n\u00e4sta \u00e5r\u2026. Det \u00e4r d\u00e5 som segern ska f\u00f6rsvaras\u2026<\/p>\n<p>H\u00e4r \u00e4r en l\u00e4nk till en film som SVK \u00f6stra har p\u00e5 sin hemsida. <a href=\"http:\/\/vimeo.com\/79033400\">F\u00e5gelhundsmatchen 2013<\/a>.<\/p>\n<p><a href=\"https:\/\/www.facebook.com\/photo.php?v=552742634802700\">H\u00e4r \u00e4r en film till!<\/a>\u00a0av Bo Olsson<\/p>\n<p>Skitjakt p\u00e5 er..<\/p>\n<p>Peter &amp; Elva<\/p>\n<p>&nbsp;<\/p>\n","protected":false},"excerpt":{"rendered":"<p>F\u00e5gelhunds Matchen \u00f6stra Sverige. L\u00e5ngtora 2013 Nu \u2026 s\u00e5 kan vi i klubben str\u00e4cka p\u00e5 oss lite till\u2026. F\u00f6r n\u00e5gra veckor sedan s\u00e5 ringde Mikael Sj\u00f6lander och fr\u00e5gade om vi ville st\u00e4lla upp med n\u00e5gra av v\u00e5ra hundar f\u00f6r bretonklubben d\u00e5 de \u00f6stra regionerna budade till f\u00e5gelhundsmatch. Jag lovade att t\u00e4nka p\u00e5 det, f\u00f6r det [&hellip;]<\/p>\n","protected":false},"author":1,"featured_media":0,"comment_status":"open","ping_status":"open","sticky":false,"template":"","format":"standard","meta":{"_crdt_document":"","advgb_blocks_editor_width":"","advgb_blocks_columns_visual_guide":"","_jetpack_memberships_contains_paid_content":false,"footnotes":""},"categories":[1],"tags":[],"class_list":["post-2340","post","type-post","status-publish","format-standard","hentry","category-hem","entry"],"author_meta":{"display_name":"Peter &amp; Johanna","author_link":"https:\/\/almkullens.se\/?author=1"},"featured_img":null,"jetpack_featured_media_url":"","coauthors":[],"tax_additional":{"categories":{"linked":["<a href=\"https:\/\/almkullens.se\/?cat=1\" class=\"advgb-post-tax-term\">Hem<\/a>"],"unlinked":["<span class=\"advgb-post-tax-term\">Hem<\/span>"]}},"comment_count":"2","relative_dates":{"created":"Publicerad 12 \u00e5r sedan","modified":"Uppdaterad 12 \u00e5r sedan"},"absolute_dates":{"created":"Publicerat den 10 november, 2013","modified":"Uppdaterad den 15 november, 2013"},"absolute_dates_time":{"created":"Publicerat den 10 november, 2013 08:18","modified":"Uppdaterad den 15 november, 2013 18:07"},"featured_img_caption":"","series_order":"","jetpack_sharing_enabled":true,"_links":{"self":[{"href":"https:\/\/almkullens.se\/index.php?rest_route=\/wp\/v2\/posts\/2340","targetHints":{"allow":["GET"]}}],"collection":[{"href":"https:\/\/almkullens.se\/index.php?rest_route=\/wp\/v2\/posts"}],"about":[{"href":"https:\/\/almkullens.se\/index.php?rest_route=\/wp\/v2\/types\/post"}],"author":[{"embeddable":true,"href":"https:\/\/almkullens.se\/index.php?rest_route=\/wp\/v2\/users\/1"}],"replies":[{"embeddable":true,"href":"https:\/\/almkullens.se\/index.php?rest_route=%2Fwp%2Fv2%2Fcomments&post=2340"}],"version-history":[{"count":6,"href":"https:\/\/almkullens.se\/index.php?rest_route=\/wp\/v2\/posts\/2340\/revisions"}],"predecessor-version":[{"id":2348,"href":"https:\/\/almkullens.se\/index.php?rest_route=\/wp\/v2\/posts\/2340\/revisions\/2348"}],"wp:attachment":[{"href":"https:\/\/almkullens.se\/index.php?rest_route=%2Fwp%2Fv2%2Fmedia&parent=2340"}],"wp:term":[{"taxonomy":"category","embeddable":true,"href":"https:\/\/almkullens.se\/index.php?rest_route=%2Fwp%2Fv2%2Fcategories&post=2340"},{"taxonomy":"post_tag","embeddable":true,"href":"https:\/\/almkullens.se\/index.php?rest_route=%2Fwp%2Fv2%2Ftags&post=2340"}],"curies":[{"name":"wp","href":"https:\/\/api.w.org\/{rel}","templated":true}]}}