{"id":2245,"date":"2013-10-01T13:52:05","date_gmt":"2013-10-01T11:52:05","guid":{"rendered":"http:\/\/almkullens.se\/?p=2245"},"modified":"2013-10-01T13:52:05","modified_gmt":"2013-10-01T11:52:05","slug":"jaktprov-vm-uttagning","status":"publish","type":"post","link":"https:\/\/almkullens.se\/?p=2245","title":{"rendered":"Jaktprov &#038; VM-uttagning"},"content":{"rendered":"<figure id=\"attachment_2246\" aria-describedby=\"caption-attachment-2246\" style=\"width: 300px\" class=\"wp-caption alignright\"><a href=\"https:\/\/almkullens.se\/wp-content\/uploads\/2013\/10\/130929-095-prov-agnestad.jpg\" rel=\"lightbox[2245]\"><img loading=\"lazy\" decoding=\"async\" class=\"size-medium wp-image-2246\" alt=\"alla s\u00f6ndagens pristagare\" src=\"https:\/\/almkullens.se\/wp-content\/uploads\/2013\/10\/130929-095-prov-agnestad-300x200.jpg\" width=\"300\" height=\"200\" srcset=\"https:\/\/almkullens.se\/wp-content\/uploads\/2013\/10\/130929-095-prov-agnestad-300x200.jpg 300w, https:\/\/almkullens.se\/wp-content\/uploads\/2013\/10\/130929-095-prov-agnestad-1024x682.jpg 1024w\" sizes=\"auto, (max-width: 300px) 100vw, 300px\" \/><\/a><figcaption id=\"caption-attachment-2246\" class=\"wp-caption-text\">alla s\u00f6ndagens pristagare<\/figcaption><\/figure>\n<p>I helgen har det varit Jaktprov f\u00f6r Aska och mej (Johanna) och VM-uttagning f\u00f6r Elva och Peter, allt har g\u00e5tt str\u00e5lande! Elva &amp; Peter blev uttagna till VM i Kroatsien och Jag &amp; Aska fick 1:a pris i Ekl b\u00e5da dagarna!!! Nu saknas &#8221;bara&#8221; ett f\u00f6rstapris f\u00f6r att f\u00e5 Championatet&#8230; Duktiga Aska har inom en m\u00e5nad tagit pris p\u00e5 alla underlag och vi \u00e4r s\u00e5 stolta \u00f6ver henne!<\/p>\n<figure id=\"attachment_2247\" aria-describedby=\"caption-attachment-2247\" style=\"width: 300px\" class=\"wp-caption alignright\"><a href=\"https:\/\/almkullens.se\/wp-content\/uploads\/2013\/10\/20130929_150020-prov-agnestad.jpg\" rel=\"lightbox[2245]\"><img loading=\"lazy\" decoding=\"async\" class=\"size-medium wp-image-2247\" alt=\"Johanna &amp; Aska p\u00e5 provet p\u00e5 Agnesdad\" src=\"https:\/\/almkullens.se\/wp-content\/uploads\/2013\/10\/20130929_150020-prov-agnestad-300x225.jpg\" width=\"300\" height=\"225\" srcset=\"https:\/\/almkullens.se\/wp-content\/uploads\/2013\/10\/20130929_150020-prov-agnestad-300x225.jpg 300w, https:\/\/almkullens.se\/wp-content\/uploads\/2013\/10\/20130929_150020-prov-agnestad-1024x768.jpg 1024w\" sizes=\"auto, (max-width: 300px) 100vw, 300px\" \/><\/a><figcaption id=\"caption-attachment-2247\" class=\"wp-caption-text\">Johanna &amp; Aska p\u00e5 provet p\u00e5 Agnesdad<\/figcaption><\/figure>\n<p>2:a pris \u00d6kl Skog<br \/>\n1:a pris \u00d6kl Fj\u00e4ll + 2:a pris \u00d6kl Fj\u00e4ll<br \/>\n1:a pris Ekl F\u00e4lt + 1:a pris Ekl F\u00e4lt<\/p>\n<figure id=\"attachment_2252\" aria-describedby=\"caption-attachment-2252\" style=\"width: 300px\" class=\"wp-caption alignleft\"><a href=\"https:\/\/almkullens.se\/wp-content\/uploads\/2013\/10\/1214.jpg\" rel=\"lightbox[2245]\"><img loading=\"lazy\" decoding=\"async\" class=\"size-medium wp-image-2252\" alt=\"Elva\" src=\"https:\/\/almkullens.se\/wp-content\/uploads\/2013\/10\/1214-300x199.jpg\" width=\"300\" height=\"199\" srcset=\"https:\/\/almkullens.se\/wp-content\/uploads\/2013\/10\/1214-300x199.jpg 300w, https:\/\/almkullens.se\/wp-content\/uploads\/2013\/10\/1214-1024x682.jpg 1024w, https:\/\/almkullens.se\/wp-content\/uploads\/2013\/10\/1214.jpg 1748w\" sizes=\"auto, (max-width: 300px) 100vw, 300px\" \/><\/a><figcaption id=\"caption-attachment-2252\" class=\"wp-caption-text\">Elva<\/figcaption><\/figure>\n","protected":false},"excerpt":{"rendered":"<p>I helgen har det varit Jaktprov f\u00f6r Aska och mej (Johanna) och VM-uttagning f\u00f6r Elva och Peter, allt har g\u00e5tt str\u00e5lande! Elva &amp; Peter blev uttagna till VM i Kroatsien och Jag &amp; Aska fick 1:a pris i Ekl b\u00e5da dagarna!!! Nu saknas &#8221;bara&#8221; ett f\u00f6rstapris f\u00f6r att f\u00e5 Championatet&#8230; Duktiga Aska har inom en [&hellip;]<\/p>\n","protected":false},"author":1,"featured_media":0,"comment_status":"open","ping_status":"open","sticky":false,"template":"","format":"standard","meta":{"_crdt_document":"","advgb_blocks_editor_width":"","advgb_blocks_columns_visual_guide":"","_jetpack_memberships_contains_paid_content":false,"footnotes":""},"categories":[1],"tags":[],"class_list":["post-2245","post","type-post","status-publish","format-standard","hentry","category-hem","entry"],"author_meta":{"display_name":"Peter &amp; Johanna","author_link":"https:\/\/almkullens.se\/?author=1"},"featured_img":null,"jetpack_featured_media_url":"","coauthors":[],"tax_additional":{"categories":{"linked":["<a href=\"https:\/\/almkullens.se\/?cat=1\" class=\"advgb-post-tax-term\">Hem<\/a>"],"unlinked":["<span class=\"advgb-post-tax-term\">Hem<\/span>"]}},"comment_count":"4","relative_dates":{"created":"Publicerad 13 \u00e5r sedan","modified":"Uppdaterad 13 \u00e5r sedan"},"absolute_dates":{"created":"Publicerat den 1 oktober, 2013","modified":"Uppdaterad den 1 oktober, 2013"},"absolute_dates_time":{"created":"Publicerat den 1 oktober, 2013 13:52","modified":"Uppdaterad den 1 oktober, 2013 13:52"},"featured_img_caption":"","series_order":"","jetpack_sharing_enabled":true,"_links":{"self":[{"href":"https:\/\/almkullens.se\/index.php?rest_route=\/wp\/v2\/posts\/2245","targetHints":{"allow":["GET"]}}],"collection":[{"href":"https:\/\/almkullens.se\/index.php?rest_route=\/wp\/v2\/posts"}],"about":[{"href":"https:\/\/almkullens.se\/index.php?rest_route=\/wp\/v2\/types\/post"}],"author":[{"embeddable":true,"href":"https:\/\/almkullens.se\/index.php?rest_route=\/wp\/v2\/users\/1"}],"replies":[{"embeddable":true,"href":"https:\/\/almkullens.se\/index.php?rest_route=%2Fwp%2Fv2%2Fcomments&post=2245"}],"version-history":[{"count":5,"href":"https:\/\/almkullens.se\/index.php?rest_route=\/wp\/v2\/posts\/2245\/revisions"}],"predecessor-version":[{"id":2253,"href":"https:\/\/almkullens.se\/index.php?rest_route=\/wp\/v2\/posts\/2245\/revisions\/2253"}],"wp:attachment":[{"href":"https:\/\/almkullens.se\/index.php?rest_route=%2Fwp%2Fv2%2Fmedia&parent=2245"}],"wp:term":[{"taxonomy":"category","embeddable":true,"href":"https:\/\/almkullens.se\/index.php?rest_route=%2Fwp%2Fv2%2Fcategories&post=2245"},{"taxonomy":"post_tag","embeddable":true,"href":"https:\/\/almkullens.se\/index.php?rest_route=%2Fwp%2Fv2%2Ftags&post=2245"}],"curies":[{"name":"wp","href":"https:\/\/api.w.org\/{rel}","templated":true}]}}