{"id":2234,"date":"2013-09-16T09:56:42","date_gmt":"2013-09-16T07:56:42","guid":{"rendered":"http:\/\/almkullens.se\/?p=2234"},"modified":"2013-09-16T09:56:42","modified_gmt":"2013-09-16T07:56:42","slug":"a-kullen-levererar","status":"publish","type":"post","link":"https:\/\/almkullens.se\/?p=2234","title":{"rendered":"A-kullen levererar!"},"content":{"rendered":"<p>[singlepic id=854 w=320 h=240 float=right]Vi gratulerar duktiga Mats Andersson som med sin Almkullens Alonso fick ett 2: pris \u00d6kl Fj\u00e4ll ig\u00e5r, \u00e4ven Akira som startar i Ekl hade g\u00e5tt riktigt bra i helgen men tyv\u00e4rr inte kommit f\u00f6r f\u00e5gel. Almkullens Bess har ocks\u00e5 hon startat p\u00e5 Fj\u00e4llprov i Ukl, inte heller hon gick till pris, men hon hade ocks\u00e5 sk\u00f6tt sig bra, kul att h\u00f6ra!<\/p>\n<p>Sist men inte minst m\u00e5ste vi ocks\u00e5 Gratulera Lina Andersson som med sin El Cobra nu har blivit SE JCH!<\/p>\n<p>Vilken kull du f\u00f6dde upp Marina Bengtsson! B\u00e5de P\u00e5lamalmens Elva och P\u00e5lamalmens El Cobra \u00e4r nu dubbelchampions! 3 av hanarna i kullen \u00e4r s\u00e5lda utomlands och \u00e4ven de g\u00e5r riktigt bra, en har tex, vunnit medelhavscupen.<\/p>\n","protected":false},"excerpt":{"rendered":"<p>[singlepic id=854 w=320 h=240 float=right]Vi gratulerar duktiga Mats Andersson som med sin Almkullens Alonso fick ett 2: pris \u00d6kl Fj\u00e4ll ig\u00e5r, \u00e4ven Akira som startar i Ekl hade g\u00e5tt riktigt bra i helgen men tyv\u00e4rr inte kommit f\u00f6r f\u00e5gel. Almkullens Bess har ocks\u00e5 hon startat p\u00e5 Fj\u00e4llprov i Ukl, inte heller hon gick till pris, [&hellip;]<\/p>\n","protected":false},"author":1,"featured_media":0,"comment_status":"open","ping_status":"open","sticky":false,"template":"","format":"standard","meta":{"_crdt_document":"","advgb_blocks_editor_width":"","advgb_blocks_columns_visual_guide":"","_jetpack_memberships_contains_paid_content":false,"footnotes":""},"categories":[1],"tags":[],"class_list":["post-2234","post","type-post","status-publish","format-standard","hentry","category-hem","entry"],"author_meta":{"display_name":"Peter &amp; Johanna","author_link":"https:\/\/almkullens.se\/?author=1"},"featured_img":null,"jetpack_featured_media_url":"","coauthors":[],"tax_additional":{"categories":{"linked":["<a href=\"https:\/\/almkullens.se\/?cat=1\" class=\"advgb-post-tax-term\">Hem<\/a>"],"unlinked":["<span class=\"advgb-post-tax-term\">Hem<\/span>"]}},"comment_count":"1","relative_dates":{"created":"Publicerad 13 \u00e5r sedan","modified":"Uppdaterad 13 \u00e5r sedan"},"absolute_dates":{"created":"Publicerat den 16 september, 2013","modified":"Uppdaterad den 16 september, 2013"},"absolute_dates_time":{"created":"Publicerat den 16 september, 2013 09:56","modified":"Uppdaterad den 16 september, 2013 09:56"},"featured_img_caption":"","series_order":"","jetpack_sharing_enabled":true,"_links":{"self":[{"href":"https:\/\/almkullens.se\/index.php?rest_route=\/wp\/v2\/posts\/2234","targetHints":{"allow":["GET"]}}],"collection":[{"href":"https:\/\/almkullens.se\/index.php?rest_route=\/wp\/v2\/posts"}],"about":[{"href":"https:\/\/almkullens.se\/index.php?rest_route=\/wp\/v2\/types\/post"}],"author":[{"embeddable":true,"href":"https:\/\/almkullens.se\/index.php?rest_route=\/wp\/v2\/users\/1"}],"replies":[{"embeddable":true,"href":"https:\/\/almkullens.se\/index.php?rest_route=%2Fwp%2Fv2%2Fcomments&post=2234"}],"version-history":[{"count":2,"href":"https:\/\/almkullens.se\/index.php?rest_route=\/wp\/v2\/posts\/2234\/revisions"}],"predecessor-version":[{"id":2238,"href":"https:\/\/almkullens.se\/index.php?rest_route=\/wp\/v2\/posts\/2234\/revisions\/2238"}],"wp:attachment":[{"href":"https:\/\/almkullens.se\/index.php?rest_route=%2Fwp%2Fv2%2Fmedia&parent=2234"}],"wp:term":[{"taxonomy":"category","embeddable":true,"href":"https:\/\/almkullens.se\/index.php?rest_route=%2Fwp%2Fv2%2Fcategories&post=2234"},{"taxonomy":"post_tag","embeddable":true,"href":"https:\/\/almkullens.se\/index.php?rest_route=%2Fwp%2Fv2%2Ftags&post=2234"}],"curies":[{"name":"wp","href":"https:\/\/api.w.org\/{rel}","templated":true}]}}