{"id":2198,"date":"2013-09-12T12:25:52","date_gmt":"2013-09-12T10:25:52","guid":{"rendered":"http:\/\/almkullens.se\/?p=2198"},"modified":"2013-10-06T11:51:45","modified_gmt":"2013-10-06T09:51:45","slug":"nordligare-breddgrader","status":"publish","type":"post","link":"https:\/\/almkullens.se\/?p=2198","title":{"rendered":"Nordligare breddgrader.."},"content":{"rendered":"<p>[singlepic id=1786 w=320 h=240 float=right]Den som v\u00e4ntar p\u00e5 n\u00e5got gott&#8230;.. Nu s\u00e5 var en av h\u00f6stens riktiga h\u00f6jdpunkter till \u00e4nda.<\/p>\n<p>Fj\u00e4lljakten \u00e4r ju f\u00f6r m\u00e5nga en av de mest efterl\u00e4ngtade stunder f\u00f6r de som har en st\u00e5ende f\u00e5gelhund och s\u00e5 \u00e4ven f\u00f6r oss. Vi var \u00e4ven i \u00e5r i trakterna av Stora Bl\u00e5sj\u00f6n och det visade sig trots lite dystra rapporter om d\u00e5lig f\u00e5geltillg\u00e5ng att f\u00e5glarna fanns d\u00e4r som de borde finnas. Vi ska be att f\u00e5 tacka alla i s\u00e4llskapet f\u00f6r fina jaktdagar och h\u00e4rliga stunder och m\u00e5nga skratt p\u00e5 kv\u00e4llarna. M\u00e5nga fina prestationer av hundarna kommer att finnas i v\u00e5rat minne, men de bomskott, efterg\u00e5ngar och knallar \u00e4r ju \u00e4nd\u00e5 det som vi kommer att komma ih\u00e5g l\u00e4ngst&#8230;. det \u00e4r ju dessa situationer som som vi kommer att sitta och ljuga \u00f6ver d\u00e5 minnet b\u00f6rjar svika en.<\/p>\n<figure id=\"attachment_2205\" aria-describedby=\"caption-attachment-2205\" style=\"width: 300px\" class=\"wp-caption alignleft\"><a href=\"https:\/\/almkullens.se\/wp-content\/uploads\/2013\/09\/Tre-riktigt-bl\u00f6ta-pristagare.-1a-pris-f\u00f6r-Akira-i-mitten.-Flankerad-av-Origo-och-Aska-b\u00e5da-2a-pris..jpg\" rel=\"lightbox[2198]\"><img loading=\"lazy\" decoding=\"async\" class=\" wp-image-2205 \" alt=\"1:a pris Stefan H\u00f6rnlund med Almkullens Akira i mitten flankerad av 2:pristagarna Pigge med Eirams Otrolige Origo och Johanna med Almkullens Aska! Foto: Pigges.\" src=\"https:\/\/almkullens.se\/wp-content\/uploads\/2013\/09\/Tre-riktigt-bl\u00f6ta-pristagare.-1a-pris-f\u00f6r-Akira-i-mitten.-Flankerad-av-Origo-och-Aska-b\u00e5da-2a-pris.-300x247.jpg\" width=\"300\" height=\"247\" srcset=\"https:\/\/almkullens.se\/wp-content\/uploads\/2013\/09\/Tre-riktigt-bl\u00f6ta-pristagare.-1a-pris-f\u00f6r-Akira-i-mitten.-Flankerad-av-Origo-och-Aska-b\u00e5da-2a-pris.-300x247.jpg 300w, https:\/\/almkullens.se\/wp-content\/uploads\/2013\/09\/Tre-riktigt-bl\u00f6ta-pristagare.-1a-pris-f\u00f6r-Akira-i-mitten.-Flankerad-av-Origo-och-Aska-b\u00e5da-2a-pris..jpg 500w\" sizes=\"auto, (max-width: 300px) 100vw, 300px\" \/><\/a><figcaption id=\"caption-attachment-2205\" class=\"wp-caption-text\">1:a pris Stefan H\u00f6rnlund med Almkullens Akira i mitten flankerad av 2:pristagarna Pigge med Eirams Otrolige Origo och Johanna med Almkullens Aska! Foto: Pigges.<\/figcaption><\/figure>\n<p>N\u00e4r sj\u00e4lva huvudjakten var \u00f6ver f\u00f6r i\u00e5r s\u00e5 \u00e5kte vi till Hemsta f\u00f6r att deltaga i Bretonklubbens skogsprov som h\u00f6lls i trakterna utanf\u00f6r \u00c5sele. Att \u00e5ka p\u00e5 ett skogsprov med en hund som \u00e4r utbildad p\u00e5 f\u00e4lt och taggad att g\u00e5 t\u00e4mmeligen stort p\u00e5 fj\u00e4ll kan ju skapa lite problem, men Aska sk\u00f6tte sig med den \u00e4ran och stod som enda pristagare efter l\u00f6rdagens prov med 2:a \u00f6kl, gissa om vi var glada. Andra provdagen s\u00e5 fick tyv\u00e4rr inte Aska n\u00e5got godk\u00e4nt f\u00e5gelarbete men hon sk\u00f6tte sig med den \u00e4ran och gick riktigt bra, sa domaren Ulf Rickardsson. Trots detta s\u00e5 var det stor gl\u00e4dje f\u00f6r Askas syster Almkullens Akira fick ett 1:a pris i \u00f6kl efter en gedigen insats och ett fint f\u00e5gelarbete. Stort GRATTIS till dig Stefan H\u00f6rnlund. Det var en stor gl\u00e4dje f\u00f6r oss att betala vad som betalas skulle. Det \u00e4r inte utan att man blir lite tagen av detta med skogsjakt, n\u00e4r man med bultande hj\u00e4rta f\u00f6ljer hundens l\u00f6pa \u00f6ver stock och sten f\u00f6r att efter kanske 200 meter h\u00f6ra det tunga uppfloget av en tj\u00e4der som f\u00f6rkunnar att man \u00e5terigen blivit lurad av en allt f\u00f6r listig motst\u00e5ndare.<\/p>\n<p>Skogsjakten som vi hade med Christer &amp; Louise Sandstr\u00f6m var s\u00e5ledes riktigt rolig och trots att det stundtals var lite f\u00f6r skogtr\u00e5ngt f\u00f6r mig s\u00e5 lyckades ju hundarna hitta riktigt bra med f\u00e5gel och en blev faktiskt med hem \ud83d\ude42<\/p>\n<p>[singlepic id=1775 w=320 h=240 float=right]Vi avslutade detta \u00e4ventyr med att starta Aska p\u00e5 Weimaranerklubbens fj\u00e4llprov som gick av stapeln i h\u00e4rliga H\u00e4rjedalen. Mitt\u00e5dalens ripor skulle visa sig vara lite varska n\u00e4r vi v\u00e4l hittade dem i det egentligen allt f\u00f6r fina v\u00e4dret. Men efter l\u00f6rdagen s\u00e5 stod \u00e5terigen Aska som enda pristagare och kunde efter att s\u00f6kt ganska s\u00e5 skapligt i husses och mattes tycke kvittera ut ett 2:a pris i \u00f6kl. S\u00f6ndag och sista chansen p\u00e5 fj\u00e4llet f\u00f6r Aska f\u00f6r denna s\u00e4song b\u00f6rjade riktigt bra. Redan efter 10 min i f\u00f6rsta sl\u00e4pp s\u00e5 st\u00e5r Aska f\u00f6r f\u00e5gel som hon sk\u00f6ter mycket bra och n\u00e4r domare Lars Karlsson senare p\u00e5 dagen meddelar att Aska skulle kopplas f\u00f6r hon var klar f\u00f6r dagen s\u00e5 var vi naturligtvis j\u00e4tte glada \u00e5t att prestationen r\u00e4ckte till ett 1:a pris i \u00f6kl.<\/p>\n<p>Vi tackar alla som bidragit och gjort v\u00e5r vistelse i norr 2013 till den fina upplevelse vi f\u00e5tt&#8230; Dessa minnen kommer v\u00e4l till pass d\u00e5 v\u00e4nersn\u00f6n viner runt knuten framp\u00e5..[nggallery id=101]<\/p>\n<p>&nbsp;<\/p>\n","protected":false},"excerpt":{"rendered":"<p>[singlepic id=1786 w=320 h=240 float=right]Den som v\u00e4ntar p\u00e5 n\u00e5got gott&#8230;.. Nu s\u00e5 var en av h\u00f6stens riktiga h\u00f6jdpunkter till \u00e4nda. Fj\u00e4lljakten \u00e4r ju f\u00f6r m\u00e5nga en av de mest efterl\u00e4ngtade stunder f\u00f6r de som har en st\u00e5ende f\u00e5gelhund och s\u00e5 \u00e4ven f\u00f6r oss. Vi var \u00e4ven i \u00e5r i trakterna av Stora Bl\u00e5sj\u00f6n och det [&hellip;]<\/p>\n","protected":false},"author":1,"featured_media":0,"comment_status":"open","ping_status":"open","sticky":false,"template":"","format":"standard","meta":{"_crdt_document":"","advgb_blocks_editor_width":"","advgb_blocks_columns_visual_guide":"","_jetpack_memberships_contains_paid_content":false,"footnotes":""},"categories":[1],"tags":[],"class_list":["post-2198","post","type-post","status-publish","format-standard","hentry","category-hem","entry"],"author_meta":{"display_name":"Peter &amp; Johanna","author_link":"https:\/\/almkullens.se\/?author=1"},"featured_img":null,"jetpack_featured_media_url":"","coauthors":[],"tax_additional":{"categories":{"linked":["<a href=\"https:\/\/almkullens.se\/?cat=1\" class=\"advgb-post-tax-term\">Hem<\/a>"],"unlinked":["<span class=\"advgb-post-tax-term\">Hem<\/span>"]}},"comment_count":"1","relative_dates":{"created":"Publicerad 13 \u00e5r sedan","modified":"Uppdaterad 13 \u00e5r sedan"},"absolute_dates":{"created":"Publicerat den 12 september, 2013","modified":"Uppdaterad den 6 oktober, 2013"},"absolute_dates_time":{"created":"Publicerat den 12 september, 2013 12:25","modified":"Uppdaterad den 6 oktober, 2013 11:51"},"featured_img_caption":"","series_order":"","jetpack_sharing_enabled":true,"_links":{"self":[{"href":"https:\/\/almkullens.se\/index.php?rest_route=\/wp\/v2\/posts\/2198","targetHints":{"allow":["GET"]}}],"collection":[{"href":"https:\/\/almkullens.se\/index.php?rest_route=\/wp\/v2\/posts"}],"about":[{"href":"https:\/\/almkullens.se\/index.php?rest_route=\/wp\/v2\/types\/post"}],"author":[{"embeddable":true,"href":"https:\/\/almkullens.se\/index.php?rest_route=\/wp\/v2\/users\/1"}],"replies":[{"embeddable":true,"href":"https:\/\/almkullens.se\/index.php?rest_route=%2Fwp%2Fv2%2Fcomments&post=2198"}],"version-history":[{"count":7,"href":"https:\/\/almkullens.se\/index.php?rest_route=\/wp\/v2\/posts\/2198\/revisions"}],"predecessor-version":[{"id":2207,"href":"https:\/\/almkullens.se\/index.php?rest_route=\/wp\/v2\/posts\/2198\/revisions\/2207"}],"wp:attachment":[{"href":"https:\/\/almkullens.se\/index.php?rest_route=%2Fwp%2Fv2%2Fmedia&parent=2198"}],"wp:term":[{"taxonomy":"category","embeddable":true,"href":"https:\/\/almkullens.se\/index.php?rest_route=%2Fwp%2Fv2%2Fcategories&post=2198"},{"taxonomy":"post_tag","embeddable":true,"href":"https:\/\/almkullens.se\/index.php?rest_route=%2Fwp%2Fv2%2Ftags&post=2198"}],"curies":[{"name":"wp","href":"https:\/\/api.w.org\/{rel}","templated":true}]}}