{"id":2173,"date":"2013-08-19T21:28:30","date_gmt":"2013-08-19T19:28:30","guid":{"rendered":"http:\/\/almkullens.se\/?p=2173"},"modified":"2013-08-19T22:16:36","modified_gmt":"2013-08-19T20:16:36","slug":"smatt-gott","status":"publish","type":"post","link":"https:\/\/almkullens.se\/?p=2173","title":{"rendered":"Sm\u00e5tt &#038; Gott"},"content":{"rendered":"<p><a href=\"https:\/\/almkullens.se\/wp-content\/uploads\/2013\/08\/086.jpg\" rel=\"lightbox[2173]\"><img loading=\"lazy\" decoding=\"async\" class=\"alignright size-medium wp-image-2177\" alt=\"Dammen\" src=\"https:\/\/almkullens.se\/wp-content\/uploads\/2013\/08\/086-300x200.jpg\" width=\"300\" height=\"200\" srcset=\"https:\/\/almkullens.se\/wp-content\/uploads\/2013\/08\/086-300x200.jpg 300w, https:\/\/almkullens.se\/wp-content\/uploads\/2013\/08\/086-1024x682.jpg 1024w\" sizes=\"auto, (max-width: 300px) 100vw, 300px\" \/><\/a>Nu s\u00e5 j\u00e4klar&#8230;. Nu s\u00e5 var det l\u00e5ngt sedan det skrevs n\u00e5got h\u00e4r och orsaken heter sommar&#8230;. Bara f\u00f6r att uppdateringen av hemsidan varit bristf\u00e4llig s\u00e5 betyder det inte att det inte h\u00e4nt n\u00e5got, snarare tv\u00e4rt om. Bes\u00f6k av barn och barnbarn, f\u00e5gelsk\u00f6tsel, voli\u00e4rbygge, hundtr\u00e4ning, dammgr\u00e4vning&#8230;. det finns massor som varit roligare att g\u00f6ra i det fina sommarv\u00e4dret \u00e4n att sitta och skriva framf\u00f6r datorn.<\/p>\n<figure id=\"attachment_2185\" aria-describedby=\"caption-attachment-2185\" style=\"width: 300px\" class=\"wp-caption alignleft\"><a href=\"https:\/\/almkullens.se\/wp-content\/uploads\/2013\/08\/132.jpg\" rel=\"lightbox[2173]\"><img loading=\"lazy\" decoding=\"async\" class=\"size-medium wp-image-2185\" alt=\"Demi &amp; Dustin beh\u00f6vde en lekpaus...\" src=\"https:\/\/almkullens.se\/wp-content\/uploads\/2013\/08\/132-300x199.jpg\" width=\"300\" height=\"199\" srcset=\"https:\/\/almkullens.se\/wp-content\/uploads\/2013\/08\/132-300x199.jpg 300w, https:\/\/almkullens.se\/wp-content\/uploads\/2013\/08\/132-1024x682.jpg 1024w\" sizes=\"auto, (max-width: 300px) 100vw, 300px\" \/><\/a><figcaption id=\"caption-attachment-2185\" class=\"wp-caption-text\">Demi &amp; Dustin beh\u00f6vde en lekpaus&#8230;<\/figcaption><\/figure>\n<p>F\u00f6rst m\u00e5ste vi gratulera Mirjam som med sin Almkullens Coda har varit p\u00e5 utst\u00e4llning, han bel\u00f6nades med Excellent HP och Birvalp! Kul! Och bra visat Mirjam! Vi har ju haft f\u00f6rm\u00e5nen att se de flesta av C och D kullen d\u00e5 de varit h\u00e4r p\u00e5 lite dressyrtr\u00e4ning som en av valpk\u00f6parna tyckte vi skulle ha. Vi har tr\u00e4ffats n\u00e5gra g\u00e5nger och det ser riktigt bra ut med lydnaden tycker vi. Vad det strax lider s\u00e5 b\u00f6rjar allvaret och \u00e4ven om det \u00e4r ett tag dit s\u00e5 g\u00e4ller det att h\u00e5lla p\u00e5 med de saker som de m\u00e5ste kunna f\u00f6r det \u00e4r nu det \u00e4r l\u00e4tt att f\u00e5 till det. Jag vet att n\u00e5gra av C-kullens valpar redan b\u00f6rjat tr\u00e4na lite f\u00f6rsiktigt p\u00e5 f\u00e5gel och det \u00e4r precis i r\u00e4tt tid tycker vi&#8230;men&#8230; gl\u00f6m inte det viktigaste&#8230; Massor av ber\u00f6m d\u00e5 de reser, eller f\u00f6r all del kanske st\u00f6ter ibland. Stoppet ska sitta nu och vad g\u00f6r det om de springer efter n\u00e5gra meter&#8230;de \u00e4r ju bara valpar&#8230;tids nog s\u00e5 vet de att man inte ska f\u00f6rf\u00f6lja flygande f\u00e5gel.<\/p>\n<p>Vi har ocks\u00e5 f\u00e5tt ett par annorlunda f\u00e5glar i v\u00e5r volj\u00e4r, en blandning mellan h\u00f6na och fasan ingen av dom har kam men b\u00e5da har fj\u00e4drar p\u00e5 benen, vi har haft tv\u00e5 stycken dv\u00e4rgkochin g\u00e5ende inne hos avelsfasanerna och tydligen \u00e4r det inga problem att f\u00e5 bastarder dem emellan&#8230;<\/p>\n<p>Nu i skrivande stund s\u00e5 \u00e4r det sv\u00e5rt att h\u00e5lla borta tankarna p\u00e5 det som stundar&#8230; Utan tvekan s\u00e5 \u00e4r fj\u00e4lljakten n\u00e5got som vi b\u00e5da s\u00e4tter h\u00f6gt p\u00e5 \u00f6nskelistan och snart s\u00e5 hoppas jag att vi kommer att f\u00e5 se hundarna svepa \u00f6ver fj\u00e4llet och visa var de vita vingarna finns.<\/p>\n<p>Det \u00e4r m\u00e5nga som varit p\u00e5 oss om f\u00e5geltr\u00e4ning och annan tr\u00e4ning. Under l\u00e4nken Hundkurser\/Tr\u00e4ning s\u00e5 finns det nu uppdaterat lite d\u00e5 vi t\u00e4nkt oss ha detta.\u00a0<img decoding=\"async\" class=\"ngg_displayed_gallery mceItem\" alt=\"\" src=\"https:\/\/almkullens.se\/index.php\/nextgen-attach_to_post\/preview\/id--2183\" \/><\/p>\n<p>&nbsp;<\/p>\n","protected":false},"excerpt":{"rendered":"<p>Nu s\u00e5 j\u00e4klar&#8230;. Nu s\u00e5 var det l\u00e5ngt sedan det skrevs n\u00e5got h\u00e4r och orsaken heter sommar&#8230;. Bara f\u00f6r att uppdateringen av hemsidan varit bristf\u00e4llig s\u00e5 betyder det inte att det inte h\u00e4nt n\u00e5got, snarare tv\u00e4rt om. Bes\u00f6k av barn och barnbarn, f\u00e5gelsk\u00f6tsel, voli\u00e4rbygge, hundtr\u00e4ning, dammgr\u00e4vning&#8230;. det finns massor som varit roligare att g\u00f6ra i [&hellip;]<\/p>\n","protected":false},"author":1,"featured_media":0,"comment_status":"open","ping_status":"open","sticky":false,"template":"","format":"standard","meta":{"_crdt_document":"","advgb_blocks_editor_width":"","advgb_blocks_columns_visual_guide":"","_jetpack_memberships_contains_paid_content":false,"footnotes":""},"categories":[1],"tags":[],"class_list":["post-2173","post","type-post","status-publish","format-standard","hentry","category-hem","entry"],"author_meta":{"display_name":"Peter &amp; Johanna","author_link":"https:\/\/almkullens.se\/?author=1"},"featured_img":null,"jetpack_featured_media_url":"","coauthors":[],"tax_additional":{"categories":{"linked":["<a href=\"https:\/\/almkullens.se\/?cat=1\" class=\"advgb-post-tax-term\">Hem<\/a>"],"unlinked":["<span class=\"advgb-post-tax-term\">Hem<\/span>"]}},"comment_count":"0","relative_dates":{"created":"Publicerad 13 \u00e5r sedan","modified":"Uppdaterad 13 \u00e5r sedan"},"absolute_dates":{"created":"Publicerat den 19 augusti, 2013","modified":"Uppdaterad den 19 augusti, 2013"},"absolute_dates_time":{"created":"Publicerat den 19 augusti, 2013 21:28","modified":"Uppdaterad den 19 augusti, 2013 22:16"},"featured_img_caption":"","series_order":"","jetpack_sharing_enabled":true,"_links":{"self":[{"href":"https:\/\/almkullens.se\/index.php?rest_route=\/wp\/v2\/posts\/2173","targetHints":{"allow":["GET"]}}],"collection":[{"href":"https:\/\/almkullens.se\/index.php?rest_route=\/wp\/v2\/posts"}],"about":[{"href":"https:\/\/almkullens.se\/index.php?rest_route=\/wp\/v2\/types\/post"}],"author":[{"embeddable":true,"href":"https:\/\/almkullens.se\/index.php?rest_route=\/wp\/v2\/users\/1"}],"replies":[{"embeddable":true,"href":"https:\/\/almkullens.se\/index.php?rest_route=%2Fwp%2Fv2%2Fcomments&post=2173"}],"version-history":[{"count":9,"href":"https:\/\/almkullens.se\/index.php?rest_route=\/wp\/v2\/posts\/2173\/revisions"}],"predecessor-version":[{"id":2192,"href":"https:\/\/almkullens.se\/index.php?rest_route=\/wp\/v2\/posts\/2173\/revisions\/2192"}],"wp:attachment":[{"href":"https:\/\/almkullens.se\/index.php?rest_route=%2Fwp%2Fv2%2Fmedia&parent=2173"}],"wp:term":[{"taxonomy":"category","embeddable":true,"href":"https:\/\/almkullens.se\/index.php?rest_route=%2Fwp%2Fv2%2Fcategories&post=2173"},{"taxonomy":"post_tag","embeddable":true,"href":"https:\/\/almkullens.se\/index.php?rest_route=%2Fwp%2Fv2%2Ftags&post=2173"}],"curies":[{"name":"wp","href":"https:\/\/api.w.org\/{rel}","templated":true}]}}