{"id":2132,"date":"2013-07-14T15:42:53","date_gmt":"2013-07-14T13:42:53","guid":{"rendered":"http:\/\/almkullens.se\/?p=2132"},"modified":"2013-07-14T15:42:53","modified_gmt":"2013-07-14T13:42:53","slug":"valptraff-med-c-d-kullen","status":"publish","type":"post","link":"https:\/\/almkullens.se\/?p=2132","title":{"rendered":"Valptr\u00e4ff med C &#038; D &#8211; Kullen"},"content":{"rendered":"<p>[singlepic id=1743 w=320 h=240 float=right]Nu var det \u00e4ntligen dax f\u00f6r en valptr\u00e4ff, C-kullen har hunnit bli 6 m\u00e5nader och de 2 som kunde komma var Coda och Castro. D &#8211; kullen har blivit 3 m\u00e5nader och Darwin, Dustin, Disa och Demi kom p\u00e5 tr\u00e4ffen!<\/p>\n<p>Efter att hundar mattar och hussar har f\u00e5tt h\u00e4lsa p\u00e5 varandra s\u00e5 tog vi en tur upp till &#8221;torvstr\u00f6hagen&#8221; d\u00e4r vi testade om fritt f\u00f6lj (kontakt), inkallning och stanna satt som det skulle, det s\u00e5g bra ut men kraven m\u00e5ste f\u00f6rst\u00e5s \u00f6kas i takt med att valparna blir \u00e4ldre och jaktlusten vaknar&#8230;<a href=\"https:\/\/almkullens.se\/wp-content\/uploads\/2013\/07\/909.jpg\" rel=\"lightbox[2132]\"><img loading=\"lazy\" decoding=\"async\" class=\"alignright size-medium wp-image-2138\" alt=\"Almkullens Demi\" src=\"https:\/\/almkullens.se\/wp-content\/uploads\/2013\/07\/909-300x200.jpg\" width=\"300\" height=\"200\" srcset=\"https:\/\/almkullens.se\/wp-content\/uploads\/2013\/07\/909-300x200.jpg 300w, https:\/\/almkullens.se\/wp-content\/uploads\/2013\/07\/909-1024x682.jpg 1024w, https:\/\/almkullens.se\/wp-content\/uploads\/2013\/07\/909.jpg 1200w\" sizes=\"auto, (max-width: 300px) 100vw, 300px\" \/><\/a><\/p>\n<p>Lite vilt fick valparna prova p\u00e5 ocks\u00e5, kul att se n\u00e4r Dustin 3 m\u00e5n b\u00e4r det ena viltet efter det andra&#8230; sedan blev det fri lek en stund innan vi \u00e5t sill &amp; potatis och hundarna fick l\u00e4gga sig och sova en stund. Efter mat &amp; fika gick vi till dammen d\u00e4r b\u00e5de Castro och Coda glatt hoppade i vattnet f\u00f6r att h\u00e4mta en apport, sm\u00e5valparna fick man dock truga lite f\u00f6r att de skulle g\u00e5 i, d\u00e5 \u00e4r \u00f6n bra! Peter bar ut valparna och n\u00e4r de tr\u00f6ttnat s\u00e5 simmar de iland, alla valparna simmar alldeles utm\u00e4rkt, s\u00e5 f\u00f6rhoppningsvis kommer \u00e4ven dom som inte g\u00e5r i frivilligt idag att g\u00f6ra det innan sommaren \u00e4r slut. Vi tackar alla f\u00f6r en kanontrevlig dag med n\u00f6jda och glada hussar o mattar och v\u00e4lm\u00e5ende och glada valpar![nggallery id=98]<\/p>\n<p>&nbsp;<\/p>\n","protected":false},"excerpt":{"rendered":"<p>[singlepic id=1743 w=320 h=240 float=right]Nu var det \u00e4ntligen dax f\u00f6r en valptr\u00e4ff, C-kullen har hunnit bli 6 m\u00e5nader och de 2 som kunde komma var Coda och Castro. D &#8211; kullen har blivit 3 m\u00e5nader och Darwin, Dustin, Disa och Demi kom p\u00e5 tr\u00e4ffen! Efter att hundar mattar och hussar har f\u00e5tt h\u00e4lsa p\u00e5 varandra [&hellip;]<\/p>\n","protected":false},"author":1,"featured_media":0,"comment_status":"open","ping_status":"open","sticky":false,"template":"","format":"standard","meta":{"_crdt_document":"","advgb_blocks_editor_width":"","advgb_blocks_columns_visual_guide":"","_jetpack_memberships_contains_paid_content":false,"footnotes":""},"categories":[1],"tags":[],"class_list":["post-2132","post","type-post","status-publish","format-standard","hentry","category-hem","entry"],"author_meta":{"display_name":"Peter &amp; Johanna","author_link":"https:\/\/almkullens.se\/?author=1"},"featured_img":null,"jetpack_featured_media_url":"","coauthors":[],"tax_additional":{"categories":{"linked":["<a href=\"https:\/\/almkullens.se\/?cat=1\" class=\"advgb-post-tax-term\">Hem<\/a>"],"unlinked":["<span class=\"advgb-post-tax-term\">Hem<\/span>"]}},"comment_count":"1","relative_dates":{"created":"Publicerad 13 \u00e5r sedan","modified":"Uppdaterad 13 \u00e5r sedan"},"absolute_dates":{"created":"Publicerat den 14 juli, 2013","modified":"Uppdaterad den 14 juli, 2013"},"absolute_dates_time":{"created":"Publicerat den 14 juli, 2013 15:42","modified":"Uppdaterad den 14 juli, 2013 15:42"},"featured_img_caption":"","series_order":"","jetpack_sharing_enabled":true,"_links":{"self":[{"href":"https:\/\/almkullens.se\/index.php?rest_route=\/wp\/v2\/posts\/2132","targetHints":{"allow":["GET"]}}],"collection":[{"href":"https:\/\/almkullens.se\/index.php?rest_route=\/wp\/v2\/posts"}],"about":[{"href":"https:\/\/almkullens.se\/index.php?rest_route=\/wp\/v2\/types\/post"}],"author":[{"embeddable":true,"href":"https:\/\/almkullens.se\/index.php?rest_route=\/wp\/v2\/users\/1"}],"replies":[{"embeddable":true,"href":"https:\/\/almkullens.se\/index.php?rest_route=%2Fwp%2Fv2%2Fcomments&post=2132"}],"version-history":[{"count":14,"href":"https:\/\/almkullens.se\/index.php?rest_route=\/wp\/v2\/posts\/2132\/revisions"}],"predecessor-version":[{"id":2147,"href":"https:\/\/almkullens.se\/index.php?rest_route=\/wp\/v2\/posts\/2132\/revisions\/2147"}],"wp:attachment":[{"href":"https:\/\/almkullens.se\/index.php?rest_route=%2Fwp%2Fv2%2Fmedia&parent=2132"}],"wp:term":[{"taxonomy":"category","embeddable":true,"href":"https:\/\/almkullens.se\/index.php?rest_route=%2Fwp%2Fv2%2Fcategories&post=2132"},{"taxonomy":"post_tag","embeddable":true,"href":"https:\/\/almkullens.se\/index.php?rest_route=%2Fwp%2Fv2%2Ftags&post=2132"}],"curies":[{"name":"wp","href":"https:\/\/api.w.org\/{rel}","templated":true}]}}