{"id":2044,"date":"2013-05-25T12:28:24","date_gmt":"2013-05-25T10:28:24","guid":{"rendered":"http:\/\/almkullens.se\/?p=2044"},"modified":"2013-05-25T12:28:24","modified_gmt":"2013-05-25T10:28:24","slug":"bretontraff-6","status":"publish","type":"post","link":"https:\/\/almkullens.se\/?p=2044","title":{"rendered":"Bretontr\u00e4ff"},"content":{"rendered":"<figure id=\"attachment_2045\" aria-describedby=\"caption-attachment-2045\" style=\"width: 300px\" class=\"wp-caption alignright\"><a href=\"https:\/\/almkullens.se\/wp-content\/uploads\/2013\/05\/242.jpg\" rel=\"lightbox[2044]\"><img loading=\"lazy\" decoding=\"async\" class=\"size-medium wp-image-2045 \" alt=\"12 Bretoner, 1 vizla och en Flat var med p\u00e5 tr\u00e4ffen\" src=\"https:\/\/almkullens.se\/wp-content\/uploads\/2013\/05\/242-300x200.jpg\" width=\"300\" height=\"200\" srcset=\"https:\/\/almkullens.se\/wp-content\/uploads\/2013\/05\/242-300x200.jpg 300w, https:\/\/almkullens.se\/wp-content\/uploads\/2013\/05\/242-1024x682.jpg 1024w, https:\/\/almkullens.se\/wp-content\/uploads\/2013\/05\/242.jpg 1200w\" sizes=\"auto, (max-width: 300px) 100vw, 300px\" \/><\/a><figcaption id=\"caption-attachment-2045\" class=\"wp-caption-text\">12 Bretoner, 1 vizla och en Flat var med p\u00e5 tr\u00e4ffen<\/figcaption><\/figure>\n<p>Nu har vi haft v\u00e5r bretontr\u00e4ff i V\u00e4neryr\/v\u00e4stsverige. Vi hade en bra uppslutning av \u201dBretonfolk\u201d och hundar, 12 bretoner med mattar o hussar och \u00e4ven ett par blivande breton\u00e4gare. Vi startade dagen med en liten tipspromenad som vanns av Rita Pryz och f\u00f6ljde sedan upp med ett litet dressyrpass d\u00e4r Peter Nilsson instruerade.<\/p>\n<p>Lagom till korvgrillningen och fikapausen s\u00e5 br\u00f6t solen igenom molnt\u00e4cket, h\u00e4rligt! N\u00e5gra nya kontakter kunde knytas och kanske fick n\u00e5gon en ny tr\u00e4ningskompis? Efter fikat var det d\u00e5 dax f\u00f6r att kora V\u00e4stsveriges bretonm\u00e4stare i apport, den som f\u00e5r in flest apporter p\u00e5 3 min vinner\u2026 Den som vann var Daniel Julander med sin breton Almkullens Auto. Grattis!\u00a0P\u00e5 andra plats kom Gaia med sin f\u00f6rare\/\u00e4gare Helge Larsson, Gaia var en fr\u00f6jd att se d\u00e5 hon tyckte att det h\u00e4r med att apportera var j\u00e4ttekul, en duktig unghund (snart ett \u00e5r) som det skall bli kul att f\u00f6lja.\u00a0Alla pristagarna f\u00e5r \u00e4ven i \u00e5r f\u00f6lja med oss p\u00e5 en f\u00e5geltr\u00e4ning p\u00e5 v\u00e5ra f\u00e4ltmarker. D\u00e5 inte v\u00e5r tidigare m\u00e4stare Peter &amp; Elva vann s\u00e5 \u00e4r det m\u00f6jligt att reglerna \u00e4ndras lite till n\u00e4sta \u00e5r\u2026[nggallery id=89]<\/p>\n","protected":false},"excerpt":{"rendered":"<p>Nu har vi haft v\u00e5r bretontr\u00e4ff i V\u00e4neryr\/v\u00e4stsverige. Vi hade en bra uppslutning av \u201dBretonfolk\u201d och hundar, 12 bretoner med mattar o hussar och \u00e4ven ett par blivande breton\u00e4gare. Vi startade dagen med en liten tipspromenad som vanns av Rita Pryz och f\u00f6ljde sedan upp med ett litet dressyrpass d\u00e4r Peter Nilsson instruerade. Lagom till [&hellip;]<\/p>\n","protected":false},"author":1,"featured_media":0,"comment_status":"open","ping_status":"open","sticky":false,"template":"","format":"standard","meta":{"_crdt_document":"","advgb_blocks_editor_width":"","advgb_blocks_columns_visual_guide":"","_jetpack_memberships_contains_paid_content":false,"footnotes":""},"categories":[1],"tags":[],"class_list":["post-2044","post","type-post","status-publish","format-standard","hentry","category-hem","entry"],"author_meta":{"display_name":"Peter &amp; Johanna","author_link":"https:\/\/almkullens.se\/?author=1"},"featured_img":null,"jetpack_featured_media_url":"","coauthors":[],"tax_additional":{"categories":{"linked":["<a href=\"https:\/\/almkullens.se\/?cat=1\" class=\"advgb-post-tax-term\">Hem<\/a>"],"unlinked":["<span class=\"advgb-post-tax-term\">Hem<\/span>"]}},"comment_count":"3","relative_dates":{"created":"Publicerad 13 \u00e5r sedan","modified":"Uppdaterad 13 \u00e5r sedan"},"absolute_dates":{"created":"Publicerat den 25 maj, 2013","modified":"Uppdaterad den 25 maj, 2013"},"absolute_dates_time":{"created":"Publicerat den 25 maj, 2013 12:28","modified":"Uppdaterad den 25 maj, 2013 12:28"},"featured_img_caption":"","series_order":"","jetpack_sharing_enabled":true,"_links":{"self":[{"href":"https:\/\/almkullens.se\/index.php?rest_route=\/wp\/v2\/posts\/2044","targetHints":{"allow":["GET"]}}],"collection":[{"href":"https:\/\/almkullens.se\/index.php?rest_route=\/wp\/v2\/posts"}],"about":[{"href":"https:\/\/almkullens.se\/index.php?rest_route=\/wp\/v2\/types\/post"}],"author":[{"embeddable":true,"href":"https:\/\/almkullens.se\/index.php?rest_route=\/wp\/v2\/users\/1"}],"replies":[{"embeddable":true,"href":"https:\/\/almkullens.se\/index.php?rest_route=%2Fwp%2Fv2%2Fcomments&post=2044"}],"version-history":[{"count":3,"href":"https:\/\/almkullens.se\/index.php?rest_route=\/wp\/v2\/posts\/2044\/revisions"}],"predecessor-version":[{"id":2048,"href":"https:\/\/almkullens.se\/index.php?rest_route=\/wp\/v2\/posts\/2044\/revisions\/2048"}],"wp:attachment":[{"href":"https:\/\/almkullens.se\/index.php?rest_route=%2Fwp%2Fv2%2Fmedia&parent=2044"}],"wp:term":[{"taxonomy":"category","embeddable":true,"href":"https:\/\/almkullens.se\/index.php?rest_route=%2Fwp%2Fv2%2Fcategories&post=2044"},{"taxonomy":"post_tag","embeddable":true,"href":"https:\/\/almkullens.se\/index.php?rest_route=%2Fwp%2Fv2%2Ftags&post=2044"}],"curies":[{"name":"wp","href":"https:\/\/api.w.org\/{rel}","templated":true}]}}