{"id":2038,"date":"2013-05-22T19:02:09","date_gmt":"2013-05-22T17:02:09","guid":{"rendered":"http:\/\/almkullens.se\/?p=2038"},"modified":"2013-05-22T19:02:09","modified_gmt":"2013-05-22T17:02:09","slug":"valparna","status":"publish","type":"post","link":"https:\/\/almkullens.se\/?p=2038","title":{"rendered":"Valparna"},"content":{"rendered":"<p><a href=\"https:\/\/almkullens.se\/wp-content\/uploads\/2013\/05\/671.jpg\" rel=\"lightbox[2038]\"><img loading=\"lazy\" decoding=\"async\" class=\"alignright size-medium wp-image-2039\" alt=\"Almkullens Dustin\" src=\"https:\/\/almkullens.se\/wp-content\/uploads\/2013\/05\/671-300x200.jpg\" width=\"300\" height=\"200\" srcset=\"https:\/\/almkullens.se\/wp-content\/uploads\/2013\/05\/671-300x200.jpg 300w, https:\/\/almkullens.se\/wp-content\/uploads\/2013\/05\/671-1024x682.jpg 1024w, https:\/\/almkullens.se\/wp-content\/uploads\/2013\/05\/671.jpg 1200w\" sizes=\"auto, (max-width: 300px) 100vw, 300px\" \/><\/a>Valparna i D-kullen har nu hunnit bli 6,5 vecka, bilderna \u00e4r fr\u00e5n i l\u00f6rdags n\u00e4r det var varmt och sk\u00f6nt v\u00e4der f\u00f6r att kunna bada, b\u00e5de Disa och Dustin tog sig en simtur medan de andra n\u00f6jde sig med att doppa tassarna&#8230; Diaz har f\u00e5tt bruna kinder och vi v\u00e4ntar p\u00e5 att han ocks\u00e5 ska f\u00e5 tantecknen \u00f6ver \u00f6gonen, det kan visst dr\u00f6ja lite p\u00e5 en m\u00f6rk tricolor.[nggallery id=88]<\/p>\n","protected":false},"excerpt":{"rendered":"<p>Valparna i D-kullen har nu hunnit bli 6,5 vecka, bilderna \u00e4r fr\u00e5n i l\u00f6rdags n\u00e4r det var varmt och sk\u00f6nt v\u00e4der f\u00f6r att kunna bada, b\u00e5de Disa och Dustin tog sig en simtur medan de andra n\u00f6jde sig med att doppa tassarna&#8230; Diaz har f\u00e5tt bruna kinder och vi v\u00e4ntar p\u00e5 att han ocks\u00e5 ska [&hellip;]<\/p>\n","protected":false},"author":1,"featured_media":0,"comment_status":"open","ping_status":"open","sticky":false,"template":"","format":"standard","meta":{"_crdt_document":"","advgb_blocks_editor_width":"","advgb_blocks_columns_visual_guide":"","_jetpack_memberships_contains_paid_content":false,"footnotes":""},"categories":[1],"tags":[],"class_list":["post-2038","post","type-post","status-publish","format-standard","hentry","category-hem","entry"],"author_meta":{"display_name":"Peter &amp; Johanna","author_link":"https:\/\/almkullens.se\/?author=1"},"featured_img":null,"jetpack_featured_media_url":"","coauthors":[],"tax_additional":{"categories":{"linked":["<a href=\"https:\/\/almkullens.se\/?cat=1\" class=\"advgb-post-tax-term\">Hem<\/a>"],"unlinked":["<span class=\"advgb-post-tax-term\">Hem<\/span>"]}},"comment_count":"0","relative_dates":{"created":"Publicerad 13 \u00e5r sedan","modified":"Uppdaterad 13 \u00e5r sedan"},"absolute_dates":{"created":"Publicerat den 22 maj, 2013","modified":"Uppdaterad den 22 maj, 2013"},"absolute_dates_time":{"created":"Publicerat den 22 maj, 2013 19:02","modified":"Uppdaterad den 22 maj, 2013 19:02"},"featured_img_caption":"","series_order":"","jetpack_sharing_enabled":true,"_links":{"self":[{"href":"https:\/\/almkullens.se\/index.php?rest_route=\/wp\/v2\/posts\/2038","targetHints":{"allow":["GET"]}}],"collection":[{"href":"https:\/\/almkullens.se\/index.php?rest_route=\/wp\/v2\/posts"}],"about":[{"href":"https:\/\/almkullens.se\/index.php?rest_route=\/wp\/v2\/types\/post"}],"author":[{"embeddable":true,"href":"https:\/\/almkullens.se\/index.php?rest_route=\/wp\/v2\/users\/1"}],"replies":[{"embeddable":true,"href":"https:\/\/almkullens.se\/index.php?rest_route=%2Fwp%2Fv2%2Fcomments&post=2038"}],"version-history":[{"count":3,"href":"https:\/\/almkullens.se\/index.php?rest_route=\/wp\/v2\/posts\/2038\/revisions"}],"predecessor-version":[{"id":2042,"href":"https:\/\/almkullens.se\/index.php?rest_route=\/wp\/v2\/posts\/2038\/revisions\/2042"}],"wp:attachment":[{"href":"https:\/\/almkullens.se\/index.php?rest_route=%2Fwp%2Fv2%2Fmedia&parent=2038"}],"wp:term":[{"taxonomy":"category","embeddable":true,"href":"https:\/\/almkullens.se\/index.php?rest_route=%2Fwp%2Fv2%2Fcategories&post=2038"},{"taxonomy":"post_tag","embeddable":true,"href":"https:\/\/almkullens.se\/index.php?rest_route=%2Fwp%2Fv2%2Ftags&post=2038"}],"curies":[{"name":"wp","href":"https:\/\/api.w.org\/{rel}","templated":true}]}}