{"id":2023,"date":"2013-04-28T22:25:22","date_gmt":"2013-04-28T20:25:22","guid":{"rendered":"http:\/\/almkullens.se\/?p=2023"},"modified":"2013-04-28T22:25:22","modified_gmt":"2013-04-28T20:25:22","slug":"grattis-4","status":"publish","type":"post","link":"https:\/\/almkullens.se\/?p=2023","title":{"rendered":"Grattis!!"},"content":{"rendered":"<p>[singlepic id=1572 w=320 h=240 float=right]Vi m\u00e5ste b\u00f6rja med att gratulera Almkullens Akira som ig\u00e5r fick ett 1:a pris i Ukl i Klimpfj\u00e4ll!!! Husse heter Stefan H\u00f6rnlund men det var inte han som denna g\u00e5ng f\u00f6rde Akira till pris utan en god v\u00e4n till honom.. Det e\u00b4g\u00f6tt med s\u00e5dana kompisar&#8230; \ud83d\ude42<\/p>\n<p>D-kullen har blivit 3 veckor och har f\u00e5tt flytta ifr\u00e5n v\u00e5rt sovrum till k\u00f6ket, t\u00e4nderna har b\u00f6rjat komma och de har b\u00f6rjat \u00e4ta lite mat. De v\u00e4xer s\u00e5 det n\u00e4stan knakar och de f\u00f6rsta veckornas ro \u00e4r h\u00e4rmed \u00f6ver. De vakna stunderna blir allt l\u00e4ngre och de \u00e4r alldeles bed\u00e5rande n\u00e4r de tultar runt i valphagen och lika fina \u00e4r de n\u00e4r de tv\u00e4rt somnar d\u00e4r de f\u00f6r stunden befinner sig. Riva h\u00e5ller naturligtvis ett vakande \u00f6ra hela tiden och \u00e4r det n\u00e5got m\u00e4rkligt ljud fr\u00e5n valparna s\u00e5 avbryter hon raskt det hon f\u00f6r tillf\u00e4llet h\u00e5ller p\u00e5 med och \u00e4r snabbt p\u00e5 plats hos valparna och kollar l\u00e4get&#8230;. \u00a0[nggallery id=86]<\/p>\n","protected":false},"excerpt":{"rendered":"<p>[singlepic id=1572 w=320 h=240 float=right]Vi m\u00e5ste b\u00f6rja med att gratulera Almkullens Akira som ig\u00e5r fick ett 1:a pris i Ukl i Klimpfj\u00e4ll!!! Husse heter Stefan H\u00f6rnlund men det var inte han som denna g\u00e5ng f\u00f6rde Akira till pris utan en god v\u00e4n till honom.. Det e\u00b4g\u00f6tt med s\u00e5dana kompisar&#8230; \ud83d\ude42 D-kullen har blivit 3 veckor [&hellip;]<\/p>\n","protected":false},"author":1,"featured_media":0,"comment_status":"open","ping_status":"open","sticky":false,"template":"","format":"standard","meta":{"_crdt_document":"","advgb_blocks_editor_width":"","advgb_blocks_columns_visual_guide":"","_jetpack_memberships_contains_paid_content":false,"footnotes":""},"categories":[1],"tags":[],"class_list":["post-2023","post","type-post","status-publish","format-standard","hentry","category-hem","entry"],"author_meta":{"display_name":"Peter &amp; Johanna","author_link":"https:\/\/almkullens.se\/?author=1"},"featured_img":null,"jetpack_featured_media_url":"","coauthors":[],"tax_additional":{"categories":{"linked":["<a href=\"https:\/\/almkullens.se\/?cat=1\" class=\"advgb-post-tax-term\">Hem<\/a>"],"unlinked":["<span class=\"advgb-post-tax-term\">Hem<\/span>"]}},"comment_count":"1","relative_dates":{"created":"Publicerad 13 \u00e5r sedan","modified":"Uppdaterad 13 \u00e5r sedan"},"absolute_dates":{"created":"Publicerat den 28 april, 2013","modified":"Uppdaterad den 28 april, 2013"},"absolute_dates_time":{"created":"Publicerat den 28 april, 2013 22:25","modified":"Uppdaterad den 28 april, 2013 22:25"},"featured_img_caption":"","series_order":"","jetpack_sharing_enabled":true,"_links":{"self":[{"href":"https:\/\/almkullens.se\/index.php?rest_route=\/wp\/v2\/posts\/2023","targetHints":{"allow":["GET"]}}],"collection":[{"href":"https:\/\/almkullens.se\/index.php?rest_route=\/wp\/v2\/posts"}],"about":[{"href":"https:\/\/almkullens.se\/index.php?rest_route=\/wp\/v2\/types\/post"}],"author":[{"embeddable":true,"href":"https:\/\/almkullens.se\/index.php?rest_route=\/wp\/v2\/users\/1"}],"replies":[{"embeddable":true,"href":"https:\/\/almkullens.se\/index.php?rest_route=%2Fwp%2Fv2%2Fcomments&post=2023"}],"version-history":[{"count":5,"href":"https:\/\/almkullens.se\/index.php?rest_route=\/wp\/v2\/posts\/2023\/revisions"}],"predecessor-version":[{"id":2028,"href":"https:\/\/almkullens.se\/index.php?rest_route=\/wp\/v2\/posts\/2023\/revisions\/2028"}],"wp:attachment":[{"href":"https:\/\/almkullens.se\/index.php?rest_route=%2Fwp%2Fv2%2Fmedia&parent=2023"}],"wp:term":[{"taxonomy":"category","embeddable":true,"href":"https:\/\/almkullens.se\/index.php?rest_route=%2Fwp%2Fv2%2Fcategories&post=2023"},{"taxonomy":"post_tag","embeddable":true,"href":"https:\/\/almkullens.se\/index.php?rest_route=%2Fwp%2Fv2%2Ftags&post=2023"}],"curies":[{"name":"wp","href":"https:\/\/api.w.org\/{rel}","templated":true}]}}