{"id":2017,"date":"2013-04-21T22:19:41","date_gmt":"2013-04-21T20:19:41","guid":{"rendered":"http:\/\/almkullens.se\/?p=2017"},"modified":"2013-04-21T22:19:41","modified_gmt":"2013-04-21T20:19:41","slug":"2-veckor","status":"publish","type":"post","link":"https:\/\/almkullens.se\/?p=2017","title":{"rendered":"2 veckor"},"content":{"rendered":"<p>[singlepic id=1563 w=320 h=240 float=right]Valparna har nu hunnit bli 2 veckor och \u00f6gonen har \u00f6ppnats, de har ocks\u00e5 b\u00f6rjat g\u00e5 lite, men de \u00e4r r\u00e4tt s\u00e5 ostadiga p\u00e5 benen \u00e4n s\u00e5 l\u00e4nge. En svansl\u00f6s hane och Demi, den svansl\u00f6sa tiken, har helt klart brun p\u00e4ls under svansroten&#8230; jag gissar p\u00e5 att de blir m\u00f6rka tricolorer som sin far Fabian!<\/p>\n<p>Vi har ocks\u00e5 haft ett g\u00e4ng kursdeltagare h\u00e4r idag, det \u00e4r alltid lika inspirerande. Det \u00e4r en sk\u00f6n blandning av hundar av olika ras och \u00e5lder. Naturligtvis s\u00e5 kommer de (B\u00e5de f\u00f6rare och hundar) med olika kunskapsniv\u00e5, men detta kommer att bli riktigt bra vad det lider. Tyv\u00e4rr s\u00e5 var inte kameran med s\u00e5 det blev n\u00e5gra bilder p\u00e5 dessa men det kommer om jag k\u00e4nner Johanna och hennes kameravanor.. \ud83d\ude42 \u00a0[nggallery id=85]<\/p>\n","protected":false},"excerpt":{"rendered":"<p>[singlepic id=1563 w=320 h=240 float=right]Valparna har nu hunnit bli 2 veckor och \u00f6gonen har \u00f6ppnats, de har ocks\u00e5 b\u00f6rjat g\u00e5 lite, men de \u00e4r r\u00e4tt s\u00e5 ostadiga p\u00e5 benen \u00e4n s\u00e5 l\u00e4nge. En svansl\u00f6s hane och Demi, den svansl\u00f6sa tiken, har helt klart brun p\u00e4ls under svansroten&#8230; jag gissar p\u00e5 att de blir m\u00f6rka tricolorer [&hellip;]<\/p>\n","protected":false},"author":1,"featured_media":0,"comment_status":"open","ping_status":"open","sticky":false,"template":"","format":"standard","meta":{"_crdt_document":"","advgb_blocks_editor_width":"","advgb_blocks_columns_visual_guide":"","_jetpack_memberships_contains_paid_content":false,"footnotes":""},"categories":[1],"tags":[],"class_list":["post-2017","post","type-post","status-publish","format-standard","hentry","category-hem","entry"],"author_meta":{"display_name":"Peter &amp; Johanna","author_link":"https:\/\/almkullens.se\/?author=1"},"featured_img":null,"jetpack_featured_media_url":"","coauthors":[],"tax_additional":{"categories":{"linked":["<a href=\"https:\/\/almkullens.se\/?cat=1\" class=\"advgb-post-tax-term\">Hem<\/a>"],"unlinked":["<span class=\"advgb-post-tax-term\">Hem<\/span>"]}},"comment_count":"3","relative_dates":{"created":"Publicerad 13 \u00e5r sedan","modified":"Uppdaterad 13 \u00e5r sedan"},"absolute_dates":{"created":"Publicerat den 21 april, 2013","modified":"Uppdaterad den 21 april, 2013"},"absolute_dates_time":{"created":"Publicerat den 21 april, 2013 22:19","modified":"Uppdaterad den 21 april, 2013 22:19"},"featured_img_caption":"","series_order":"","jetpack_sharing_enabled":true,"_links":{"self":[{"href":"https:\/\/almkullens.se\/index.php?rest_route=\/wp\/v2\/posts\/2017","targetHints":{"allow":["GET"]}}],"collection":[{"href":"https:\/\/almkullens.se\/index.php?rest_route=\/wp\/v2\/posts"}],"about":[{"href":"https:\/\/almkullens.se\/index.php?rest_route=\/wp\/v2\/types\/post"}],"author":[{"embeddable":true,"href":"https:\/\/almkullens.se\/index.php?rest_route=\/wp\/v2\/users\/1"}],"replies":[{"embeddable":true,"href":"https:\/\/almkullens.se\/index.php?rest_route=%2Fwp%2Fv2%2Fcomments&post=2017"}],"version-history":[{"count":5,"href":"https:\/\/almkullens.se\/index.php?rest_route=\/wp\/v2\/posts\/2017\/revisions"}],"predecessor-version":[{"id":2022,"href":"https:\/\/almkullens.se\/index.php?rest_route=\/wp\/v2\/posts\/2017\/revisions\/2022"}],"wp:attachment":[{"href":"https:\/\/almkullens.se\/index.php?rest_route=%2Fwp%2Fv2%2Fmedia&parent=2017"}],"wp:term":[{"taxonomy":"category","embeddable":true,"href":"https:\/\/almkullens.se\/index.php?rest_route=%2Fwp%2Fv2%2Fcategories&post=2017"},{"taxonomy":"post_tag","embeddable":true,"href":"https:\/\/almkullens.se\/index.php?rest_route=%2Fwp%2Fv2%2Ftags&post=2017"}],"curies":[{"name":"wp","href":"https:\/\/api.w.org\/{rel}","templated":true}]}}