{"id":1976,"date":"2013-04-04T19:27:51","date_gmt":"2013-04-04T17:27:51","guid":{"rendered":"http:\/\/almkullens.se\/?p=1976"},"modified":"2013-05-23T06:01:45","modified_gmt":"2013-05-23T04:01:45","slug":"bretontraff-5","status":"publish","type":"post","link":"https:\/\/almkullens.se\/?p=1976","title":{"rendered":"Bretontr\u00e4ff"},"content":{"rendered":"<p>[singlepic id=278 w=320 h=240 float=right]Vi hade t\u00e4nkt att ha v\u00e5r \u00e5rliga Bretontr\u00e4ff h\u00e4r nere hos oss i maj.<\/p>\n<p>Dag och plats d\u00e5 vi ska ha detta evenemang \u00e4r&#8230;<\/p>\n<div>\n<p>\u00a0Hemma hos Peter &amp; Johanna i V\u00e4neryr.<\/p>\n<p>L\u00f6rdagen 11\/5 \u00a0kl. 11.00<\/p>\n<p>Ta med fika och om man vill grilla en korv s\u00e5 g\u00e5r det bra f\u00f6r elden kommer att vara t\u00e4nd.<\/p>\n<p>Lite dressyr\u00f6vningar kommer det att bli och naturligtvis s\u00e5 ska \u00e5rets apporteringsm\u00e4stare koras.<\/p>\n<p>Nya, gamla och evetuellt blivande Breton\u00e4gare vill vi ska komma och titta p\u00e5 de hundar som finns h\u00e4r i v\u00e4stra distriktet och\u00a0naturligtvis s\u00e5 \u00e4r alla som vill fr\u00e5n andra lokalavdelningar ocks\u00e5 v\u00e4ldigt v\u00e4lkommna.<\/p>\n<p>Vi hoppas p\u00e5 en sk\u00f6n dag med mycket folk och hundar som har det bara gott&#8230;.<\/p>\n<p>Anm\u00e4lan skickas p\u00e5 mail eller telefon.<\/p>\n<p><a href=\"mailto:peterjohanna@almkullens.se\">peterjohanna@almkullens.se<\/a><\/p>\n<p>Peter tel. 070 3334566<\/p>\n<p>Johanna tel. 0730542880<\/p>\n<p>Hj\u00e4rtligt v\u00e4lkommna..<\/p>\n<\/div>\n","protected":false},"excerpt":{"rendered":"<p>[singlepic id=278 w=320 h=240 float=right]Vi hade t\u00e4nkt att ha v\u00e5r \u00e5rliga Bretontr\u00e4ff h\u00e4r nere hos oss i maj. Dag och plats d\u00e5 vi ska ha detta evenemang \u00e4r&#8230; \u00a0Hemma hos Peter &amp; Johanna i V\u00e4neryr. L\u00f6rdagen 11\/5 \u00a0kl. 11.00 Ta med fika och om man vill grilla en korv s\u00e5 g\u00e5r det bra f\u00f6r elden [&hellip;]<\/p>\n","protected":false},"author":1,"featured_media":0,"comment_status":"open","ping_status":"open","sticky":false,"template":"","format":"standard","meta":{"_crdt_document":"","advgb_blocks_editor_width":"","advgb_blocks_columns_visual_guide":"","_jetpack_memberships_contains_paid_content":false,"footnotes":""},"categories":[1],"tags":[],"class_list":["post-1976","post","type-post","status-publish","format-standard","hentry","category-hem","entry"],"author_meta":{"display_name":"Peter &amp; Johanna","author_link":"https:\/\/almkullens.se\/?author=1"},"featured_img":null,"jetpack_featured_media_url":"","coauthors":[],"tax_additional":{"categories":{"linked":["<a href=\"https:\/\/almkullens.se\/?cat=1\" class=\"advgb-post-tax-term\">Hem<\/a>"],"unlinked":["<span class=\"advgb-post-tax-term\">Hem<\/span>"]}},"comment_count":"0","relative_dates":{"created":"Publicerad 13 \u00e5r sedan","modified":"Uppdaterad 13 \u00e5r sedan"},"absolute_dates":{"created":"Publicerat den 4 april, 2013","modified":"Uppdaterad den 23 maj, 2013"},"absolute_dates_time":{"created":"Publicerat den 4 april, 2013 19:27","modified":"Uppdaterad den 23 maj, 2013 06:01"},"featured_img_caption":"","series_order":"","jetpack_sharing_enabled":true,"_links":{"self":[{"href":"https:\/\/almkullens.se\/index.php?rest_route=\/wp\/v2\/posts\/1976","targetHints":{"allow":["GET"]}}],"collection":[{"href":"https:\/\/almkullens.se\/index.php?rest_route=\/wp\/v2\/posts"}],"about":[{"href":"https:\/\/almkullens.se\/index.php?rest_route=\/wp\/v2\/types\/post"}],"author":[{"embeddable":true,"href":"https:\/\/almkullens.se\/index.php?rest_route=\/wp\/v2\/users\/1"}],"replies":[{"embeddable":true,"href":"https:\/\/almkullens.se\/index.php?rest_route=%2Fwp%2Fv2%2Fcomments&post=1976"}],"version-history":[{"count":9,"href":"https:\/\/almkullens.se\/index.php?rest_route=\/wp\/v2\/posts\/1976\/revisions"}],"predecessor-version":[{"id":1983,"href":"https:\/\/almkullens.se\/index.php?rest_route=\/wp\/v2\/posts\/1976\/revisions\/1983"}],"wp:attachment":[{"href":"https:\/\/almkullens.se\/index.php?rest_route=%2Fwp%2Fv2%2Fmedia&parent=1976"}],"wp:term":[{"taxonomy":"category","embeddable":true,"href":"https:\/\/almkullens.se\/index.php?rest_route=%2Fwp%2Fv2%2Fcategories&post=1976"},{"taxonomy":"post_tag","embeddable":true,"href":"https:\/\/almkullens.se\/index.php?rest_route=%2Fwp%2Fv2%2Ftags&post=1976"}],"curies":[{"name":"wp","href":"https:\/\/api.w.org\/{rel}","templated":true}]}}