{"id":1734,"date":"2012-12-22T15:31:52","date_gmt":"2012-12-22T14:31:52","guid":{"rendered":"http:\/\/almkullens.se\/?p=1734"},"modified":"2012-12-22T15:43:45","modified_gmt":"2012-12-22T14:43:45","slug":"god-jul-o-gott-nytt-ar","status":"publish","type":"post","link":"https:\/\/almkullens.se\/?p=1734","title":{"rendered":"God Jul o Gott Nytt \u00c5r"},"content":{"rendered":"<p>[singlepic id=993 w=320 h=240 float=right][singlepic id=957 w=320 h=240 float=right]H\u00e4r\u00a0kommer en liten summering av \u00e5ret 2012 och vad som h\u00e4nt h\u00e4r p\u00e5 Almkullens Kennel.<\/p>\n<p>Vi b\u00f6rjade i stort sett \u00e5ret med att \u00e5ka till Danmark och parade Riva med F\u00f8nsvigs Darwin, de fick 4 h\u00e4rliga valpar, B-Kullen.<\/p>\n<p>&nbsp;<\/p>\n<p>En dag hade Pysen (katten) f\u00e5ngat en kaninunge, som han hade tagit med sig in i huset via kattluckan. Riva hade sedan burit in kaninen till valparna, som nog tyckte att det var en trevlig lekkamrat&#8230; \u00a0\u00a0Ja j\u00f6sses vad dom hittar p\u00e5&#8230;<\/p>\n<p>Helt oskadd! blev sedan kaninungen utsl\u00e4ppt av Mattias (son). [singlepic id=1148 w=320 h=240 float=left]<\/p>\n<p>A-kullens valpar som i \u00e5r b\u00f6rjat bli s\u00e5 stora att de skulle b\u00f6rja sin jaktliga bana p\u00e5 riktigt hade vi n\u00e5gra tr\u00e4ningar p\u00e5 f\u00e5gel med.\u00a0De flesta kom och fick visa vad de var skapta till och de sk\u00f6tte sig riktigt bra tycker vi. Den kullen har visat sig vara mycket trevliga och l\u00e4tt dresserade&#8230; precis som vi vill ha det.[singlepic id=925 w=320 h=240 float=right]<\/p>\n<p>Vi har haft lite olika sorters evenemang med Bretonklubben och h\u00e4r intill s\u00e5 syns den mycket v\u00e4lmeriterade hanhunden fr\u00e5n Frankrike vid namn Vulcain de Saint Lubin. Det var h\u00e4ftigt att se detta muskelpaket och det \u00e4r gott att veta att det finns avkommor efter honom h\u00e4r uppe i norden.[singlepic id=1065 w=320 h=240 float=left]<\/p>\n<p>P\u00e5 f\u00f6rsommaren s\u00e5 lyckades vi anm\u00e4la Elva till utst\u00e4llning och detta gick riktigt bra.\u00a0Johanna tog tag i sn\u00f6ret och trots skitv\u00e4dret som r\u00e5dde lyckades de springa till sig det tredje och sista certet och Elva kunde l\u00e4gga till titeln SEUCH \ud83d\ude42 \u00a0 \u00a0 \u00a0 \u00a0 \u00a0 \u00a0 \u00a0 \u00a0 \u00a0 \u00a0 \u00a0\u00c4ven Riva och Aska har varit p\u00e5 utst\u00e4llning och bel\u00f6nades med var sitt Exellent.[singlepic id=878 w=320 h=240 float=right]<\/p>\n<p>H\u00f6sten har ju naturligtvis inneh\u00e5llit lite jakt ocks\u00e5. Vi for som vanligt tillsammans med v\u00e5ra goda v\u00e4nner fr\u00e5n Hed\u00e4ngens Kennel till fj\u00e4lls och hade en fantastisk vecka med gott om f\u00e5gel trots alla onda f\u00f6raningar om d\u00e5lig f\u00e5geltillg\u00e5ng. Aska fick bli jakthund p\u00e5 riktigt och de andra hundarna sk\u00f6tte sig med den \u00e4ran.[singlepic id=1150 w=320 h=240 float=left]<\/p>\n<p>N\u00e5gra prov hanns ju ocks\u00e5 med och Aska som hade prio ett i \u00e5r fixade till ett 1:a pris i Ukl. innan hon ol\u00e4mpligt nog b\u00f6rjade l\u00f6pa. Det var inte bara Aska som blev meriterad av valparna i A-Kullen. \u00c4ven Akira och Alonso visade sig p\u00e5 styva linan och gladde sina hussar \/mattar med att g\u00f6ra bra ifr\u00e5n sig med att ta n\u00e5gra priser. Akira fick ett 2:a pris i Ukl. och Alonso fick bl.a ett 1:a pris i Ukl.med HP som b\u00e4sta resultat. \u00c4ven Riva startades upp p\u00e5 3 st prov och detta resulterade i 2st 2:a pris i Ekl.[singlepic id=1207 w=320 h=240 float=right]<\/p>\n<p>Nu n\u00e4r \u00e5ret n\u00e4rmar sig sitt slut s\u00e5 b\u00f6rjar Elva l\u00e4gga till sig med en viss rond\u00f6r. Detta har ju naturligtvis med att g\u00f6ra att vi var i Danmark och parade henne med Midtvejs Loke. Vi f\u00e5r hoppas att det nya \u00e5ret f\u00e5r b\u00f6rja i dur med en ny valpkull och att det blir m\u00e5nga fina och sk\u00f6na sm\u00e5 racer r\u00e5ttor att f\u00f6rmedla till en stor v\u00e4ntande skara.<\/p>\n<p>Med detta s\u00e5 tackar vi valpk\u00f6pare, kompisar och andra intressenter f\u00f6r \u00e5ret som g\u00e5tt och \u00f6nskar er en riktigt GOD JUL &amp; Gott Nytt \u00c5r<\/p>\n","protected":false},"excerpt":{"rendered":"<p>[singlepic id=993 w=320 h=240 float=right][singlepic id=957 w=320 h=240 float=right]H\u00e4r\u00a0kommer en liten summering av \u00e5ret 2012 och vad som h\u00e4nt h\u00e4r p\u00e5 Almkullens Kennel. Vi b\u00f6rjade i stort sett \u00e5ret med att \u00e5ka till Danmark och parade Riva med F\u00f8nsvigs Darwin, de fick 4 h\u00e4rliga valpar, B-Kullen. &nbsp; En dag hade Pysen (katten) f\u00e5ngat en kaninunge, [&hellip;]<\/p>\n","protected":false},"author":1,"featured_media":0,"comment_status":"open","ping_status":"open","sticky":false,"template":"","format":"standard","meta":{"_crdt_document":"","advgb_blocks_editor_width":"","advgb_blocks_columns_visual_guide":"","_jetpack_memberships_contains_paid_content":false,"footnotes":""},"categories":[1],"tags":[],"class_list":["post-1734","post","type-post","status-publish","format-standard","hentry","category-hem","entry"],"author_meta":{"display_name":"Peter &amp; Johanna","author_link":"https:\/\/almkullens.se\/?author=1"},"featured_img":null,"jetpack_featured_media_url":"","coauthors":[],"tax_additional":{"categories":{"linked":["<a href=\"https:\/\/almkullens.se\/?cat=1\" class=\"advgb-post-tax-term\">Hem<\/a>"],"unlinked":["<span class=\"advgb-post-tax-term\">Hem<\/span>"]}},"comment_count":"2","relative_dates":{"created":"Publicerad 13 \u00e5r sedan","modified":"Uppdaterad 13 \u00e5r sedan"},"absolute_dates":{"created":"Publicerat den 22 december, 2012","modified":"Uppdaterad den 22 december, 2012"},"absolute_dates_time":{"created":"Publicerat den 22 december, 2012 15:31","modified":"Uppdaterad den 22 december, 2012 15:43"},"featured_img_caption":"","series_order":"","jetpack_sharing_enabled":true,"_links":{"self":[{"href":"https:\/\/almkullens.se\/index.php?rest_route=\/wp\/v2\/posts\/1734","targetHints":{"allow":["GET"]}}],"collection":[{"href":"https:\/\/almkullens.se\/index.php?rest_route=\/wp\/v2\/posts"}],"about":[{"href":"https:\/\/almkullens.se\/index.php?rest_route=\/wp\/v2\/types\/post"}],"author":[{"embeddable":true,"href":"https:\/\/almkullens.se\/index.php?rest_route=\/wp\/v2\/users\/1"}],"replies":[{"embeddable":true,"href":"https:\/\/almkullens.se\/index.php?rest_route=%2Fwp%2Fv2%2Fcomments&post=1734"}],"version-history":[{"count":35,"href":"https:\/\/almkullens.se\/index.php?rest_route=\/wp\/v2\/posts\/1734\/revisions"}],"predecessor-version":[{"id":1768,"href":"https:\/\/almkullens.se\/index.php?rest_route=\/wp\/v2\/posts\/1734\/revisions\/1768"}],"wp:attachment":[{"href":"https:\/\/almkullens.se\/index.php?rest_route=%2Fwp%2Fv2%2Fmedia&parent=1734"}],"wp:term":[{"taxonomy":"category","embeddable":true,"href":"https:\/\/almkullens.se\/index.php?rest_route=%2Fwp%2Fv2%2Fcategories&post=1734"},{"taxonomy":"post_tag","embeddable":true,"href":"https:\/\/almkullens.se\/index.php?rest_route=%2Fwp%2Fv2%2Ftags&post=1734"}],"curies":[{"name":"wp","href":"https:\/\/api.w.org\/{rel}","templated":true}]}}