{"id":1674,"date":"2012-10-23T03:37:37","date_gmt":"2012-10-23T03:37:37","guid":{"rendered":"http:\/\/almkullens.se\/?p=1674"},"modified":"2012-12-22T17:32:41","modified_gmt":"2012-12-22T16:32:41","slug":"bretonprov","status":"publish","type":"post","link":"https:\/\/almkullens.se\/?p=1674","title":{"rendered":"Bretonprov.."},"content":{"rendered":"<p>[singlepic id=1175 w=320 h=240 float=right]Nu s\u00e5 var det \u00f6ver.. Det b\u00f6rjade i Oktober f\u00f6rra \u00e5ret och planerandet har s\u00e5ledes varit en ganska s\u00e5 l\u00e5ng process och nu s\u00e5 \u00e4r det \u00f6ver&#8230;?? f\u00f6r denna g\u00e5ng?? Men j\u00f6sses s\u00e5 skoj det blev.<!--more--><\/p>\n<p>Prov i dagarna tv\u00e5 p\u00e5 fantastiska marker i trakterna av Falk\u00f6ping och Tidaholm. Deltagare och publik kom fr\u00e5n Pite\u00e5 i norr till Sk\u00e5ne i s\u00f6der och alla tror jag trivdes trots att v\u00e4dergudarna gjorde vad de kunde f\u00f6r att g\u00f6ra det s\u00e5 bl\u00f6tt som m\u00f6jligt..<\/p>\n<p>[singlepic id=1177 w=320 h=240 float=left]F\u00f6rsta provdagen som var p\u00e5 l\u00f6rdagen s\u00e5 var det 12 Bretoner och 2 Bracco Italiano till start och domare f\u00f6r dagen var Birger Knutsson som sk\u00f6tte detta med den \u00e4ran. Vad s\u00e4gs om nio (9) hundar till pris!! En rad 2:a pris delades ut var av ett till Almkullens Alonso i ukl. och ett 1:a pris i \u00d6kl.gick till Lennart Berglunds Mac-Nevis \u00a0Stort Grattis&#8230;.:-)<\/p>\n<p>P\u00e5 kv\u00e4llen hade vi en gemensam middag p\u00e5 vandrarhemmet i Folkabo och st\u00e4mningen var mycket god och hum\u00f6ret p\u00e5 topp. Det blev av naturliga sj\u00e4l inte s\u00e5 sent f\u00f6r nya planer beh\u00f6vde ju smidas och en heldag p\u00e5 f\u00e4lten i skitv\u00e4der tar ju p\u00e5 krafterna \u00e4ven p\u00e5 en hundf\u00f6rare.<\/p>\n<p>P\u00e5 s\u00f6ndagen s\u00e5 startade 10st Bretoner och 3st Bracco Italiano och v\u00e4dret var med oss lite b\u00e4ttre. Ingen sol som vi s\u00e5 g\u00e4rna beh\u00f6vt men i alla fall inget regn och med denna h\u00f6sts v\u00e4der i minne s\u00e5 var det ju ett riktigt bra v\u00e4der d\u00e5 vi tog oss ann de fina marker som v\u00e5r gode v\u00e4n Tomas Olofsson har p\u00e5 Hasslek\u00e4rr.<\/p>\n<p>[singlepic id=1179 w=320 h=240 float=right]Dagen b\u00f6rjade i ett h\u00f6gt tempo med Bretonklubbens ordf\u00f6rande Lennart Berglund som domare och det var f\u00e5gel lite h\u00e4r och var. Till och med rapph\u00f6nsen hade v\u00e5gat sig ut ur stenmurarna p\u00e5 vissa st\u00e4llen trots att det perfekta v\u00e4dret inte riktigt ville infinna sig. Alla hundar hade chans p\u00e5 f\u00e5gel men som sagt, inte alla lyckades.. N\u00e5gra hade stolpe ut och m\u00e5nga som jag pratade med som kom fr\u00e5n de nordligare regionerna h\u00e4r i landet b\u00f6rjade att revidera t\u00e4nket att det skulle vara s\u00e5 mycket l\u00e4ttare att g\u00e5 till pris h\u00e4r nere i s\u00f6dern. N\u00e5gon sa att s\u00e5 h\u00e4r mycket f\u00e5gel som jag sett de sista dagarna har jag inte sett p\u00e5 flera \u00e5r hemmavid&#8230;. Det \u00e4r v\u00e4l d\u00e4r en av sv\u00e5righeterna finns h\u00e4r nere?? Mycket f\u00e5gel p\u00e5 m\u00e5nga st\u00e4llen, som verkligen inte var l\u00e4tta utan snarare tv\u00e4rt om&#8230;<\/p>\n<p>&nbsp;<\/p>\n<p>[singlepic id=1176 w=320 h=240 float=right]6st pristagare blev det under denna dag och f\u00f6rutom att v\u00e5ran lilla docka Riva tog ett 2:a pris i ekl. s\u00e5 \u00e4r vi riktigt stolta att ber\u00e4tta att Almkullens Alonso med sin husse Mats fick ett 1:a pris i Ukl med HP \ud83d\ude42 STORT GRATTIS och fantastiskt bra jobbat. Lina som tagit sig \u00e4nda fr\u00e5n Pite\u00e5 f\u00f6r att starta hade ocks\u00e5 en l\u00e4tt hemresa, f\u00f6r vad s\u00e4gs om pris b\u00e5da dagarna p\u00e5 b\u00e4gge hundarna,:-) och jag tror att Krozza som v\u00e4lf\u00f6rtj\u00e4nt fick 1:a pris i ukl. andra dagen kommer att bli farlig p\u00e5 f\u00e4ltprov h\u00e4r nere vad det lider.[singlepic id=1178 w=320 h=240 float=left]<\/p>\n<p>Stor tack till alla , hundar, f\u00f6rare, domare, v\u00e5r duktiga skytt Ove, publik, markv\u00e4rdar och alla andra inblandade f\u00f6r utan er s\u00e5 hade det inte blivit till det som det blev. Om det blir en repris&#8230;.??? Jag vet inte&#8230;. Just nu s\u00e5 k\u00e4nns det lite b\u00f6kigt, men med stigande \u00e5lder s\u00e5 har ju \u00e4ven mitt minne f\u00f6rs\u00e4mrats, s\u00e5 i slutet p\u00e5 veckan kanske det b\u00f6kiga gl\u00f6mts bort och nya kontakter tas med mark\u00e4gare om s\u00e4songen 2013&#8230;.[nggallery id=55]<\/p>\n","protected":false},"excerpt":{"rendered":"<p>[singlepic id=1175 w=320 h=240 float=right]Nu s\u00e5 var det \u00f6ver.. Det b\u00f6rjade i Oktober f\u00f6rra \u00e5ret och planerandet har s\u00e5ledes varit en ganska s\u00e5 l\u00e5ng process och nu s\u00e5 \u00e4r det \u00f6ver&#8230;?? f\u00f6r denna g\u00e5ng?? Men j\u00f6sses s\u00e5 skoj det blev.<\/p>\n","protected":false},"author":1,"featured_media":0,"comment_status":"open","ping_status":"open","sticky":false,"template":"","format":"standard","meta":{"_crdt_document":"","advgb_blocks_editor_width":"","advgb_blocks_columns_visual_guide":"","_jetpack_memberships_contains_paid_content":false,"footnotes":""},"categories":[1],"tags":[],"class_list":["post-1674","post","type-post","status-publish","format-standard","hentry","category-hem","entry"],"author_meta":{"display_name":"Peter &amp; Johanna","author_link":"https:\/\/almkullens.se\/?author=1"},"featured_img":null,"jetpack_featured_media_url":"","coauthors":[],"tax_additional":{"categories":{"linked":["<a href=\"https:\/\/almkullens.se\/?cat=1\" class=\"advgb-post-tax-term\">Hem<\/a>"],"unlinked":["<span class=\"advgb-post-tax-term\">Hem<\/span>"]}},"comment_count":"5","relative_dates":{"created":"Publicerad 14 \u00e5r sedan","modified":"Uppdaterad 13 \u00e5r sedan"},"absolute_dates":{"created":"Publicerat den 23 oktober, 2012","modified":"Uppdaterad den 22 december, 2012"},"absolute_dates_time":{"created":"Publicerat den 23 oktober, 2012 03:37","modified":"Uppdaterad den 22 december, 2012 17:32"},"featured_img_caption":"","series_order":"","jetpack_sharing_enabled":true,"_links":{"self":[{"href":"https:\/\/almkullens.se\/index.php?rest_route=\/wp\/v2\/posts\/1674","targetHints":{"allow":["GET"]}}],"collection":[{"href":"https:\/\/almkullens.se\/index.php?rest_route=\/wp\/v2\/posts"}],"about":[{"href":"https:\/\/almkullens.se\/index.php?rest_route=\/wp\/v2\/types\/post"}],"author":[{"embeddable":true,"href":"https:\/\/almkullens.se\/index.php?rest_route=\/wp\/v2\/users\/1"}],"replies":[{"embeddable":true,"href":"https:\/\/almkullens.se\/index.php?rest_route=%2Fwp%2Fv2%2Fcomments&post=1674"}],"version-history":[{"count":13,"href":"https:\/\/almkullens.se\/index.php?rest_route=\/wp\/v2\/posts\/1674\/revisions"}],"predecessor-version":[{"id":1686,"href":"https:\/\/almkullens.se\/index.php?rest_route=\/wp\/v2\/posts\/1674\/revisions\/1686"}],"wp:attachment":[{"href":"https:\/\/almkullens.se\/index.php?rest_route=%2Fwp%2Fv2%2Fmedia&parent=1674"}],"wp:term":[{"taxonomy":"category","embeddable":true,"href":"https:\/\/almkullens.se\/index.php?rest_route=%2Fwp%2Fv2%2Fcategories&post=1674"},{"taxonomy":"post_tag","embeddable":true,"href":"https:\/\/almkullens.se\/index.php?rest_route=%2Fwp%2Fv2%2Ftags&post=1674"}],"curies":[{"name":"wp","href":"https:\/\/api.w.org\/{rel}","templated":true}]}}