{"id":1670,"date":"2012-10-16T18:23:02","date_gmt":"2012-10-16T18:23:02","guid":{"rendered":"http:\/\/almkullens.se\/?p=1670"},"modified":"2012-10-16T18:23:02","modified_gmt":"2012-10-16T18:23:02","slug":"nybakad-jakthund","status":"publish","type":"post","link":"https:\/\/almkullens.se\/?p=1670","title":{"rendered":"Nybakad jakthund"},"content":{"rendered":"<p>[singlepic id=1174 w=320 h=240 float=right]Svein Erik Standahl har idag skjutit de tv\u00e5 f\u00f6rsta riporna, efter ett fint f\u00e5gelarbete, f\u00f6r sin tik Almkullens Bea 6,5 m\u00e5nad gammal.<\/p>\n<p>Vi gratulerar husse och Bea f\u00f6r ett gott jobb!<\/p>\n","protected":false},"excerpt":{"rendered":"<p>[singlepic id=1174 w=320 h=240 float=right]Svein Erik Standahl har idag skjutit de tv\u00e5 f\u00f6rsta riporna, efter ett fint f\u00e5gelarbete, f\u00f6r sin tik Almkullens Bea 6,5 m\u00e5nad gammal. Vi gratulerar husse och Bea f\u00f6r ett gott jobb!<\/p>\n","protected":false},"author":1,"featured_media":0,"comment_status":"open","ping_status":"open","sticky":false,"template":"","format":"standard","meta":{"_crdt_document":"","advgb_blocks_editor_width":"","advgb_blocks_columns_visual_guide":"","_jetpack_memberships_contains_paid_content":false,"footnotes":""},"categories":[1],"tags":[],"class_list":["post-1670","post","type-post","status-publish","format-standard","hentry","category-hem","entry"],"author_meta":{"display_name":"Peter &amp; Johanna","author_link":"https:\/\/almkullens.se\/?author=1"},"featured_img":null,"jetpack_featured_media_url":"","coauthors":[],"tax_additional":{"categories":{"linked":["<a href=\"https:\/\/almkullens.se\/?cat=1\" class=\"advgb-post-tax-term\">Hem<\/a>"],"unlinked":["<span class=\"advgb-post-tax-term\">Hem<\/span>"]}},"comment_count":"0","relative_dates":{"created":"Publicerad 14 \u00e5r sedan","modified":"Uppdaterad 14 \u00e5r sedan"},"absolute_dates":{"created":"Publicerat den 16 oktober, 2012","modified":"Uppdaterad den 16 oktober, 2012"},"absolute_dates_time":{"created":"Publicerat den 16 oktober, 2012 18:23","modified":"Uppdaterad den 16 oktober, 2012 18:23"},"featured_img_caption":"","series_order":"","jetpack_sharing_enabled":true,"_links":{"self":[{"href":"https:\/\/almkullens.se\/index.php?rest_route=\/wp\/v2\/posts\/1670","targetHints":{"allow":["GET"]}}],"collection":[{"href":"https:\/\/almkullens.se\/index.php?rest_route=\/wp\/v2\/posts"}],"about":[{"href":"https:\/\/almkullens.se\/index.php?rest_route=\/wp\/v2\/types\/post"}],"author":[{"embeddable":true,"href":"https:\/\/almkullens.se\/index.php?rest_route=\/wp\/v2\/users\/1"}],"replies":[{"embeddable":true,"href":"https:\/\/almkullens.se\/index.php?rest_route=%2Fwp%2Fv2%2Fcomments&post=1670"}],"version-history":[{"count":2,"href":"https:\/\/almkullens.se\/index.php?rest_route=\/wp\/v2\/posts\/1670\/revisions"}],"predecessor-version":[{"id":1672,"href":"https:\/\/almkullens.se\/index.php?rest_route=\/wp\/v2\/posts\/1670\/revisions\/1672"}],"wp:attachment":[{"href":"https:\/\/almkullens.se\/index.php?rest_route=%2Fwp%2Fv2%2Fmedia&parent=1670"}],"wp:term":[{"taxonomy":"category","embeddable":true,"href":"https:\/\/almkullens.se\/index.php?rest_route=%2Fwp%2Fv2%2Fcategories&post=1670"},{"taxonomy":"post_tag","embeddable":true,"href":"https:\/\/almkullens.se\/index.php?rest_route=%2Fwp%2Fv2%2Ftags&post=1670"}],"curies":[{"name":"wp","href":"https:\/\/api.w.org\/{rel}","templated":true}]}}