{"id":1658,"date":"2012-10-07T20:57:45","date_gmt":"2012-10-07T20:57:45","guid":{"rendered":"http:\/\/almkullens.se\/?p=1658"},"modified":"2012-10-08T03:56:36","modified_gmt":"2012-10-08T03:56:36","slug":"jaktprov","status":"publish","type":"post","link":"https:\/\/almkullens.se\/?p=1658","title":{"rendered":"Jaktprov"},"content":{"rendered":"<p>[singlepic id=1172 w=320 h=240 float=right]I helgen har det varit jaktprov, vi gratulerar v\u00e5r valpk\u00f6pare Stefan H\u00f6rnlund som med sin Almkullens Akira p\u00e5 l\u00f6rdagen gick till ett fint 2:a pris p\u00e5 fj\u00e4ll.<\/p>\n<p>Vi var ocks\u00e5 sj\u00e4lva iv\u00e4g och startade Aska p\u00e5 hennes f\u00f6rsta prov. Braccoklubben hade ordinarie prov i s\u00f6dra v\u00e4rmland och Aska fick starta i dagarna tv\u00e5. P\u00e5 l\u00f6rdagen s\u00e5 fick hon fin kritik fr\u00e5n Domare Anki \u00a0Skrucha men lyckades inte hitta n\u00e5gon f\u00e5gel&#8230;. P\u00e5 s\u00f6ndagen s\u00e5 lyckades hon finna en f\u00e5gel ganska s\u00e5 tidigt p\u00e5 dagen och sedan s\u00e5 sk\u00f6tte hon sina kort p\u00e5 ett riktigt bra s\u00e4tt och blev bel\u00f6nad med ett 1:a pris i Ukl. \u00a0\ud83d\ude42 \u00c4ven Riva fick starta p\u00e5 s\u00f6ndag d\u00e5 det blivit ett \u00e5terbud och hon sk\u00f6tte detta med att finna och sk\u00f6ta f\u00e5gel i alla sina tre sl\u00e4pp som hon fick och detta bel\u00f6nades med ett 2:a pris Ekl.<\/p>\n<p>Det var p\u00e5 detta prov ytterligare 4 st Bretoner till start under s\u00f6ndagen, tyv\u00e4rr s\u00e5 lyckades det inte f\u00f6r de andra. Men n\u00e4mnas m\u00e5ste att p\u00e5 l\u00f6rdagen s\u00e5 var det en unghund som sk\u00f6tte sig med den \u00e4ran. Eirams Naturlige Netto med f\u00f6rare\/\u00c4gare Ulrika H\u00e5rd Af Segerstad fr\u00e5n Farsta tog ett v\u00e4lf\u00f6rtj\u00e4nt 1:a pris i Ukl.. Vi tackar Braccoklubben och \u00e4garna p\u00e5 \u00c4lviksholm Rolf och Pernilla Ryberg, d\u00e4r provet h\u00f6lls, s\u00e5 mycket f\u00f6r denna g\u00e5ng och hoppas p\u00e5 att f\u00e5 komma tillbaks..<\/p>\n","protected":false},"excerpt":{"rendered":"<p>[singlepic id=1172 w=320 h=240 float=right]I helgen har det varit jaktprov, vi gratulerar v\u00e5r valpk\u00f6pare Stefan H\u00f6rnlund som med sin Almkullens Akira p\u00e5 l\u00f6rdagen gick till ett fint 2:a pris p\u00e5 fj\u00e4ll. Vi var ocks\u00e5 sj\u00e4lva iv\u00e4g och startade Aska p\u00e5 hennes f\u00f6rsta prov. Braccoklubben hade ordinarie prov i s\u00f6dra v\u00e4rmland och Aska fick starta i [&hellip;]<\/p>\n","protected":false},"author":1,"featured_media":0,"comment_status":"open","ping_status":"open","sticky":false,"template":"","format":"standard","meta":{"_crdt_document":"","advgb_blocks_editor_width":"","advgb_blocks_columns_visual_guide":"","_jetpack_memberships_contains_paid_content":false,"footnotes":""},"categories":[1],"tags":[],"class_list":["post-1658","post","type-post","status-publish","format-standard","hentry","category-hem","entry"],"author_meta":{"display_name":"Peter &amp; Johanna","author_link":"https:\/\/almkullens.se\/?author=1"},"featured_img":null,"jetpack_featured_media_url":"","coauthors":[],"tax_additional":{"categories":{"linked":["<a href=\"https:\/\/almkullens.se\/?cat=1\" class=\"advgb-post-tax-term\">Hem<\/a>"],"unlinked":["<span class=\"advgb-post-tax-term\">Hem<\/span>"]}},"comment_count":"1","relative_dates":{"created":"Publicerad 14 \u00e5r sedan","modified":"Uppdaterad 14 \u00e5r sedan"},"absolute_dates":{"created":"Publicerat den 7 oktober, 2012","modified":"Uppdaterad den 8 oktober, 2012"},"absolute_dates_time":{"created":"Publicerat den 7 oktober, 2012 20:57","modified":"Uppdaterad den 8 oktober, 2012 03:56"},"featured_img_caption":"","series_order":"","jetpack_sharing_enabled":true,"_links":{"self":[{"href":"https:\/\/almkullens.se\/index.php?rest_route=\/wp\/v2\/posts\/1658","targetHints":{"allow":["GET"]}}],"collection":[{"href":"https:\/\/almkullens.se\/index.php?rest_route=\/wp\/v2\/posts"}],"about":[{"href":"https:\/\/almkullens.se\/index.php?rest_route=\/wp\/v2\/types\/post"}],"author":[{"embeddable":true,"href":"https:\/\/almkullens.se\/index.php?rest_route=\/wp\/v2\/users\/1"}],"replies":[{"embeddable":true,"href":"https:\/\/almkullens.se\/index.php?rest_route=%2Fwp%2Fv2%2Fcomments&post=1658"}],"version-history":[{"count":4,"href":"https:\/\/almkullens.se\/index.php?rest_route=\/wp\/v2\/posts\/1658\/revisions"}],"predecessor-version":[{"id":1661,"href":"https:\/\/almkullens.se\/index.php?rest_route=\/wp\/v2\/posts\/1658\/revisions\/1661"}],"wp:attachment":[{"href":"https:\/\/almkullens.se\/index.php?rest_route=%2Fwp%2Fv2%2Fmedia&parent=1658"}],"wp:term":[{"taxonomy":"category","embeddable":true,"href":"https:\/\/almkullens.se\/index.php?rest_route=%2Fwp%2Fv2%2Fcategories&post=1658"},{"taxonomy":"post_tag","embeddable":true,"href":"https:\/\/almkullens.se\/index.php?rest_route=%2Fwp%2Fv2%2Ftags&post=1658"}],"curies":[{"name":"wp","href":"https:\/\/api.w.org\/{rel}","templated":true}]}}