{"id":1530,"date":"2012-06-24T20:13:51","date_gmt":"2012-06-24T20:13:51","guid":{"rendered":"http:\/\/almkullens.se\/?p=1530"},"modified":"2012-06-24T20:13:51","modified_gmt":"2012-06-24T20:13:51","slug":"almkullens-bijou-kom-pa-besok","status":"publish","type":"post","link":"https:\/\/almkullens.se\/?p=1530","title":{"rendered":"Almkullens Bijou kom p\u00e5 bes\u00f6k.."},"content":{"rendered":"<p><a href=\"https:\/\/almkullens.se\/?attachment_id=1527\" rel=\"attachment wp-att-1527\"><img loading=\"lazy\" decoding=\"async\" class=\" wp-image-1527 alignright\" title=\"Almkullens Bijou\" src=\"https:\/\/almkullens.se\/wp-content\/uploads\/2012\/06\/187-300x200.jpg\" alt=\"\" width=\"270\" height=\"180\" srcset=\"https:\/\/almkullens.se\/wp-content\/uploads\/2012\/06\/187-300x200.jpg 300w, https:\/\/almkullens.se\/wp-content\/uploads\/2012\/06\/187-1024x682.jpg 1024w, https:\/\/almkullens.se\/wp-content\/uploads\/2012\/06\/187.jpg 1800w\" sizes=\"auto, (max-width: 270px) 100vw, 270px\" \/><\/a><\/p>\n<p>Idag kom Robert p\u00e5 bes\u00f6k med Bijou som nu har hunnit bli 3 m\u00e5nader. Allting var i sin ordning och hon var som Robert sagt , en lugn och trygg valp som \u00e4r nyfiken p\u00e5 allt som finns i omgivningen. Hon bor ju med en Spaniel s\u00e5 hon kanske ser sig som en s\u00e5dan, men redan nu s\u00e5 hade benen v\u00e4xt s\u00e5 mycket att hon snart har v\u00e4xt f\u00f6rbi sin flockkompis p\u00e5 h\u00f6jden.<\/p>\n<p><a href=\"https:\/\/almkullens.se\/?attachment_id=1528\" rel=\"attachment wp-att-1528\"><img loading=\"lazy\" decoding=\"async\" class=\"alignright  wp-image-1528\" title=\"Kaninungar\" src=\"https:\/\/almkullens.se\/wp-content\/uploads\/2012\/06\/001-300x200.jpg\" alt=\"\" width=\"270\" height=\"180\" srcset=\"https:\/\/almkullens.se\/wp-content\/uploads\/2012\/06\/001-300x200.jpg 300w, https:\/\/almkullens.se\/wp-content\/uploads\/2012\/06\/001-1024x682.jpg 1024w, https:\/\/almkullens.se\/wp-content\/uploads\/2012\/06\/001.jpg 1800w\" sizes=\"auto, (max-width: 270px) 100vw, 270px\" \/><\/a>Ute i\u00a0skogen s\u00e5 \u00e4r det ju h\u00f6gtryck i f\u00f6ryngringen just nu, \u00c4lg och r\u00e5djurs ungarna tar sina f\u00f6rsta stapplande steg och h\u00e4r p\u00e5 g\u00e5rden s\u00e5 har antalet djur \u00f6kat markant de sista veckorna. N\u00e5gra hundra fasan kycklingar g\u00e5r nu och v\u00e4ntar p\u00e5 att bli utsl\u00e4ppta och kaninerna som springer l\u00f6st h\u00e4r hemma blir fler f\u00f6r varje dag. Hundarna tycker att det \u00e4r riktigt sp\u00e4nnande att bli utsl\u00e4ppta men jaga kanin p\u00e5 g\u00e5rdsplan g\u00f6r de inte men nog \u00e4r det frestande att kolla upp var de kan h\u00e5lla till d\u00e5 man inte ser n\u00e5gra..<\/p>\n<p><a href=\"https:\/\/almkullens.se\/?attachment_id=1533\" rel=\"attachment wp-att-1533\"><img loading=\"lazy\" decoding=\"async\" class=\"alignright  wp-image-1533\" title=\"Almkullens Aska\" src=\"https:\/\/almkullens.se\/wp-content\/uploads\/2012\/06\/195-300x200.jpg\" alt=\"\" width=\"270\" height=\"180\" srcset=\"https:\/\/almkullens.se\/wp-content\/uploads\/2012\/06\/195-300x200.jpg 300w, https:\/\/almkullens.se\/wp-content\/uploads\/2012\/06\/195-1024x682.jpg 1024w, https:\/\/almkullens.se\/wp-content\/uploads\/2012\/06\/195.jpg 1800w\" sizes=\"auto, (max-width: 270px) 100vw, 270px\" \/><\/a>Idag s\u00e5 \u00e4r det precis 2 m\u00e5nader kvar tills \u00e5rets fj\u00e4lljakt startar&#8230;.. N\u00e5got som vi s\u00f6rl\u00e4nningar som har detta intresse bara g\u00e5r och v\u00e4ntar p\u00e5, och i \u00e5r s\u00e5 \u00e4r det ju extra sp\u00e4nnande d\u00e5 det finns en unghund som ska sl\u00e4ppas p\u00e5 fj\u00e4llet p\u00e5 riktigt f\u00f6r f\u00f6rsta g\u00e5ngen. Det \u00e4r d\u00e5 som vi f\u00e5r det andra kvittot p\u00e5 om parningen mellan Stevns\u00e5ens Valde och Elva givit det vi hoppats p\u00e5&#8230; Hittills s\u00e5 har hon sk\u00f6tt sig med den \u00e4ran och vi skulle bli\u00a0f\u00f6rv\u00e5nade om hon inte skulle motsvara v\u00e5ra\u00a0f\u00f6rhoppningar som jakthund i fj\u00e4llen ocks\u00e5..<a href=\"https:\/\/almkullens.se\/?attachment_id=1526\" rel=\"attachment wp-att-1526\"><img loading=\"lazy\" decoding=\"async\" class=\"alignright  wp-image-1526\" title=\"Fasankyckling\" src=\"https:\/\/almkullens.se\/wp-content\/uploads\/2012\/06\/039-300x200.jpg\" alt=\"\" width=\"270\" height=\"180\" srcset=\"https:\/\/almkullens.se\/wp-content\/uploads\/2012\/06\/039-300x200.jpg 300w, https:\/\/almkullens.se\/wp-content\/uploads\/2012\/06\/039-1024x682.jpg 1024w, https:\/\/almkullens.se\/wp-content\/uploads\/2012\/06\/039.jpg 1800w\" sizes=\"auto, (max-width: 270px) 100vw, 270px\" \/><\/a><\/p>\n<div>\n<p><a href=\"https:\/\/almkullens.se\/?attachment_id=1529\" rel=\"attachment wp-att-1529\"><img loading=\"lazy\" decoding=\"async\" class=\"alignleft  wp-image-1529\" title=\"Bijou\" src=\"https:\/\/almkullens.se\/wp-content\/uploads\/2012\/06\/096-300x200.jpg\" alt=\"\" width=\"270\" height=\"180\" srcset=\"https:\/\/almkullens.se\/wp-content\/uploads\/2012\/06\/096-300x200.jpg 300w, https:\/\/almkullens.se\/wp-content\/uploads\/2012\/06\/096-1024x682.jpg 1024w, https:\/\/almkullens.se\/wp-content\/uploads\/2012\/06\/096.jpg 1800w\" sizes=\"auto, (max-width: 270px) 100vw, 270px\" \/><\/a><\/p>\n<\/div>\n","protected":false},"excerpt":{"rendered":"<p>Idag kom Robert p\u00e5 bes\u00f6k med Bijou som nu har hunnit bli 3 m\u00e5nader. Allting var i sin ordning och hon var som Robert sagt , en lugn och trygg valp som \u00e4r nyfiken p\u00e5 allt som finns i omgivningen. Hon bor ju med en Spaniel s\u00e5 hon kanske ser sig som en s\u00e5dan, men [&hellip;]<\/p>\n","protected":false},"author":1,"featured_media":0,"comment_status":"open","ping_status":"open","sticky":false,"template":"","format":"standard","meta":{"_crdt_document":"","advgb_blocks_editor_width":"","advgb_blocks_columns_visual_guide":"","_jetpack_memberships_contains_paid_content":false,"footnotes":""},"categories":[1],"tags":[],"class_list":["post-1530","post","type-post","status-publish","format-standard","hentry","category-hem","entry"],"author_meta":{"display_name":"Peter &amp; Johanna","author_link":"https:\/\/almkullens.se\/?author=1"},"featured_img":null,"jetpack_featured_media_url":"","coauthors":[],"tax_additional":{"categories":{"linked":["<a href=\"https:\/\/almkullens.se\/?cat=1\" class=\"advgb-post-tax-term\">Hem<\/a>"],"unlinked":["<span class=\"advgb-post-tax-term\">Hem<\/span>"]}},"comment_count":"0","relative_dates":{"created":"Publicerad 14 \u00e5r sedan","modified":"Uppdaterad 14 \u00e5r sedan"},"absolute_dates":{"created":"Publicerat den 24 juni, 2012","modified":"Uppdaterad den 24 juni, 2012"},"absolute_dates_time":{"created":"Publicerat den 24 juni, 2012 20:13","modified":"Uppdaterad den 24 juni, 2012 20:13"},"featured_img_caption":"","series_order":"","jetpack_sharing_enabled":true,"_links":{"self":[{"href":"https:\/\/almkullens.se\/index.php?rest_route=\/wp\/v2\/posts\/1530","targetHints":{"allow":["GET"]}}],"collection":[{"href":"https:\/\/almkullens.se\/index.php?rest_route=\/wp\/v2\/posts"}],"about":[{"href":"https:\/\/almkullens.se\/index.php?rest_route=\/wp\/v2\/types\/post"}],"author":[{"embeddable":true,"href":"https:\/\/almkullens.se\/index.php?rest_route=\/wp\/v2\/users\/1"}],"replies":[{"embeddable":true,"href":"https:\/\/almkullens.se\/index.php?rest_route=%2Fwp%2Fv2%2Fcomments&post=1530"}],"version-history":[{"count":7,"href":"https:\/\/almkullens.se\/index.php?rest_route=\/wp\/v2\/posts\/1530\/revisions"}],"predecessor-version":[{"id":1538,"href":"https:\/\/almkullens.se\/index.php?rest_route=\/wp\/v2\/posts\/1530\/revisions\/1538"}],"wp:attachment":[{"href":"https:\/\/almkullens.se\/index.php?rest_route=%2Fwp%2Fv2%2Fmedia&parent=1530"}],"wp:term":[{"taxonomy":"category","embeddable":true,"href":"https:\/\/almkullens.se\/index.php?rest_route=%2Fwp%2Fv2%2Fcategories&post=1530"},{"taxonomy":"post_tag","embeddable":true,"href":"https:\/\/almkullens.se\/index.php?rest_route=%2Fwp%2Fv2%2Ftags&post=1530"}],"curies":[{"name":"wp","href":"https:\/\/api.w.org\/{rel}","templated":true}]}}