{"id":1423,"date":"2012-04-28T07:47:58","date_gmt":"2012-04-28T07:47:58","guid":{"rendered":"http:\/\/almkullens.se\/?p=1423"},"modified":"2012-04-28T07:47:58","modified_gmt":"2012-04-28T07:47:58","slug":"ovantat-besok-det-ska-bojas-i-tid","status":"publish","type":"post","link":"https:\/\/almkullens.se\/?p=1423","title":{"rendered":"Ov\u00e4ntat bes\u00f6k \/ Det ska b\u00f6jas i tid&#8230;.."},"content":{"rendered":"<p>[singlepic id=957 w=320 h=240 float=right]Vi har ju en del djur\/odjur h\u00e4r p\u00e5 g\u00e5rden. F\u00e5r, kaniner , Fasaner, H\u00f6nor, Katter, och naturligtvis hundar och med dessa s\u00e5 blir det inte l\u00e5ngtr\u00e5kigt och alltid h\u00e4nder det n\u00e5got&#8230;..<\/p>\n<p>Ig\u00e5r n\u00e4r vi som vanligt var p\u00e5 jobbet ringde Mattias (som \u00e4r Johannas son och tar hand om valparna n\u00e4r vi \u00e4r p\u00e5 jobbet) och fr\u00e5gade om vi stoppat dit en lekkamrat \u00e5t valparna.?? N\u00e4r han p\u00e5 dagen hade tittat till valparna s\u00e5 hittade han en lite m\u00e4rklig typ som hade lite f\u00f6r l\u00e5nga \u00f6ron f\u00f6r att matcha de \u00f6vriga som vi s\u00e5 \u00f6mt v\u00e5rdat de 5 sista veckorna. En Kaninunge??? \u00a0Den var inne hos valparna i valpl\u00e5dan och s\u00e5g ut att m\u00e5 t\u00e4meligen bra. Mattias greppade kameran och f\u00f6revigade detta som tur var.. Det enda m\u00f6jliga scenariot \u00e4r att v\u00e5r om\u00f6jliga katt Pysen har f\u00e5ngat och burit in kaninungen (det har h\u00e4nt f\u00f6rut) i huset och v\u00e4l d\u00e4r har Riva sett till att hennes valpar har f\u00e5tt tr\u00e4na p\u00e5 \u00e4kta vara, dom verkar mest ha sett den som en ny kompis d\u00e5 den var helt oskadd och den skuttade glatt iv\u00e4g d\u00e5 Mattias sl\u00e4ppte ut den till sina syskon.<\/p>\n<p>Om dessa valpar nu \u00e4r pr\u00e4glade p\u00e5 &#8221;fel&#8221; viltslag s\u00e5 \u00e4r det Pysen och Rivas fel, men skulle det visa sig att det blivit Harrena s\u00e5 \u00e4r det v\u00e5ran f\u00f6rtj\u00e4nst.. \ud83d\ude42 [singlepic id=956 w=320 h=240 float=left]<\/p>\n","protected":false},"excerpt":{"rendered":"<p>[singlepic id=957 w=320 h=240 float=right]Vi har ju en del djur\/odjur h\u00e4r p\u00e5 g\u00e5rden. F\u00e5r, kaniner , Fasaner, H\u00f6nor, Katter, och naturligtvis hundar och med dessa s\u00e5 blir det inte l\u00e5ngtr\u00e5kigt och alltid h\u00e4nder det n\u00e5got&#8230;.. Ig\u00e5r n\u00e4r vi som vanligt var p\u00e5 jobbet ringde Mattias (som \u00e4r Johannas son och tar hand om valparna n\u00e4r [&hellip;]<\/p>\n","protected":false},"author":1,"featured_media":0,"comment_status":"open","ping_status":"open","sticky":false,"template":"","format":"standard","meta":{"_crdt_document":"","advgb_blocks_editor_width":"","advgb_blocks_columns_visual_guide":"","_jetpack_memberships_contains_paid_content":false,"footnotes":""},"categories":[1],"tags":[],"class_list":["post-1423","post","type-post","status-publish","format-standard","hentry","category-hem","entry"],"author_meta":{"display_name":"Peter &amp; Johanna","author_link":"https:\/\/almkullens.se\/?author=1"},"featured_img":null,"jetpack_featured_media_url":"","coauthors":[],"tax_additional":{"categories":{"linked":["<a href=\"https:\/\/almkullens.se\/?cat=1\" class=\"advgb-post-tax-term\">Hem<\/a>"],"unlinked":["<span class=\"advgb-post-tax-term\">Hem<\/span>"]}},"comment_count":"2","relative_dates":{"created":"Publicerad 14 \u00e5r sedan","modified":"Uppdaterad 14 \u00e5r sedan"},"absolute_dates":{"created":"Publicerat den 28 april, 2012","modified":"Uppdaterad den 28 april, 2012"},"absolute_dates_time":{"created":"Publicerat den 28 april, 2012 07:47","modified":"Uppdaterad den 28 april, 2012 07:47"},"featured_img_caption":"","series_order":"","jetpack_sharing_enabled":true,"_links":{"self":[{"href":"https:\/\/almkullens.se\/index.php?rest_route=\/wp\/v2\/posts\/1423","targetHints":{"allow":["GET"]}}],"collection":[{"href":"https:\/\/almkullens.se\/index.php?rest_route=\/wp\/v2\/posts"}],"about":[{"href":"https:\/\/almkullens.se\/index.php?rest_route=\/wp\/v2\/types\/post"}],"author":[{"embeddable":true,"href":"https:\/\/almkullens.se\/index.php?rest_route=\/wp\/v2\/users\/1"}],"replies":[{"embeddable":true,"href":"https:\/\/almkullens.se\/index.php?rest_route=%2Fwp%2Fv2%2Fcomments&post=1423"}],"version-history":[{"count":7,"href":"https:\/\/almkullens.se\/index.php?rest_route=\/wp\/v2\/posts\/1423\/revisions"}],"predecessor-version":[{"id":1430,"href":"https:\/\/almkullens.se\/index.php?rest_route=\/wp\/v2\/posts\/1423\/revisions\/1430"}],"wp:attachment":[{"href":"https:\/\/almkullens.se\/index.php?rest_route=%2Fwp%2Fv2%2Fmedia&parent=1423"}],"wp:term":[{"taxonomy":"category","embeddable":true,"href":"https:\/\/almkullens.se\/index.php?rest_route=%2Fwp%2Fv2%2Fcategories&post=1423"},{"taxonomy":"post_tag","embeddable":true,"href":"https:\/\/almkullens.se\/index.php?rest_route=%2Fwp%2Fv2%2Ftags&post=1423"}],"curies":[{"name":"wp","href":"https:\/\/api.w.org\/{rel}","templated":true}]}}