{"id":1297,"date":"2012-04-09T15:09:29","date_gmt":"2012-04-09T15:09:29","guid":{"rendered":"http:\/\/almkullens.se\/?p=1297"},"modified":"2012-04-28T07:56:32","modified_gmt":"2012-04-28T07:56:32","slug":"fageltraning","status":"publish","type":"post","link":"https:\/\/almkullens.se\/?p=1297","title":{"rendered":"F\u00e5geltr\u00e4ning"},"content":{"rendered":"<p>[singlepic id=802 w=320 h=240 float=right]Nu har vi haft f\u00e5geltr\u00e4ning f\u00f6r v\u00e5ra valpk\u00f6pare, A-kullen \u00e4r nu 11 m\u00e5nader och det var sp\u00e4nnande att se hur dom skulle fungera i f\u00e5gelsituationer. Jimmy Johansson fr\u00e5n Fasanvingens kennel var ocks\u00e5 med p\u00e5 denna tr\u00e4ningen med tre valpar som \u00e4r \u00a0j\u00e4mngamla med v\u00e5ra. Nog \u00e4r det stor skillnad p\u00e5 en Breton och en Vorsteh valp, men alla hittade de sina f\u00e5glar och gjorde detta bra.<!--more--><\/p>\n<p>Det \u00e4r riktigt roligt att se och man upph\u00f6r aldrig att f\u00f6rv\u00e5nas av att det kan g\u00e5 s\u00e5 fort med utvecklingen bara de f\u00e5r en chans. En av valparna hade n\u00e4stan aldrig varit i kontakt med f\u00e5gel, men redan vid andra f\u00e5gelsituationen s\u00e5 b\u00f6rjade han strama upp och n\u00e4r han hade den fj\u00e4rde en stund senare s\u00e5 hade allt ramlat p\u00e5 plats och han utf\u00f6rde en helt perfekt situation med allt vad detta inneb\u00e4r. En ny Jakthund var f\u00f6dd&#8230;.<\/p>\n<p>Naturligtvis s\u00e5 var det ju lite motigt f\u00f6r n\u00e5gon men det \u00e4r s\u00e5 det \u00e4r. Att hararna var frestande f\u00f6r en del h\u00f6r ju till men j\u00f6sses vilken fart de kan springa med de sm\u00e5 liven n\u00e4r motivationen \u00e4r den r\u00e4tta. Det blir att ta n\u00e5gra steg bak\u00e5t f\u00f6r att komma f\u00f6rbi denna frestelse och bef\u00e4sta stoppet ordentligt. N\u00e5gon efterg\u00e5ng p\u00e5 f\u00e5gel s\u00e5g vi gl\u00e4djande nog inte till p\u00e5 hela dagen \ud83d\ude42 Bra jobbat.<\/p>\n<p>[singlepic id=823 w=320 h=240 float=right]Jag m\u00e5ste \u00e4nd\u00e5 n\u00e4mna n\u00e5gra ord om Almkullens Alonso som med sin husse\/matte Mats och Elisabeth kom ner fr\u00e5n Mora f\u00f6r att vara med p\u00e5 denna tr\u00e4ning. Vare sig Alonso eller Mats hade varit p\u00e5 f\u00e4lt f\u00f6rut men det var nog den som gjorde det allra b\u00e4st. Han (Alonso) sprang p\u00e5 som den mest naturliga saken i v\u00e4rlden och revierade riktigt bra hela tiden d\u00e5 han var i sl\u00e4pp. F\u00e5glarna sk\u00f6tte han n\u00e4stan som en erfaren hund trots att han aldrig f\u00f6rr hade varit i kontakt med rapph\u00f6ns. \ud83d\ude42<\/p>\n<p>Tack alla f\u00f6r en trevlig dag p\u00e5 f\u00e4lten och tack f\u00f6r att ni hade m\u00f6jlighet att komma f\u00f6r att visa oss era hundar och v\u00e4lkomna igen n\u00e4rhelst ni \u00f6nskar. [nggallery id=38]<\/p>\n","protected":false},"excerpt":{"rendered":"<p>[singlepic id=802 w=320 h=240 float=right]Nu har vi haft f\u00e5geltr\u00e4ning f\u00f6r v\u00e5ra valpk\u00f6pare, A-kullen \u00e4r nu 11 m\u00e5nader och det var sp\u00e4nnande att se hur dom skulle fungera i f\u00e5gelsituationer. Jimmy Johansson fr\u00e5n Fasanvingens kennel var ocks\u00e5 med p\u00e5 denna tr\u00e4ningen med tre valpar som \u00e4r \u00a0j\u00e4mngamla med v\u00e5ra. Nog \u00e4r det stor skillnad p\u00e5 en [&hellip;]<\/p>\n","protected":false},"author":1,"featured_media":0,"comment_status":"open","ping_status":"open","sticky":false,"template":"","format":"standard","meta":{"_crdt_document":"","advgb_blocks_editor_width":"","advgb_blocks_columns_visual_guide":"","_jetpack_memberships_contains_paid_content":false,"footnotes":""},"categories":[1],"tags":[],"class_list":["post-1297","post","type-post","status-publish","format-standard","hentry","category-hem","entry"],"author_meta":{"display_name":"Peter &amp; Johanna","author_link":"https:\/\/almkullens.se\/?author=1"},"featured_img":null,"jetpack_featured_media_url":"","coauthors":[],"tax_additional":{"categories":{"linked":["<a href=\"https:\/\/almkullens.se\/?cat=1\" class=\"advgb-post-tax-term\">Hem<\/a>"],"unlinked":["<span class=\"advgb-post-tax-term\">Hem<\/span>"]}},"comment_count":"4","relative_dates":{"created":"Publicerad 14 \u00e5r sedan","modified":"Uppdaterad 14 \u00e5r sedan"},"absolute_dates":{"created":"Publicerat den 9 april, 2012","modified":"Uppdaterad den 28 april, 2012"},"absolute_dates_time":{"created":"Publicerat den 9 april, 2012 15:09","modified":"Uppdaterad den 28 april, 2012 07:56"},"featured_img_caption":"","series_order":"","jetpack_sharing_enabled":true,"_links":{"self":[{"href":"https:\/\/almkullens.se\/index.php?rest_route=\/wp\/v2\/posts\/1297","targetHints":{"allow":["GET"]}}],"collection":[{"href":"https:\/\/almkullens.se\/index.php?rest_route=\/wp\/v2\/posts"}],"about":[{"href":"https:\/\/almkullens.se\/index.php?rest_route=\/wp\/v2\/types\/post"}],"author":[{"embeddable":true,"href":"https:\/\/almkullens.se\/index.php?rest_route=\/wp\/v2\/users\/1"}],"replies":[{"embeddable":true,"href":"https:\/\/almkullens.se\/index.php?rest_route=%2Fwp%2Fv2%2Fcomments&post=1297"}],"version-history":[{"count":10,"href":"https:\/\/almkullens.se\/index.php?rest_route=\/wp\/v2\/posts\/1297\/revisions"}],"predecessor-version":[{"id":1435,"href":"https:\/\/almkullens.se\/index.php?rest_route=\/wp\/v2\/posts\/1297\/revisions\/1435"}],"wp:attachment":[{"href":"https:\/\/almkullens.se\/index.php?rest_route=%2Fwp%2Fv2%2Fmedia&parent=1297"}],"wp:term":[{"taxonomy":"category","embeddable":true,"href":"https:\/\/almkullens.se\/index.php?rest_route=%2Fwp%2Fv2%2Fcategories&post=1297"},{"taxonomy":"post_tag","embeddable":true,"href":"https:\/\/almkullens.se\/index.php?rest_route=%2Fwp%2Fv2%2Ftags&post=1297"}],"curies":[{"name":"wp","href":"https:\/\/api.w.org\/{rel}","templated":true}]}}