{"id":12824,"date":"2025-06-20T09:07:46","date_gmt":"2025-06-20T07:07:46","guid":{"rendered":"https:\/\/almkullens.se\/?p=12824"},"modified":"2025-06-20T09:09:15","modified_gmt":"2025-06-20T07:09:15","slug":"n-kullen-2","status":"publish","type":"post","link":"https:\/\/almkullens.se\/?p=12824","title":{"rendered":"N-kullen"},"content":{"rendered":"\n\n\n<div class=\"wp-block-media-text has-media-on-the-right is-stacked-on-mobile\"><div class=\"wp-block-media-text__content\">\n<p class=\"wp-block-paragraph\">Nu \u00e4r det best\u00e4mt vem som \u00e4r vem, Niska \u00e4r tik 1, som vi beh\u00e5ller h\u00e4r hemma. Valpen till h\u00f6ger.<\/p>\n<\/div><figure class=\"wp-block-media-text__media\"><a href=\"https:\/\/almkullens.se\/wp-content\/uploads\/2025\/06\/Tik-1-Almkullens-N-kull-Tik-4-Almkullens-N-kull2025.jpg\" rel=\"lightbox[12824]\"><img loading=\"lazy\" decoding=\"async\" width=\"1024\" height=\"683\" src=\"https:\/\/almkullens.se\/wp-content\/uploads\/2025\/06\/Tik-1-Almkullens-N-kull-Tik-4-Almkullens-N-kull2025-1024x683.jpg\" alt=\"\" class=\"wp-image-12825 size-full\" srcset=\"https:\/\/almkullens.se\/wp-content\/uploads\/2025\/06\/Tik-1-Almkullens-N-kull-Tik-4-Almkullens-N-kull2025-1024x683.jpg 1024w, https:\/\/almkullens.se\/wp-content\/uploads\/2025\/06\/Tik-1-Almkullens-N-kull-Tik-4-Almkullens-N-kull2025-300x200.jpg 300w, https:\/\/almkullens.se\/wp-content\/uploads\/2025\/06\/Tik-1-Almkullens-N-kull-Tik-4-Almkullens-N-kull2025-768x512.jpg 768w, https:\/\/almkullens.se\/wp-content\/uploads\/2025\/06\/Tik-1-Almkullens-N-kull-Tik-4-Almkullens-N-kull2025-1536x1024.jpg 1536w, https:\/\/almkullens.se\/wp-content\/uploads\/2025\/06\/Tik-1-Almkullens-N-kull-Tik-4-Almkullens-N-kull2025.jpg 1800w\" sizes=\"auto, (max-width: 1024px) 100vw, 1024px\" \/><\/a><\/figure><\/div>\n\n\n\n\n\n<div class=\"wp-block-media-text is-stacked-on-mobile\"><figure class=\"wp-block-media-text__media\"><a href=\"https:\/\/almkullens.se\/wp-content\/uploads\/2025\/06\/Tik-2-Almkullens-N-kull2025.jpg\" rel=\"lightbox[12824]\"><img loading=\"lazy\" decoding=\"async\" width=\"1024\" height=\"683\" src=\"https:\/\/almkullens.se\/wp-content\/uploads\/2025\/06\/Tik-2-Almkullens-N-kull2025-1024x683.jpg\" alt=\"\" class=\"wp-image-12827 size-full\" srcset=\"https:\/\/almkullens.se\/wp-content\/uploads\/2025\/06\/Tik-2-Almkullens-N-kull2025-1024x683.jpg 1024w, https:\/\/almkullens.se\/wp-content\/uploads\/2025\/06\/Tik-2-Almkullens-N-kull2025-300x200.jpg 300w, https:\/\/almkullens.se\/wp-content\/uploads\/2025\/06\/Tik-2-Almkullens-N-kull2025-768x512.jpg 768w, https:\/\/almkullens.se\/wp-content\/uploads\/2025\/06\/Tik-2-Almkullens-N-kull2025-1536x1024.jpg 1536w, https:\/\/almkullens.se\/wp-content\/uploads\/2025\/06\/Tik-2-Almkullens-N-kull2025.jpg 1800w\" sizes=\"auto, (max-width: 1024px) 100vw, 1024px\" \/><\/a><\/figure><div class=\"wp-block-media-text__content\">\n<p class=\"wp-block-paragraph\">Nemi \u00e4r tik 2 som ska flytta till Stefan o Maria<\/p>\n<\/div><\/div>\n\n\n\n\n\n<div class=\"wp-block-media-text has-media-on-the-right is-stacked-on-mobile\"><div class=\"wp-block-media-text__content\">\n<p class=\"wp-block-paragraph\">Tik 3 ska heta Nicko och skall flytta till Martin B.<\/p>\n<\/div><figure class=\"wp-block-media-text__media\"><a href=\"https:\/\/almkullens.se\/wp-content\/uploads\/2025\/06\/Tik-3-Almkullens-N-kull2025.jpg\" rel=\"lightbox[12824]\"><img loading=\"lazy\" decoding=\"async\" width=\"1024\" height=\"683\" src=\"https:\/\/almkullens.se\/wp-content\/uploads\/2025\/06\/Tik-3-Almkullens-N-kull2025-1024x683.jpg\" alt=\"\" class=\"wp-image-12828 size-full\" srcset=\"https:\/\/almkullens.se\/wp-content\/uploads\/2025\/06\/Tik-3-Almkullens-N-kull2025-1024x683.jpg 1024w, https:\/\/almkullens.se\/wp-content\/uploads\/2025\/06\/Tik-3-Almkullens-N-kull2025-300x200.jpg 300w, https:\/\/almkullens.se\/wp-content\/uploads\/2025\/06\/Tik-3-Almkullens-N-kull2025-768x512.jpg 768w, https:\/\/almkullens.se\/wp-content\/uploads\/2025\/06\/Tik-3-Almkullens-N-kull2025-1536x1024.jpg 1536w, https:\/\/almkullens.se\/wp-content\/uploads\/2025\/06\/Tik-3-Almkullens-N-kull2025.jpg 1800w\" sizes=\"auto, (max-width: 1024px) 100vw, 1024px\" \/><\/a><\/figure><\/div>\n\n\n\n\n\n<div class=\"wp-block-media-text is-stacked-on-mobile\"><figure class=\"wp-block-media-text__media\"><a href=\"https:\/\/almkullens.se\/wp-content\/uploads\/2025\/06\/Tik-4-Almkullens-N-kull2025-2.jpg\" rel=\"lightbox[12824]\"><img loading=\"lazy\" decoding=\"async\" width=\"1024\" height=\"683\" src=\"https:\/\/almkullens.se\/wp-content\/uploads\/2025\/06\/Tik-4-Almkullens-N-kull2025-2-1024x683.jpg\" alt=\"\" class=\"wp-image-12829 size-full\" srcset=\"https:\/\/almkullens.se\/wp-content\/uploads\/2025\/06\/Tik-4-Almkullens-N-kull2025-2-1024x683.jpg 1024w, https:\/\/almkullens.se\/wp-content\/uploads\/2025\/06\/Tik-4-Almkullens-N-kull2025-2-300x200.jpg 300w, https:\/\/almkullens.se\/wp-content\/uploads\/2025\/06\/Tik-4-Almkullens-N-kull2025-2-768x512.jpg 768w, https:\/\/almkullens.se\/wp-content\/uploads\/2025\/06\/Tik-4-Almkullens-N-kull2025-2-1536x1024.jpg 1536w, https:\/\/almkullens.se\/wp-content\/uploads\/2025\/06\/Tik-4-Almkullens-N-kull2025-2.jpg 1800w\" sizes=\"auto, (max-width: 1024px) 100vw, 1024px\" \/><\/a><\/figure><div class=\"wp-block-media-text__content\">\n<p class=\"wp-block-paragraph\">Tik 4 skall heta Noomi och flyttar till Roger V.<\/p>\n<\/div><\/div>\n\n\n\n\n\n<div class=\"wp-block-media-text has-media-on-the-right is-stacked-on-mobile\"><div class=\"wp-block-media-text__content\">\n<p class=\"wp-block-paragraph\">Ninze ska den h\u00e4r valpen heta och hon skall flytta till Hans L.<\/p>\n<\/div><figure class=\"wp-block-media-text__media\"><a href=\"https:\/\/almkullens.se\/wp-content\/uploads\/2025\/06\/Tik-52025-2.jpg\" rel=\"lightbox[12824]\"><img loading=\"lazy\" decoding=\"async\" width=\"1024\" height=\"683\" src=\"https:\/\/almkullens.se\/wp-content\/uploads\/2025\/06\/Tik-52025-2-1024x683.jpg\" alt=\"\" class=\"wp-image-12830 size-full\" srcset=\"https:\/\/almkullens.se\/wp-content\/uploads\/2025\/06\/Tik-52025-2-1024x683.jpg 1024w, https:\/\/almkullens.se\/wp-content\/uploads\/2025\/06\/Tik-52025-2-300x200.jpg 300w, https:\/\/almkullens.se\/wp-content\/uploads\/2025\/06\/Tik-52025-2-768x512.jpg 768w, https:\/\/almkullens.se\/wp-content\/uploads\/2025\/06\/Tik-52025-2-1536x1024.jpg 1536w, https:\/\/almkullens.se\/wp-content\/uploads\/2025\/06\/Tik-52025-2.jpg 1800w\" sizes=\"auto, (max-width: 1024px) 100vw, 1024px\" \/><\/a><\/figure><\/div>\n\n\n\n\n\n<div class=\"wp-block-media-text is-stacked-on-mobile\"><figure class=\"wp-block-media-text__media\"><a href=\"https:\/\/almkullens.se\/wp-content\/uploads\/2025\/06\/Tik-62025.jpg\" rel=\"lightbox[12824]\"><img loading=\"lazy\" decoding=\"async\" width=\"1024\" height=\"683\" src=\"https:\/\/almkullens.se\/wp-content\/uploads\/2025\/06\/Tik-62025-1024x683.jpg\" alt=\"\" class=\"wp-image-12831 size-full\" srcset=\"https:\/\/almkullens.se\/wp-content\/uploads\/2025\/06\/Tik-62025-1024x683.jpg 1024w, https:\/\/almkullens.se\/wp-content\/uploads\/2025\/06\/Tik-62025-300x200.jpg 300w, https:\/\/almkullens.se\/wp-content\/uploads\/2025\/06\/Tik-62025-768x512.jpg 768w, https:\/\/almkullens.se\/wp-content\/uploads\/2025\/06\/Tik-62025-1536x1024.jpg 1536w, https:\/\/almkullens.se\/wp-content\/uploads\/2025\/06\/Tik-62025.jpg 1800w\" sizes=\"auto, (max-width: 1024px) 100vw, 1024px\" \/><\/a><\/figure><div class=\"wp-block-media-text__content\">\n<p class=\"wp-block-paragraph\">Tik 6 heter Nessie och husse Stig-\u00c5ke A.<\/p>\n<\/div><\/div>\n\n\n\n\n\n<div class=\"wp-block-media-text has-media-on-the-right is-stacked-on-mobile\"><div class=\"wp-block-media-text__content\">\n<p class=\"wp-block-paragraph\">Hane 1 ska heta N&#8217; Billy och han flyttar hem till sin pappa Leif och husse Lars N.<\/p>\n<\/div><figure class=\"wp-block-media-text__media\"><a href=\"https:\/\/almkullens.se\/wp-content\/uploads\/2025\/06\/Hane-1-Almkullens-N-kull2025-2.jpg\" rel=\"lightbox[12824]\"><img loading=\"lazy\" decoding=\"async\" width=\"1024\" height=\"683\" src=\"https:\/\/almkullens.se\/wp-content\/uploads\/2025\/06\/Hane-1-Almkullens-N-kull2025-2-1024x683.jpg\" alt=\"\" class=\"wp-image-12832 size-full\" srcset=\"https:\/\/almkullens.se\/wp-content\/uploads\/2025\/06\/Hane-1-Almkullens-N-kull2025-2-1024x683.jpg 1024w, https:\/\/almkullens.se\/wp-content\/uploads\/2025\/06\/Hane-1-Almkullens-N-kull2025-2-300x200.jpg 300w, https:\/\/almkullens.se\/wp-content\/uploads\/2025\/06\/Hane-1-Almkullens-N-kull2025-2-768x512.jpg 768w, https:\/\/almkullens.se\/wp-content\/uploads\/2025\/06\/Hane-1-Almkullens-N-kull2025-2-1536x1024.jpg 1536w, https:\/\/almkullens.se\/wp-content\/uploads\/2025\/06\/Hane-1-Almkullens-N-kull2025-2.jpg 1800w\" sizes=\"auto, (max-width: 1024px) 100vw, 1024px\" \/><\/a><\/figure><\/div>\n\n\n\n\n\n<div class=\"wp-block-media-text is-stacked-on-mobile\"><figure class=\"wp-block-media-text__media\"><a href=\"https:\/\/almkullens.se\/wp-content\/uploads\/2025\/06\/Hane-2-Almkullens-N-kull2025-2.jpg\" rel=\"lightbox[12824]\"><img loading=\"lazy\" decoding=\"async\" width=\"1024\" height=\"683\" src=\"https:\/\/almkullens.se\/wp-content\/uploads\/2025\/06\/Hane-2-Almkullens-N-kull2025-2-1024x683.jpg\" alt=\"\" class=\"wp-image-12833 size-full\" srcset=\"https:\/\/almkullens.se\/wp-content\/uploads\/2025\/06\/Hane-2-Almkullens-N-kull2025-2-1024x683.jpg 1024w, https:\/\/almkullens.se\/wp-content\/uploads\/2025\/06\/Hane-2-Almkullens-N-kull2025-2-300x200.jpg 300w, https:\/\/almkullens.se\/wp-content\/uploads\/2025\/06\/Hane-2-Almkullens-N-kull2025-2-768x512.jpg 768w, https:\/\/almkullens.se\/wp-content\/uploads\/2025\/06\/Hane-2-Almkullens-N-kull2025-2-1536x1024.jpg 1536w, https:\/\/almkullens.se\/wp-content\/uploads\/2025\/06\/Hane-2-Almkullens-N-kull2025-2.jpg 1800w\" sizes=\"auto, (max-width: 1024px) 100vw, 1024px\" \/><\/a><\/figure><div class=\"wp-block-media-text__content\">\n<p class=\"wp-block-paragraph\">Norris ska hane 2 heta och han flyttar hem till sin husse Mats A.<\/p>\n<\/div><\/div>\n","protected":false},"excerpt":{"rendered":"<p>Nu \u00e4r det best\u00e4mt vem som \u00e4r vem, Niska \u00e4r tik 1, som vi beh\u00e5ller h\u00e4r hemma. Valpen till h\u00f6ger. Nemi \u00e4r tik 2 som ska flytta till Stefan o Maria Tik 3 ska heta Nicko och skall flytta till Martin B. Tik 4 skall heta Noomi och flyttar till Roger V. Ninze ska den [&hellip;]<\/p>\n","protected":false},"author":1,"featured_media":0,"comment_status":"open","ping_status":"open","sticky":false,"template":"","format":"standard","meta":{"_crdt_document":"","advgb_blocks_editor_width":"","advgb_blocks_columns_visual_guide":"","_jetpack_memberships_contains_paid_content":false,"footnotes":""},"categories":[1],"tags":[],"class_list":["post-12824","post","type-post","status-publish","format-standard","hentry","category-hem","entry"],"author_meta":{"display_name":"Peter &amp; Johanna","author_link":"https:\/\/almkullens.se\/?author=1"},"featured_img":null,"jetpack_featured_media_url":"","coauthors":[],"tax_additional":{"categories":{"linked":["<a href=\"https:\/\/almkullens.se\/?cat=1\" class=\"advgb-post-tax-term\">Hem<\/a>"],"unlinked":["<span class=\"advgb-post-tax-term\">Hem<\/span>"]}},"comment_count":"0","relative_dates":{"created":"Publicerad 10 m\u00e5nader sedan","modified":"Uppdaterad 10 m\u00e5nader sedan"},"absolute_dates":{"created":"Publicerat den 20 juni, 2025","modified":"Uppdaterad den 20 juni, 2025"},"absolute_dates_time":{"created":"Publicerat den 20 juni, 2025 09:07","modified":"Uppdaterad den 20 juni, 2025 09:09"},"featured_img_caption":"","series_order":"","jetpack_sharing_enabled":true,"_links":{"self":[{"href":"https:\/\/almkullens.se\/index.php?rest_route=\/wp\/v2\/posts\/12824","targetHints":{"allow":["GET"]}}],"collection":[{"href":"https:\/\/almkullens.se\/index.php?rest_route=\/wp\/v2\/posts"}],"about":[{"href":"https:\/\/almkullens.se\/index.php?rest_route=\/wp\/v2\/types\/post"}],"author":[{"embeddable":true,"href":"https:\/\/almkullens.se\/index.php?rest_route=\/wp\/v2\/users\/1"}],"replies":[{"embeddable":true,"href":"https:\/\/almkullens.se\/index.php?rest_route=%2Fwp%2Fv2%2Fcomments&post=12824"}],"version-history":[{"count":4,"href":"https:\/\/almkullens.se\/index.php?rest_route=\/wp\/v2\/posts\/12824\/revisions"}],"predecessor-version":[{"id":12836,"href":"https:\/\/almkullens.se\/index.php?rest_route=\/wp\/v2\/posts\/12824\/revisions\/12836"}],"wp:attachment":[{"href":"https:\/\/almkullens.se\/index.php?rest_route=%2Fwp%2Fv2%2Fmedia&parent=12824"}],"wp:term":[{"taxonomy":"category","embeddable":true,"href":"https:\/\/almkullens.se\/index.php?rest_route=%2Fwp%2Fv2%2Fcategories&post=12824"},{"taxonomy":"post_tag","embeddable":true,"href":"https:\/\/almkullens.se\/index.php?rest_route=%2Fwp%2Fv2%2Ftags&post=12824"}],"curies":[{"name":"wp","href":"https:\/\/api.w.org\/{rel}","templated":true}]}}