{"id":12724,"date":"2025-05-01T10:33:14","date_gmt":"2025-05-01T08:33:14","guid":{"rendered":"https:\/\/almkullens.se\/?p=12724"},"modified":"2025-05-01T10:33:14","modified_gmt":"2025-05-01T08:33:14","slug":"prisregn","status":"publish","type":"post","link":"https:\/\/almkullens.se\/?p=12724","title":{"rendered":"Prisregn!"},"content":{"rendered":"\n<div class=\"wp-block-media-text has-media-on-the-right is-stacked-on-mobile\"><div class=\"wp-block-media-text__content\">\n<p class=\"wp-block-paragraph\">3 st. med Almkullenshundar startade p\u00e5 Klimpfj\u00e4llsprovet i helgen, och vilket prisregn det blev!<br \/>Almkullens Mixie startade med husse Daniel och det gick s\u00e5 bra s\u00e5 hon skulle apportera f\u00f6r ett 1 pris, tyv\u00e4rr s\u00e5 ville hon hellre forts\u00e4tta att jaga ist\u00e4llet f\u00f6r att apportera s\u00e5 det blev ett mycket fint 2 pris i Ukl. <br \/>Almkullens Myrra med matte Helena startade i 2 dagar och tyv\u00e4rr s\u00e5 fick hon inte visa resning men fick d\u00e5 finfina 2 pris i Ukl b\u00e5da dagarna!<br \/>Almkullens Leif med husse Lars fick p\u00e5 fredagen ett fint 2 pris i \u00d6kl men slog till med ett 1 pris i \u00d6kl p\u00e5 l\u00f6rdagen Wow!!! V\u00e4lkommen till Elitklass Lars!<br \/>P\u00e5 bilden syns 3 mycket glada &#8221;Almkullare&#8221;<br \/>Ett STORT STORT GRATTIS till er alla!<br \/>Vi \u00e4r s\u00e5 stolta och glada!<\/p>\n<\/div><figure class=\"wp-block-media-text__media\"><img loading=\"lazy\" decoding=\"async\" width=\"768\" height=\"1024\" src=\"https:\/\/almkullens.se\/wp-content\/uploads\/2025\/05\/Daniel-Helena-och-Lars.jpg\" alt=\"\" class=\"wp-image-12725 size-full\" srcset=\"https:\/\/almkullens.se\/wp-content\/uploads\/2025\/05\/Daniel-Helena-och-Lars.jpg 768w, https:\/\/almkullens.se\/wp-content\/uploads\/2025\/05\/Daniel-Helena-och-Lars-225x300.jpg 225w\" sizes=\"auto, (max-width: 768px) 100vw, 768px\" \/><\/figure><\/div>\n\n\n\n\n\n<figure class=\"wp-block-gallery has-nested-images columns-default is-cropped wp-block-gallery-1 is-layout-flex wp-block-gallery-is-layout-flex\">\n<figure class=\"wp-block-image size-large\"><img loading=\"lazy\" decoding=\"async\" width=\"617\" height=\"444\" data-id=\"12726\" src=\"https:\/\/almkullens.se\/wp-content\/uploads\/2025\/05\/Helena-Myrra2.jpg\" alt=\"\" class=\"wp-image-12726\" srcset=\"https:\/\/almkullens.se\/wp-content\/uploads\/2025\/05\/Helena-Myrra2.jpg 617w, https:\/\/almkullens.se\/wp-content\/uploads\/2025\/05\/Helena-Myrra2-300x216.jpg 300w\" sizes=\"auto, (max-width: 617px) 100vw, 617px\" \/><figcaption class=\"wp-element-caption\">Helena och Myrra<\/figcaption><\/figure>\n\n\n\n<figure class=\"wp-block-image size-large\"><img loading=\"lazy\" decoding=\"async\" width=\"307\" height=\"458\" data-id=\"12727\" src=\"https:\/\/almkullens.se\/wp-content\/uploads\/2025\/05\/Leif-o-Lars3.jpg\" alt=\"\" class=\"wp-image-12727\" srcset=\"https:\/\/almkullens.se\/wp-content\/uploads\/2025\/05\/Leif-o-Lars3.jpg 307w, https:\/\/almkullens.se\/wp-content\/uploads\/2025\/05\/Leif-o-Lars3-201x300.jpg 201w\" sizes=\"auto, (max-width: 307px) 100vw, 307px\" \/><figcaption class=\"wp-element-caption\">Lars och Leif<\/figcaption><\/figure>\n\n\n\n<figure class=\"wp-block-image size-large\"><img loading=\"lazy\" decoding=\"async\" width=\"575\" height=\"645\" data-id=\"12728\" src=\"https:\/\/almkullens.se\/wp-content\/uploads\/2025\/05\/Mixie-o-Daniel2.jpg\" alt=\"\" class=\"wp-image-12728\" srcset=\"https:\/\/almkullens.se\/wp-content\/uploads\/2025\/05\/Mixie-o-Daniel2.jpg 575w, https:\/\/almkullens.se\/wp-content\/uploads\/2025\/05\/Mixie-o-Daniel2-267x300.jpg 267w\" sizes=\"auto, (max-width: 575px) 100vw, 575px\" \/><figcaption class=\"wp-element-caption\">Daniel och Mixie<\/figcaption><\/figure>\n<\/figure>\n","protected":false},"excerpt":{"rendered":"<p>3 st. med Almkullenshundar startade p\u00e5 Klimpfj\u00e4llsprovet i helgen, och vilket prisregn det blev!Almkullens Mixie startade med husse Daniel och det gick s\u00e5 bra s\u00e5 hon skulle apportera f\u00f6r ett 1 pris, tyv\u00e4rr s\u00e5 ville hon hellre forts\u00e4tta att jaga ist\u00e4llet f\u00f6r att apportera s\u00e5 det blev ett mycket fint 2 pris i Ukl. Almkullens [&hellip;]<\/p>\n","protected":false},"author":1,"featured_media":0,"comment_status":"open","ping_status":"open","sticky":false,"template":"","format":"standard","meta":{"_crdt_document":"","advgb_blocks_editor_width":"","advgb_blocks_columns_visual_guide":"","_jetpack_memberships_contains_paid_content":false,"footnotes":""},"categories":[1],"tags":[],"class_list":["post-12724","post","type-post","status-publish","format-standard","hentry","category-hem","entry"],"author_meta":{"display_name":"Peter &amp; Johanna","author_link":"https:\/\/almkullens.se\/?author=1"},"featured_img":null,"jetpack_featured_media_url":"","coauthors":[],"tax_additional":{"categories":{"linked":["<a href=\"https:\/\/almkullens.se\/?cat=1\" class=\"advgb-post-tax-term\">Hem<\/a>"],"unlinked":["<span class=\"advgb-post-tax-term\">Hem<\/span>"]}},"comment_count":"0","relative_dates":{"created":"Publicerad 12 m\u00e5nader sedan","modified":"Uppdaterad 12 m\u00e5nader sedan"},"absolute_dates":{"created":"Publicerat den 1 maj, 2025","modified":"Uppdaterad den 1 maj, 2025"},"absolute_dates_time":{"created":"Publicerat den 1 maj, 2025 10:33","modified":"Uppdaterad den 1 maj, 2025 10:33"},"featured_img_caption":"","series_order":"","jetpack_sharing_enabled":true,"_links":{"self":[{"href":"https:\/\/almkullens.se\/index.php?rest_route=\/wp\/v2\/posts\/12724","targetHints":{"allow":["GET"]}}],"collection":[{"href":"https:\/\/almkullens.se\/index.php?rest_route=\/wp\/v2\/posts"}],"about":[{"href":"https:\/\/almkullens.se\/index.php?rest_route=\/wp\/v2\/types\/post"}],"author":[{"embeddable":true,"href":"https:\/\/almkullens.se\/index.php?rest_route=\/wp\/v2\/users\/1"}],"replies":[{"embeddable":true,"href":"https:\/\/almkullens.se\/index.php?rest_route=%2Fwp%2Fv2%2Fcomments&post=12724"}],"version-history":[{"count":1,"href":"https:\/\/almkullens.se\/index.php?rest_route=\/wp\/v2\/posts\/12724\/revisions"}],"predecessor-version":[{"id":12729,"href":"https:\/\/almkullens.se\/index.php?rest_route=\/wp\/v2\/posts\/12724\/revisions\/12729"}],"wp:attachment":[{"href":"https:\/\/almkullens.se\/index.php?rest_route=%2Fwp%2Fv2%2Fmedia&parent=12724"}],"wp:term":[{"taxonomy":"category","embeddable":true,"href":"https:\/\/almkullens.se\/index.php?rest_route=%2Fwp%2Fv2%2Fcategories&post=12724"},{"taxonomy":"post_tag","embeddable":true,"href":"https:\/\/almkullens.se\/index.php?rest_route=%2Fwp%2Fv2%2Ftags&post=12724"}],"curies":[{"name":"wp","href":"https:\/\/api.w.org\/{rel}","templated":true}]}}