{"id":12666,"date":"2024-12-23T11:40:14","date_gmt":"2024-12-23T10:40:14","guid":{"rendered":"https:\/\/almkullens.se\/?p=12666"},"modified":"2024-12-23T11:40:14","modified_gmt":"2024-12-23T10:40:14","slug":"god-jul-och-gott-nytt-ar-4","status":"publish","type":"post","link":"https:\/\/almkullens.se\/?p=12666","title":{"rendered":"God Jul Och Gott Nytt \u00c5r!"},"content":{"rendered":"\n<div class=\"wp-block-media-text has-media-on-the-right is-stacked-on-mobile\"><div class=\"wp-block-media-text__content\">\n<p class=\"wp-block-paragraph\">Nu har \u00e4nnu ett h\u00e4rligt \u00e5r g\u00e5tt med b\u00e5de trevliga jakter och upplevelser. <br \/>Vi \u00e4r v\u00e4ldigt n\u00f6jda med hur v\u00e5ra valpk\u00f6pare k\u00e4mpar p\u00e5 och det \u00e4r s\u00e5 roligt n\u00e4r det fungerar och hundarna utvecklas till duktiga f\u00e5gelhundar.<br \/>Vad g\u00e4ller jaktprov s\u00e5 har flera Almkullenshundar lyckas p\u00e5 jaktprov. <br \/>Joy har efter att ha f\u00e5tt fyra 2:a pris i \u00d6kl tagit ett 1:a pris och nu tagit klivet upp i Elitklass! Ett Stort Grattis H\u00e5kan! Sedan har hon dessutom f\u00e5tt ett fint 2:a pris i elitklass! <br \/>Leif har tagit ett 2:a pris i Ukl och ett i \u00d6kl! Ett stort Grattis Lars!<br \/>Kassie, v\u00e5ran buse, har i \u00e5r ocks\u00e5 tagit klivet upp i Elitklass!<br \/>Almkullens Joy \u00e4r p\u00e5 bilden till h\u00f6ger.<\/p>\n\n\n\n<p class=\"wp-block-paragraph\"><\/p>\n\n\n\n<p>\u00a0<\/p>\n<p>\u00a0<\/p>\n<\/div><figure class=\"wp-block-media-text__media\"><a href=\"https:\/\/almkullens.se\/wp-content\/uploads\/2024\/10\/ES8A5007.jpg\" rel=\"lightbox[12666]\"><img loading=\"lazy\" decoding=\"async\" width=\"1024\" height=\"683\" src=\"https:\/\/almkullens.se\/wp-content\/uploads\/2024\/10\/ES8A5007-1024x683.jpg\" alt=\"\" class=\"wp-image-12641 size-full\" srcset=\"https:\/\/almkullens.se\/wp-content\/uploads\/2024\/10\/ES8A5007-1024x683.jpg 1024w, https:\/\/almkullens.se\/wp-content\/uploads\/2024\/10\/ES8A5007-300x200.jpg 300w, https:\/\/almkullens.se\/wp-content\/uploads\/2024\/10\/ES8A5007-768x512.jpg 768w, https:\/\/almkullens.se\/wp-content\/uploads\/2024\/10\/ES8A5007-1536x1024.jpg 1536w, https:\/\/almkullens.se\/wp-content\/uploads\/2024\/10\/ES8A5007.jpg 1800w\" sizes=\"auto, (max-width: 1024px) 100vw, 1024px\" \/><\/a><\/figure><\/div>\n\n\n\n<div class=\"wp-block-media-text is-stacked-on-mobile\"><figure class=\"wp-block-media-text__media\"><a href=\"https:\/\/almkullens.se\/wp-content\/uploads\/2024\/10\/461510887_2681841995320027_537809696029151058_n.jpg\" rel=\"lightbox[12666]\"><img loading=\"lazy\" decoding=\"async\" width=\"1024\" height=\"473\" src=\"https:\/\/almkullens.se\/wp-content\/uploads\/2024\/10\/461510887_2681841995320027_537809696029151058_n-1024x473.jpg\" alt=\"\" class=\"wp-image-12629 size-full\" srcset=\"https:\/\/almkullens.se\/wp-content\/uploads\/2024\/10\/461510887_2681841995320027_537809696029151058_n-1024x473.jpg 1024w, https:\/\/almkullens.se\/wp-content\/uploads\/2024\/10\/461510887_2681841995320027_537809696029151058_n-300x138.jpg 300w, https:\/\/almkullens.se\/wp-content\/uploads\/2024\/10\/461510887_2681841995320027_537809696029151058_n-768x354.jpg 768w, https:\/\/almkullens.se\/wp-content\/uploads\/2024\/10\/461510887_2681841995320027_537809696029151058_n-1536x709.jpg 1536w, https:\/\/almkullens.se\/wp-content\/uploads\/2024\/10\/461510887_2681841995320027_537809696029151058_n.jpg 2048w\" sizes=\"auto, (max-width: 1024px) 100vw, 1024px\" \/><\/a><\/figure><div class=\"wp-block-media-text__content\">\n<p class=\"wp-block-paragraph\">V\u00e5r finska v\u00e4n Kenneth startade Moses i Junkkari och fick helgens b\u00e4sta\/h\u00f6gsta po\u00e4ng, oavsett ras! 96 p av 100 m\u00f6jliga (den som fick n\u00e4st h\u00f6gsta po\u00e4ng var en vorsteh p\u00e5 89 po\u00e4ng)<br \/>Moses fick d\u00e5 ett 1:a pris i Ukl men tyv\u00e4rr s\u00e5 skadade han tassen och kunde inte vara med p\u00e5 varken utst\u00e4llningen eller finalen, men vilken jaktprovsstart han gjorde! Ett Stort Grattis Kenneth!<br \/>Moses har ocks\u00e5 f\u00e5tt full pott p\u00e5 efters\u00f6ksgrenarna i Finland.<\/p>\n<\/div><\/div>\n\n\n\n<div class=\"wp-block-media-text has-media-on-the-right is-stacked-on-mobile\"><div class=\"wp-block-media-text__content\">\n<p class=\"wp-block-paragraph\"><strong>Utst\u00e4llning-2024<\/strong><br \/>Av Fias valpar s\u00e5 \u00e4r det<strong>\u00a0<\/strong>Irma Mi, Lexi och Leif som har varit p\u00e5 utst\u00e4llning.<br \/>Irma Mi med Excellent CK, Lexi med excellent  och Leif med Very Good<br \/>Av Hexas valpar s\u00e5 har b\u00e5de Kouta, Kenzo och Kero f\u00e5tt Excellent med CK, Kassie har f\u00e5tt Excellent.<br \/>I M-kullen s\u00e5 har Meeko f\u00e5tt Excellent i Juniorklass och Moses har f\u00e5tt VG i unghundsklass.<br \/>Almkullens Lexi \u00e4r p\u00e5 bilden till h\u00f6ger.<\/p>\n<\/div><figure class=\"wp-block-media-text__media\"><a href=\"https:\/\/almkullens.se\/wp-content\/uploads\/2024\/12\/ES8A7255.jpg\" rel=\"lightbox[12666]\"><img loading=\"lazy\" decoding=\"async\" width=\"1024\" height=\"683\" src=\"https:\/\/almkullens.se\/wp-content\/uploads\/2024\/12\/ES8A7255-1024x683.jpg\" alt=\"\" class=\"wp-image-12668 size-full\" srcset=\"https:\/\/almkullens.se\/wp-content\/uploads\/2024\/12\/ES8A7255-1024x683.jpg 1024w, https:\/\/almkullens.se\/wp-content\/uploads\/2024\/12\/ES8A7255-300x200.jpg 300w, https:\/\/almkullens.se\/wp-content\/uploads\/2024\/12\/ES8A7255-768x512.jpg 768w, https:\/\/almkullens.se\/wp-content\/uploads\/2024\/12\/ES8A7255-1536x1024.jpg 1536w, https:\/\/almkullens.se\/wp-content\/uploads\/2024\/12\/ES8A7255.jpg 1800w\" sizes=\"auto, (max-width: 1024px) 100vw, 1024px\" \/><\/a><\/figure><\/div>\n\n\n\n\n\n\n\n<div class=\"wp-block-media-text is-stacked-on-mobile\"><figure class=\"wp-block-media-text__media\"><a href=\"https:\/\/almkullens.se\/wp-content\/uploads\/2024\/12\/ES8A8330.jpg\" rel=\"lightbox[12666]\"><img loading=\"lazy\" decoding=\"async\" width=\"1024\" height=\"683\" src=\"https:\/\/almkullens.se\/wp-content\/uploads\/2024\/12\/ES8A8330-1024x683.jpg\" alt=\"\" class=\"wp-image-12667 size-full\" srcset=\"https:\/\/almkullens.se\/wp-content\/uploads\/2024\/12\/ES8A8330-1024x683.jpg 1024w, https:\/\/almkullens.se\/wp-content\/uploads\/2024\/12\/ES8A8330-300x200.jpg 300w, https:\/\/almkullens.se\/wp-content\/uploads\/2024\/12\/ES8A8330-768x512.jpg 768w, https:\/\/almkullens.se\/wp-content\/uploads\/2024\/12\/ES8A8330-1536x1024.jpg 1536w, https:\/\/almkullens.se\/wp-content\/uploads\/2024\/12\/ES8A8330.jpg 1800w\" sizes=\"auto, (max-width: 1024px) 100vw, 1024px\" \/><\/a><\/figure><div class=\"wp-block-media-text__content\">\n<p class=\"wp-block-paragraph\">Planen \u00e4r att Hexa ska paras i b\u00f6rjan p\u00e5 2025 med Almkullens Leif och vi h\u00e5ller alla tummarna f\u00f6r att det ska bli en fin kull!<br \/>Almkullens Hexa \u00e4r p\u00e5 bilden till v\u00e4nster.<br \/><br \/>Nu \u00f6nskar vi alla God Jul och Gott nytt \u00e5r!<\/p>\n<\/div><\/div>\n\n\n\n<div class=\"wp-block-media-text is-stacked-on-mobile\"><figure class=\"wp-block-media-text__media\"><a href=\"https:\/\/almkullens.se\/wp-content\/uploads\/2024\/12\/ES8A0216-Forbattrat-BR.jpg\" rel=\"lightbox[12666]\"><img loading=\"lazy\" decoding=\"async\" width=\"1024\" height=\"683\" src=\"https:\/\/almkullens.se\/wp-content\/uploads\/2024\/12\/ES8A0216-Forbattrat-BR-1024x683.jpg\" alt=\"\" class=\"wp-image-12670 size-full\" srcset=\"https:\/\/almkullens.se\/wp-content\/uploads\/2024\/12\/ES8A0216-Forbattrat-BR-1024x683.jpg 1024w, https:\/\/almkullens.se\/wp-content\/uploads\/2024\/12\/ES8A0216-Forbattrat-BR-300x200.jpg 300w, https:\/\/almkullens.se\/wp-content\/uploads\/2024\/12\/ES8A0216-Forbattrat-BR-768x512.jpg 768w, https:\/\/almkullens.se\/wp-content\/uploads\/2024\/12\/ES8A0216-Forbattrat-BR-1536x1024.jpg 1536w, https:\/\/almkullens.se\/wp-content\/uploads\/2024\/12\/ES8A0216-Forbattrat-BR.jpg 1800w\" sizes=\"auto, (max-width: 1024px) 100vw, 1024px\" \/><\/a><\/figure><div class=\"wp-block-media-text__content\">\n<p class=\"wp-block-paragraph\">Almkullens Fia \u00e4r p\u00e5 bilden till v\u00e4nster och Kassie nedan.<\/p>\n\n\n\n<figure class=\"wp-block-image size-large\"><a href=\"https:\/\/almkullens.se\/wp-content\/uploads\/2024\/12\/ES8A3493-Forbattrat-BR.jpg\" rel=\"lightbox[12666]\"><img loading=\"lazy\" decoding=\"async\" width=\"1024\" height=\"683\" src=\"https:\/\/almkullens.se\/wp-content\/uploads\/2024\/12\/ES8A3493-Forbattrat-BR-1024x683.jpg\" alt=\"\" class=\"wp-image-12671\" srcset=\"https:\/\/almkullens.se\/wp-content\/uploads\/2024\/12\/ES8A3493-Forbattrat-BR-1024x683.jpg 1024w, https:\/\/almkullens.se\/wp-content\/uploads\/2024\/12\/ES8A3493-Forbattrat-BR-300x200.jpg 300w, https:\/\/almkullens.se\/wp-content\/uploads\/2024\/12\/ES8A3493-Forbattrat-BR-768x512.jpg 768w, https:\/\/almkullens.se\/wp-content\/uploads\/2024\/12\/ES8A3493-Forbattrat-BR-1536x1024.jpg 1536w, https:\/\/almkullens.se\/wp-content\/uploads\/2024\/12\/ES8A3493-Forbattrat-BR.jpg 1800w\" sizes=\"auto, (max-width: 1024px) 100vw, 1024px\" \/><\/a><\/figure>\n<\/div><\/div>\n","protected":false},"excerpt":{"rendered":"<p>V\u00e5r finska v\u00e4n Kenneth startade Moses i Junkkari och fick helgens b\u00e4sta\/h\u00f6gsta po\u00e4ng, oavsett ras! 96 p av 100 m\u00f6jliga (den som fick n\u00e4st h\u00f6gsta po\u00e4ng var en vorsteh p\u00e5 89 po\u00e4ng)Moses fick d\u00e5 ett 1:a pris i Ukl men tyv\u00e4rr s\u00e5 skadade han tassen och kunde inte vara med p\u00e5 varken utst\u00e4llningen eller finalen, [&hellip;]<\/p>\n","protected":false},"author":1,"featured_media":0,"comment_status":"open","ping_status":"open","sticky":false,"template":"","format":"standard","meta":{"_crdt_document":"","advgb_blocks_editor_width":"","advgb_blocks_columns_visual_guide":"","_jetpack_memberships_contains_paid_content":false,"footnotes":""},"categories":[1],"tags":[],"class_list":["post-12666","post","type-post","status-publish","format-standard","hentry","category-hem","entry"],"author_meta":{"display_name":"Peter &amp; Johanna","author_link":"https:\/\/almkullens.se\/?author=1"},"featured_img":null,"jetpack_featured_media_url":"","coauthors":[],"tax_additional":{"categories":{"linked":["<a href=\"https:\/\/almkullens.se\/?cat=1\" class=\"advgb-post-tax-term\">Hem<\/a>"],"unlinked":["<span class=\"advgb-post-tax-term\">Hem<\/span>"]}},"comment_count":"0","relative_dates":{"created":"Publicerad 1 \u00e5r sedan","modified":"Uppdaterad 1 \u00e5r sedan"},"absolute_dates":{"created":"Publicerat den 23 december, 2024","modified":"Uppdaterad den 23 december, 2024"},"absolute_dates_time":{"created":"Publicerat den 23 december, 2024 11:40","modified":"Uppdaterad den 23 december, 2024 11:40"},"featured_img_caption":"","series_order":"","jetpack_sharing_enabled":true,"_links":{"self":[{"href":"https:\/\/almkullens.se\/index.php?rest_route=\/wp\/v2\/posts\/12666","targetHints":{"allow":["GET"]}}],"collection":[{"href":"https:\/\/almkullens.se\/index.php?rest_route=\/wp\/v2\/posts"}],"about":[{"href":"https:\/\/almkullens.se\/index.php?rest_route=\/wp\/v2\/types\/post"}],"author":[{"embeddable":true,"href":"https:\/\/almkullens.se\/index.php?rest_route=\/wp\/v2\/users\/1"}],"replies":[{"embeddable":true,"href":"https:\/\/almkullens.se\/index.php?rest_route=%2Fwp%2Fv2%2Fcomments&post=12666"}],"version-history":[{"count":4,"href":"https:\/\/almkullens.se\/index.php?rest_route=\/wp\/v2\/posts\/12666\/revisions"}],"predecessor-version":[{"id":12674,"href":"https:\/\/almkullens.se\/index.php?rest_route=\/wp\/v2\/posts\/12666\/revisions\/12674"}],"wp:attachment":[{"href":"https:\/\/almkullens.se\/index.php?rest_route=%2Fwp%2Fv2%2Fmedia&parent=12666"}],"wp:term":[{"taxonomy":"category","embeddable":true,"href":"https:\/\/almkullens.se\/index.php?rest_route=%2Fwp%2Fv2%2Fcategories&post=12666"},{"taxonomy":"post_tag","embeddable":true,"href":"https:\/\/almkullens.se\/index.php?rest_route=%2Fwp%2Fv2%2Ftags&post=12666"}],"curies":[{"name":"wp","href":"https:\/\/api.w.org\/{rel}","templated":true}]}}