{"id":12634,"date":"2024-10-16T10:01:05","date_gmt":"2024-10-16T08:01:05","guid":{"rendered":"https:\/\/almkullens.se\/?p=12634"},"modified":"2024-10-16T10:18:34","modified_gmt":"2024-10-16T08:18:34","slug":"jaktprov-4","status":"publish","type":"post","link":"https:\/\/almkullens.se\/?p=12634","title":{"rendered":"Jaktprov"},"content":{"rendered":"\n<div class=\"wp-block-media-text has-media-on-the-right is-stacked-on-mobile\"><div class=\"wp-block-media-text__content\">\n<p class=\"wp-block-paragraph\">Peter och Kassie har startat p\u00e5 3 Jaktprov nu i h\u00f6st, 22\/9 blev det ett 2 pris \u00d6kl och den 28\/9 s\u00e5 fick hon sitt 1 pris i \u00d6kl! <br \/>N\u00e4sta start blev den 5\/10 i Ekl och hon fick d\u00e4r ett 3 pris. Vi \u00e5kte till Gotland och Peter startade henne i SM, tyv\u00e4rr s\u00e5 r\u00e4ckte hon inte till d\u00e4r s\u00e5 det blev inget pris, men vi kunde gl\u00e4dja oss \u00e5t att Stefan H\u00f6rnlund med Fiskonfj\u00e4llets Zita fick en fin 2 placering, Zita \u00e4r ju v\u00e5rt\/Elvas &#8221;barnbarn&#8221; Almkullens Akira \u00e4r Zitas mamma.<br \/>Ett Stort Grattis till er!!<\/p>\n<\/div><figure class=\"wp-block-media-text__media\"><a href=\"https:\/\/almkullens.se\/wp-content\/uploads\/2024\/10\/kassie.jpg\" rel=\"lightbox[12634]\"><img loading=\"lazy\" decoding=\"async\" width=\"1024\" height=\"683\" src=\"https:\/\/almkullens.se\/wp-content\/uploads\/2024\/10\/kassie-1024x683.jpg\" alt=\"\" class=\"wp-image-12636 size-full\" srcset=\"https:\/\/almkullens.se\/wp-content\/uploads\/2024\/10\/kassie-1024x683.jpg 1024w, https:\/\/almkullens.se\/wp-content\/uploads\/2024\/10\/kassie-300x200.jpg 300w, https:\/\/almkullens.se\/wp-content\/uploads\/2024\/10\/kassie-768x512.jpg 768w, https:\/\/almkullens.se\/wp-content\/uploads\/2024\/10\/kassie-1536x1024.jpg 1536w, https:\/\/almkullens.se\/wp-content\/uploads\/2024\/10\/kassie.jpg 1800w\" sizes=\"auto, (max-width: 1024px) 100vw, 1024px\" \/><\/a><\/figure><\/div>\n\n\n\n\n\n<div class=\"wp-block-media-text is-stacked-on-mobile\"><figure class=\"wp-block-media-text__media\"><a href=\"https:\/\/almkullens.se\/wp-content\/uploads\/2024\/10\/ES8A4196.jpg\" rel=\"lightbox[12634]\"><img loading=\"lazy\" decoding=\"async\" width=\"1024\" height=\"683\" src=\"https:\/\/almkullens.se\/wp-content\/uploads\/2024\/10\/ES8A4196-1024x683.jpg\" alt=\"\" class=\"wp-image-12637 size-full\" srcset=\"https:\/\/almkullens.se\/wp-content\/uploads\/2024\/10\/ES8A4196-1024x683.jpg 1024w, https:\/\/almkullens.se\/wp-content\/uploads\/2024\/10\/ES8A4196-300x200.jpg 300w, https:\/\/almkullens.se\/wp-content\/uploads\/2024\/10\/ES8A4196-768x512.jpg 768w, https:\/\/almkullens.se\/wp-content\/uploads\/2024\/10\/ES8A4196-1536x1024.jpg 1536w, https:\/\/almkullens.se\/wp-content\/uploads\/2024\/10\/ES8A4196.jpg 1800w\" sizes=\"auto, (max-width: 1024px) 100vw, 1024px\" \/><\/a><\/figure><div class=\"wp-block-media-text__content\">\n<p class=\"wp-block-paragraph\">Fiskonfj\u00e4llets Zita med f\u00e5geltagning p\u00e5 SM, Stefan syns till h\u00f6ger i bild och domarelev Elisabeth till v\u00e4nster.<\/p>\n<\/div><\/div>\n\n\n\n\n\n<div class=\"wp-block-media-text has-media-on-the-right is-stacked-on-mobile\"><div class=\"wp-block-media-text__content\">\n<p class=\"wp-block-paragraph\">\u00c4ven Almkullens Joy med husse H\u00e5kan Lind startade i Alings\u00e5s och fick ett mycket fint 2 pris i Elitklass! Ett Stort Grattis till er!!!<\/p>\n<\/div><figure class=\"wp-block-media-text__media\"><a href=\"https:\/\/almkullens.se\/wp-content\/uploads\/2024\/10\/ES8A5007.jpg\" rel=\"lightbox[12634]\"><img loading=\"lazy\" decoding=\"async\" width=\"1024\" height=\"683\" src=\"https:\/\/almkullens.se\/wp-content\/uploads\/2024\/10\/ES8A5007-1024x683.jpg\" alt=\"\" class=\"wp-image-12641 size-full\" srcset=\"https:\/\/almkullens.se\/wp-content\/uploads\/2024\/10\/ES8A5007-1024x683.jpg 1024w, https:\/\/almkullens.se\/wp-content\/uploads\/2024\/10\/ES8A5007-300x200.jpg 300w, https:\/\/almkullens.se\/wp-content\/uploads\/2024\/10\/ES8A5007-768x512.jpg 768w, https:\/\/almkullens.se\/wp-content\/uploads\/2024\/10\/ES8A5007-1536x1024.jpg 1536w, https:\/\/almkullens.se\/wp-content\/uploads\/2024\/10\/ES8A5007.jpg 1800w\" sizes=\"auto, (max-width: 1024px) 100vw, 1024px\" \/><\/a><\/figure><\/div>\n","protected":false},"excerpt":{"rendered":"<p>Peter och Kassie har startat p\u00e5 3 Jaktprov nu i h\u00f6st, 22\/9 blev det ett 2 pris \u00d6kl och den 28\/9 s\u00e5 fick hon sitt 1 pris i \u00d6kl! N\u00e4sta start blev den 5\/10 i Ekl och hon fick d\u00e4r ett 3 pris. Vi \u00e5kte till Gotland och Peter startade henne i SM, tyv\u00e4rr s\u00e5 [&hellip;]<\/p>\n","protected":false},"author":1,"featured_media":0,"comment_status":"open","ping_status":"open","sticky":false,"template":"","format":"standard","meta":{"_crdt_document":"","advgb_blocks_editor_width":"","advgb_blocks_columns_visual_guide":"","_jetpack_memberships_contains_paid_content":false,"footnotes":""},"categories":[1],"tags":[],"class_list":["post-12634","post","type-post","status-publish","format-standard","hentry","category-hem","entry"],"author_meta":{"display_name":"Peter &amp; Johanna","author_link":"https:\/\/almkullens.se\/?author=1"},"featured_img":null,"jetpack_featured_media_url":"","coauthors":[],"tax_additional":{"categories":{"linked":["<a href=\"https:\/\/almkullens.se\/?cat=1\" class=\"advgb-post-tax-term\">Hem<\/a>"],"unlinked":["<span class=\"advgb-post-tax-term\">Hem<\/span>"]}},"comment_count":"0","relative_dates":{"created":"Publicerad 2 \u00e5r sedan","modified":"Uppdaterad 2 \u00e5r sedan"},"absolute_dates":{"created":"Publicerat den 16 oktober, 2024","modified":"Uppdaterad den 16 oktober, 2024"},"absolute_dates_time":{"created":"Publicerat den 16 oktober, 2024 10:01","modified":"Uppdaterad den 16 oktober, 2024 10:18"},"featured_img_caption":"","series_order":"","jetpack_sharing_enabled":true,"_links":{"self":[{"href":"https:\/\/almkullens.se\/index.php?rest_route=\/wp\/v2\/posts\/12634","targetHints":{"allow":["GET"]}}],"collection":[{"href":"https:\/\/almkullens.se\/index.php?rest_route=\/wp\/v2\/posts"}],"about":[{"href":"https:\/\/almkullens.se\/index.php?rest_route=\/wp\/v2\/types\/post"}],"author":[{"embeddable":true,"href":"https:\/\/almkullens.se\/index.php?rest_route=\/wp\/v2\/users\/1"}],"replies":[{"embeddable":true,"href":"https:\/\/almkullens.se\/index.php?rest_route=%2Fwp%2Fv2%2Fcomments&post=12634"}],"version-history":[{"count":3,"href":"https:\/\/almkullens.se\/index.php?rest_route=\/wp\/v2\/posts\/12634\/revisions"}],"predecessor-version":[{"id":12644,"href":"https:\/\/almkullens.se\/index.php?rest_route=\/wp\/v2\/posts\/12634\/revisions\/12644"}],"wp:attachment":[{"href":"https:\/\/almkullens.se\/index.php?rest_route=%2Fwp%2Fv2%2Fmedia&parent=12634"}],"wp:term":[{"taxonomy":"category","embeddable":true,"href":"https:\/\/almkullens.se\/index.php?rest_route=%2Fwp%2Fv2%2Fcategories&post=12634"},{"taxonomy":"post_tag","embeddable":true,"href":"https:\/\/almkullens.se\/index.php?rest_route=%2Fwp%2Fv2%2Ftags&post=12634"}],"curies":[{"name":"wp","href":"https:\/\/api.w.org\/{rel}","templated":true}]}}