{"id":12530,"date":"2024-04-21T19:09:44","date_gmt":"2024-04-21T17:09:44","guid":{"rendered":"https:\/\/almkullens.se\/?p=12530"},"modified":"2024-04-21T19:09:44","modified_gmt":"2024-04-21T17:09:44","slug":"jaktprov-i-klimpfjall","status":"publish","type":"post","link":"https:\/\/almkullens.se\/?p=12530","title":{"rendered":"Jaktprov i Klimpfj\u00e4ll"},"content":{"rendered":"\n<div class=\"wp-block-media-text has-media-on-the-right is-stacked-on-mobile\"><div class=\"wp-block-media-text__content\">\n<p class=\"wp-block-paragraph\">I helgen s\u00e5 har det varit jaktprov i Klimpfj\u00e4ll och 3 st Almkullenshundar startade och alla 3 gick till pris! \ud83d\ude00\ud83c\udf89<br \/><br \/>Peter tog med sig Kassie och fick l\u00e5na ett par skidor (tack Maria och Stefan) och gjorde det s\u00e5 bra s\u00e5 de fick ett fint 2 pris i \u00d6kl! Kul!<br \/><br \/>\u00c4ven H\u00e5kan och Joy startade i \u00d6kl och fick \u00e4ven de med sig ett flott 2 pris! Ett stort Grattis!<br \/><br \/>Lars startade med sin unghund Leif f\u00f6r f\u00f6rsta g\u00e5ngen och visst gick \u00e4ven de till pris! Ett fint 2 pris i Ukl! Ett stort Grattis till er! Det \u00e4r f\u00f6rst\u00e5s en gammal bild p\u00e5 dom..<br \/>ETT STORT GRATTIS TILL ER ALLIHOP!\ud83c\udf89\ud83d\ude4c\ud83c\udf7e\ud83d\udc4d\ud83d\ude00\u2764\ufe0f\ud83c\udf89 <\/p>\n<\/div><figure class=\"wp-block-media-text__media\"><a href=\"https:\/\/almkullens.se\/wp-content\/uploads\/2024\/04\/Klimpfjall-0424-Pris-lord-Peter-o-Kassie.jpg\" rel=\"lightbox[12530]\"><img loading=\"lazy\" decoding=\"async\" width=\"768\" height=\"1024\" src=\"https:\/\/almkullens.se\/wp-content\/uploads\/2024\/04\/Klimpfjall-0424-Pris-lord-Peter-o-Kassie-768x1024.jpg\" alt=\"\" class=\"wp-image-12531 size-full\" srcset=\"https:\/\/almkullens.se\/wp-content\/uploads\/2024\/04\/Klimpfjall-0424-Pris-lord-Peter-o-Kassie-768x1024.jpg 768w, https:\/\/almkullens.se\/wp-content\/uploads\/2024\/04\/Klimpfjall-0424-Pris-lord-Peter-o-Kassie-225x300.jpg 225w, https:\/\/almkullens.se\/wp-content\/uploads\/2024\/04\/Klimpfjall-0424-Pris-lord-Peter-o-Kassie-1152x1536.jpg 1152w, https:\/\/almkullens.se\/wp-content\/uploads\/2024\/04\/Klimpfjall-0424-Pris-lord-Peter-o-Kassie.jpg 1500w\" sizes=\"auto, (max-width: 768px) 100vw, 768px\" \/><\/a><\/figure><\/div>\n\n\n\n<div class=\"wp-block-columns is-layout-flex wp-container-core-columns-is-layout-8f761849 wp-block-columns-is-layout-flex\">\n<div class=\"wp-block-column is-layout-flow wp-block-column-is-layout-flow\">\n<figure class=\"wp-block-image size-large\"><a href=\"https:\/\/almkullens.se\/wp-content\/uploads\/2024\/04\/740.jpg\" rel=\"lightbox[12530]\"><img loading=\"lazy\" decoding=\"async\" width=\"1024\" height=\"683\" src=\"https:\/\/almkullens.se\/wp-content\/uploads\/2024\/04\/740-1024x683.jpg\" alt=\"\" class=\"wp-image-12533\" srcset=\"https:\/\/almkullens.se\/wp-content\/uploads\/2024\/04\/740-1024x683.jpg 1024w, https:\/\/almkullens.se\/wp-content\/uploads\/2024\/04\/740-300x200.jpg 300w, https:\/\/almkullens.se\/wp-content\/uploads\/2024\/04\/740-768x512.jpg 768w, https:\/\/almkullens.se\/wp-content\/uploads\/2024\/04\/740-1536x1024.jpg 1536w, https:\/\/almkullens.se\/wp-content\/uploads\/2024\/04\/740.jpg 1800w\" sizes=\"auto, (max-width: 1024px) 100vw, 1024px\" \/><\/a><figcaption class=\"wp-element-caption\">Lars och Leif<\/figcaption><\/figure>\n<\/div>\n\n\n\n<div class=\"wp-block-column is-layout-flow wp-block-column-is-layout-flow\">\n<figure class=\"wp-block-image size-large\"><a href=\"https:\/\/almkullens.se\/wp-content\/uploads\/2024\/04\/7638580301553320569.jpg\" rel=\"lightbox[12530]\"><img loading=\"lazy\" decoding=\"async\" width=\"706\" height=\"1024\" src=\"https:\/\/almkullens.se\/wp-content\/uploads\/2024\/04\/7638580301553320569-706x1024.jpg\" alt=\"\" class=\"wp-image-12534\" srcset=\"https:\/\/almkullens.se\/wp-content\/uploads\/2024\/04\/7638580301553320569-706x1024.jpg 706w, https:\/\/almkullens.se\/wp-content\/uploads\/2024\/04\/7638580301553320569-207x300.jpg 207w, https:\/\/almkullens.se\/wp-content\/uploads\/2024\/04\/7638580301553320569-768x1114.jpg 768w, https:\/\/almkullens.se\/wp-content\/uploads\/2024\/04\/7638580301553320569-1059x1536.jpg 1059w, https:\/\/almkullens.se\/wp-content\/uploads\/2024\/04\/7638580301553320569-1412x2048.jpg 1412w, https:\/\/almkullens.se\/wp-content\/uploads\/2024\/04\/7638580301553320569.jpg 1528w\" sizes=\"auto, (max-width: 706px) 100vw, 706px\" \/><\/a><figcaption class=\"wp-element-caption\">H\u00e5kan och Joy<\/figcaption><\/figure>\n<\/div>\n<\/div>\n","protected":false},"excerpt":{"rendered":"<p>I helgen s\u00e5 har det varit jaktprov i Klimpfj\u00e4ll och 3 st Almkullenshundar startade och alla 3 gick till pris! \ud83d\ude00\ud83c\udf89 Peter tog med sig Kassie och fick l\u00e5na ett par skidor (tack Maria och Stefan) och gjorde det s\u00e5 bra s\u00e5 de fick ett fint 2 pris i \u00d6kl! Kul! \u00c4ven H\u00e5kan och Joy [&hellip;]<\/p>\n","protected":false},"author":1,"featured_media":0,"comment_status":"open","ping_status":"open","sticky":false,"template":"","format":"standard","meta":{"_crdt_document":"","advgb_blocks_editor_width":"default","advgb_blocks_columns_visual_guide":"","_jetpack_memberships_contains_paid_content":false,"footnotes":""},"categories":[1],"tags":[],"class_list":["post-12530","post","type-post","status-publish","format-standard","hentry","category-hem","entry"],"author_meta":{"display_name":"Peter &amp; Johanna","author_link":"https:\/\/almkullens.se\/?author=1"},"featured_img":null,"jetpack_featured_media_url":"","coauthors":[],"tax_additional":{"categories":{"linked":["<a href=\"https:\/\/almkullens.se\/?cat=1\" class=\"advgb-post-tax-term\">Hem<\/a>"],"unlinked":["<span class=\"advgb-post-tax-term\">Hem<\/span>"]}},"comment_count":"0","relative_dates":{"created":"Publicerad 2 \u00e5r sedan","modified":"Uppdaterad 2 \u00e5r sedan"},"absolute_dates":{"created":"Publicerat den 21 april, 2024","modified":"Uppdaterad den 21 april, 2024"},"absolute_dates_time":{"created":"Publicerat den 21 april, 2024 19:09","modified":"Uppdaterad den 21 april, 2024 19:09"},"featured_img_caption":"","series_order":"","jetpack_sharing_enabled":true,"_links":{"self":[{"href":"https:\/\/almkullens.se\/index.php?rest_route=\/wp\/v2\/posts\/12530","targetHints":{"allow":["GET"]}}],"collection":[{"href":"https:\/\/almkullens.se\/index.php?rest_route=\/wp\/v2\/posts"}],"about":[{"href":"https:\/\/almkullens.se\/index.php?rest_route=\/wp\/v2\/types\/post"}],"author":[{"embeddable":true,"href":"https:\/\/almkullens.se\/index.php?rest_route=\/wp\/v2\/users\/1"}],"replies":[{"embeddable":true,"href":"https:\/\/almkullens.se\/index.php?rest_route=%2Fwp%2Fv2%2Fcomments&post=12530"}],"version-history":[{"count":4,"href":"https:\/\/almkullens.se\/index.php?rest_route=\/wp\/v2\/posts\/12530\/revisions"}],"predecessor-version":[{"id":12538,"href":"https:\/\/almkullens.se\/index.php?rest_route=\/wp\/v2\/posts\/12530\/revisions\/12538"}],"wp:attachment":[{"href":"https:\/\/almkullens.se\/index.php?rest_route=%2Fwp%2Fv2%2Fmedia&parent=12530"}],"wp:term":[{"taxonomy":"category","embeddable":true,"href":"https:\/\/almkullens.se\/index.php?rest_route=%2Fwp%2Fv2%2Fcategories&post=12530"},{"taxonomy":"post_tag","embeddable":true,"href":"https:\/\/almkullens.se\/index.php?rest_route=%2Fwp%2Fv2%2Ftags&post=12530"}],"curies":[{"name":"wp","href":"https:\/\/api.w.org\/{rel}","templated":true}]}}