{"id":1251,"date":"2012-03-10T21:46:19","date_gmt":"2012-03-10T21:46:19","guid":{"rendered":"http:\/\/almkullens.se\/?p=1251"},"modified":"2012-04-28T08:03:30","modified_gmt":"2012-04-28T08:03:30","slug":"bretontraff-3","status":"publish","type":"post","link":"https:\/\/almkullens.se\/?p=1251","title":{"rendered":"Bretontr\u00e4ff"},"content":{"rendered":"<p>[singlepic id=278 w=320 h=240 float=right]Nu s\u00e5 \u00e4r det \u00e5ter igen dax att tr\u00e4ffas och hitta p\u00e5 n\u00e5got roligt f\u00f6r v\u00e5ra hundar och oss sj\u00e4lva.\u00a0Vi har planerat att ha en Bretontr\u00e4ff l\u00f6rdagen den 14 April kl 11 h\u00e4r i V\u00e4ne-ryr.<br \/>\nDels f\u00f6r att m\u00f6ta bekanta ansikte men kanske viktigast att tr\u00e4ffa de nyaste medlemmarna som tillkommit i v\u00e5rt omr\u00e5de sedan sist.<br \/>\nAlla eventuellt kommande valp k\u00f6pare och s\u00e5dana som \u00e4r nyfikna p\u00e5 rasen \u00e4r naturligtvis ocks\u00e5 hj\u00e4rtligt v\u00e4lkomna, f\u00f6r detta torde vara ett bra tillf\u00e4lle att kunna se mer \u00e4n n\u00e5gon enstaka hund \u00e5t g\u00e5ngen..<!--more--><br \/>\nTanken med dagen \u00e4r att knyta kontakter och ha lite social trevlig samvaro med v\u00e5ra hundar, men jag kan tro att det blir lite skoj f\u00f6r hundarna med s\u00e5 Dummies och l\u00e4mpligt apportvilt kommer att finnas f\u00f6r de som \u00e4r sugna p\u00e5 att g\u00f6ra n\u00e5gon liten \u00f6vning eller tv\u00e5.<\/p>\n<p>En liten fika \u00e4r ju aldrig fel s\u00e5 ta med det som \u00f6nskas och \u00e4r det n\u00e5gon som blir sugen p\u00e5 en korv s\u00e5 kommer det att bjudas p\u00e5.<\/p>\n<p>Det skulle vara v\u00e4ldigt bra om ni som kommer ville skicka ett mail till peterjohanna@almkullens.se eller ringa till n\u00e5gon av oss s\u00e5 vi l\u00e4ttare kan planera det hela.<\/p>\n<p>V\u00e4lkomna<\/p>\n<p>[singlepic id=756 w=320 h=240 float=left]Riva har nu drygt 2 veckor? kvar av sin dr\u00e4ktighet innan valparna kommer, magen v\u00e4xer och hon har g\u00e5tt upp ca 2 kg i vikt. Riva m\u00e5r bra och \u00e4r pigg och glad som vanligt, fast inte lika snabb&#8230;<\/p>\n","protected":false},"excerpt":{"rendered":"<p>[singlepic id=278 w=320 h=240 float=right]Nu s\u00e5 \u00e4r det \u00e5ter igen dax att tr\u00e4ffas och hitta p\u00e5 n\u00e5got roligt f\u00f6r v\u00e5ra hundar och oss sj\u00e4lva.\u00a0Vi har planerat att ha en Bretontr\u00e4ff l\u00f6rdagen den 14 April kl 11 h\u00e4r i V\u00e4ne-ryr. Dels f\u00f6r att m\u00f6ta bekanta ansikte men kanske viktigast att tr\u00e4ffa de nyaste medlemmarna som tillkommit [&hellip;]<\/p>\n","protected":false},"author":1,"featured_media":0,"comment_status":"open","ping_status":"open","sticky":false,"template":"","format":"standard","meta":{"_crdt_document":"","advgb_blocks_editor_width":"","advgb_blocks_columns_visual_guide":"","_jetpack_memberships_contains_paid_content":false,"footnotes":""},"categories":[1],"tags":[],"class_list":["post-1251","post","type-post","status-publish","format-standard","hentry","category-hem","entry"],"author_meta":{"display_name":"Peter &amp; Johanna","author_link":"https:\/\/almkullens.se\/?author=1"},"featured_img":null,"jetpack_featured_media_url":"","coauthors":[],"tax_additional":{"categories":{"linked":["<a href=\"https:\/\/almkullens.se\/?cat=1\" class=\"advgb-post-tax-term\">Hem<\/a>"],"unlinked":["<span class=\"advgb-post-tax-term\">Hem<\/span>"]}},"comment_count":"2","relative_dates":{"created":"Publicerad 14 \u00e5r sedan","modified":"Uppdaterad 14 \u00e5r sedan"},"absolute_dates":{"created":"Publicerat den 10 mars, 2012","modified":"Uppdaterad den 28 april, 2012"},"absolute_dates_time":{"created":"Publicerat den 10 mars, 2012 21:46","modified":"Uppdaterad den 28 april, 2012 08:03"},"featured_img_caption":"","series_order":"","jetpack_sharing_enabled":true,"_links":{"self":[{"href":"https:\/\/almkullens.se\/index.php?rest_route=\/wp\/v2\/posts\/1251","targetHints":{"allow":["GET"]}}],"collection":[{"href":"https:\/\/almkullens.se\/index.php?rest_route=\/wp\/v2\/posts"}],"about":[{"href":"https:\/\/almkullens.se\/index.php?rest_route=\/wp\/v2\/types\/post"}],"author":[{"embeddable":true,"href":"https:\/\/almkullens.se\/index.php?rest_route=\/wp\/v2\/users\/1"}],"replies":[{"embeddable":true,"href":"https:\/\/almkullens.se\/index.php?rest_route=%2Fwp%2Fv2%2Fcomments&post=1251"}],"version-history":[{"count":7,"href":"https:\/\/almkullens.se\/index.php?rest_route=\/wp\/v2\/posts\/1251\/revisions"}],"predecessor-version":[{"id":1439,"href":"https:\/\/almkullens.se\/index.php?rest_route=\/wp\/v2\/posts\/1251\/revisions\/1439"}],"wp:attachment":[{"href":"https:\/\/almkullens.se\/index.php?rest_route=%2Fwp%2Fv2%2Fmedia&parent=1251"}],"wp:term":[{"taxonomy":"category","embeddable":true,"href":"https:\/\/almkullens.se\/index.php?rest_route=%2Fwp%2Fv2%2Fcategories&post=1251"},{"taxonomy":"post_tag","embeddable":true,"href":"https:\/\/almkullens.se\/index.php?rest_route=%2Fwp%2Fv2%2Ftags&post=1251"}],"curies":[{"name":"wp","href":"https:\/\/api.w.org\/{rel}","templated":true}]}}