{"id":12449,"date":"2023-11-04T09:56:27","date_gmt":"2023-11-04T08:56:27","guid":{"rendered":"https:\/\/almkullens.se\/?p=12449"},"modified":"2023-11-04T09:57:57","modified_gmt":"2023-11-04T08:57:57","slug":"konjak-och-kenzo","status":"publish","type":"post","link":"https:\/\/almkullens.se\/?p=12449","title":{"rendered":"Konjak och Kenzo"},"content":{"rendered":"\n<div class=\"wp-block-media-text has-media-on-the-right is-stacked-on-mobile\"><div class=\"wp-block-media-text__content\">\n<p class=\"wp-block-paragraph\">Almkullens Konjak har startat p\u00e5 jaktprov och det gick s\u00e5 bra s\u00e5 han fick ett fint 2 pris i Ukl! F\u00f6rare var S\u00f6ren Mullvad.<br \/>Ett stort Grattis till Lars och Carina! Och ett stort tack f\u00f6r att ni startar honom p\u00e5 jaktprov! \ud83d\ude00<\/p>\n<\/div><figure class=\"wp-block-media-text__media\"><a href=\"https:\/\/almkullens.se\/wp-content\/uploads\/2022\/10\/1005.jpg\" rel=\"lightbox[12449]\"><img loading=\"lazy\" decoding=\"async\" width=\"1024\" height=\"683\" src=\"https:\/\/almkullens.se\/wp-content\/uploads\/2022\/10\/1005-1024x683.jpg\" alt=\"\" class=\"wp-image-11931 size-full\" srcset=\"https:\/\/almkullens.se\/wp-content\/uploads\/2022\/10\/1005-1024x683.jpg 1024w, https:\/\/almkullens.se\/wp-content\/uploads\/2022\/10\/1005-300x200.jpg 300w, https:\/\/almkullens.se\/wp-content\/uploads\/2022\/10\/1005-768x512.jpg 768w, https:\/\/almkullens.se\/wp-content\/uploads\/2022\/10\/1005-1536x1024.jpg 1536w, https:\/\/almkullens.se\/wp-content\/uploads\/2022\/10\/1005.jpg 1800w\" sizes=\"auto, (max-width: 1024px) 100vw, 1024px\" \/><\/a><\/figure><\/div>\n\n\n\n<div class=\"wp-block-media-text is-stacked-on-mobile\"><figure class=\"wp-block-media-text__media\"><a href=\"https:\/\/almkullens.se\/wp-content\/uploads\/2023\/02\/Kenzo-1.jpg\" rel=\"lightbox[12449]\"><img loading=\"lazy\" decoding=\"async\" width=\"761\" height=\"692\" src=\"https:\/\/almkullens.se\/wp-content\/uploads\/2023\/02\/Kenzo-1.jpg\" alt=\"\" class=\"wp-image-12144 size-full\" srcset=\"https:\/\/almkullens.se\/wp-content\/uploads\/2023\/02\/Kenzo-1.jpg 761w, https:\/\/almkullens.se\/wp-content\/uploads\/2023\/02\/Kenzo-1-300x273.jpg 300w\" sizes=\"auto, (max-width: 761px) 100vw, 761px\" \/><\/a><\/figure><div class=\"wp-block-media-text__content\">\n<p class=\"wp-block-paragraph\">Almkullens Kenzo har varit p\u00e5 utst\u00e4llning i Unghundsklass, han fick mycket fin kritik och tilldelades Very Good, 50 cm h\u00f6g. Han har alla proportioner p\u00e5 r\u00e4tt plats s\u00e5 med lite mer br\u00f6stkorg, som (oftast) kommer med \u00e5ldern s\u00e5 kommer det h\u00e4r att bli excellent \ud83d\ude0a<br \/>Grattis Tomas och Lena!<\/p>\n<\/div><\/div>\n","protected":false},"excerpt":{"rendered":"<p>Almkullens Konjak har startat p\u00e5 jaktprov och det gick s\u00e5 bra s\u00e5 han fick ett fint 2 pris i Ukl! F\u00f6rare var S\u00f6ren Mullvad.Ett stort Grattis till Lars och Carina! Och ett stort tack f\u00f6r att ni startar honom p\u00e5 jaktprov! \ud83d\ude00 Almkullens Kenzo har varit p\u00e5 utst\u00e4llning i Unghundsklass, han fick mycket fin kritik [&hellip;]<\/p>\n","protected":false},"author":1,"featured_media":0,"comment_status":"open","ping_status":"open","sticky":false,"template":"","format":"standard","meta":{"_crdt_document":"","advgb_blocks_editor_width":"","advgb_blocks_columns_visual_guide":"","_jetpack_memberships_contains_paid_content":false,"footnotes":""},"categories":[1],"tags":[],"class_list":["post-12449","post","type-post","status-publish","format-standard","hentry","category-hem","entry"],"author_meta":{"display_name":"Peter &amp; Johanna","author_link":"https:\/\/almkullens.se\/?author=1"},"featured_img":null,"jetpack_featured_media_url":"","coauthors":[],"tax_additional":{"categories":{"linked":["<a href=\"https:\/\/almkullens.se\/?cat=1\" class=\"advgb-post-tax-term\">Hem<\/a>"],"unlinked":["<span class=\"advgb-post-tax-term\">Hem<\/span>"]}},"comment_count":"0","relative_dates":{"created":"Publicerad 2 \u00e5r sedan","modified":"Uppdaterad 2 \u00e5r sedan"},"absolute_dates":{"created":"Publicerat den 4 november, 2023","modified":"Uppdaterad den 4 november, 2023"},"absolute_dates_time":{"created":"Publicerat den 4 november, 2023 09:56","modified":"Uppdaterad den 4 november, 2023 09:57"},"featured_img_caption":"","series_order":"","jetpack_sharing_enabled":true,"_links":{"self":[{"href":"https:\/\/almkullens.se\/index.php?rest_route=\/wp\/v2\/posts\/12449","targetHints":{"allow":["GET"]}}],"collection":[{"href":"https:\/\/almkullens.se\/index.php?rest_route=\/wp\/v2\/posts"}],"about":[{"href":"https:\/\/almkullens.se\/index.php?rest_route=\/wp\/v2\/types\/post"}],"author":[{"embeddable":true,"href":"https:\/\/almkullens.se\/index.php?rest_route=\/wp\/v2\/users\/1"}],"replies":[{"embeddable":true,"href":"https:\/\/almkullens.se\/index.php?rest_route=%2Fwp%2Fv2%2Fcomments&post=12449"}],"version-history":[{"count":2,"href":"https:\/\/almkullens.se\/index.php?rest_route=\/wp\/v2\/posts\/12449\/revisions"}],"predecessor-version":[{"id":12451,"href":"https:\/\/almkullens.se\/index.php?rest_route=\/wp\/v2\/posts\/12449\/revisions\/12451"}],"wp:attachment":[{"href":"https:\/\/almkullens.se\/index.php?rest_route=%2Fwp%2Fv2%2Fmedia&parent=12449"}],"wp:term":[{"taxonomy":"category","embeddable":true,"href":"https:\/\/almkullens.se\/index.php?rest_route=%2Fwp%2Fv2%2Fcategories&post=12449"},{"taxonomy":"post_tag","embeddable":true,"href":"https:\/\/almkullens.se\/index.php?rest_route=%2Fwp%2Fv2%2Ftags&post=12449"}],"curies":[{"name":"wp","href":"https:\/\/api.w.org\/{rel}","templated":true}]}}