{"id":12385,"date":"2023-10-15T10:20:45","date_gmt":"2023-10-15T08:20:45","guid":{"rendered":"https:\/\/almkullens.se\/?p=12385"},"modified":"2023-10-15T10:20:45","modified_gmt":"2023-10-15T08:20:45","slug":"riistakoira-2023","status":"publish","type":"post","link":"https:\/\/almkullens.se\/?p=12385","title":{"rendered":"Riistakoira &#8211; 2023"},"content":{"rendered":"\n<div class=\"wp-block-media-text has-media-on-the-right is-stacked-on-mobile\"><div class=\"wp-block-media-text__content\">\n<p class=\"wp-block-paragraph\">Fredag den 6 oktober startade\u00a0Almkullens Frasse p\u00e5 finska riksprovet Riistakoira.<br \/>Alla kontinentala hundar som har minst ett 1 pris i Elitklass f\u00e5r lov att starta. 36 hundar var anm\u00e4lda i \u00e5r. 3 bretons och resten var korth\u00e5rig och str\u00e4vh\u00e5rig vorsteh.<br \/>Efter den f\u00f6rsta kvalificeringsdagen gick 15 hundar vidare till semifinal, Frasse var bland dom. Han hade haft ett fint f\u00e5gelarbete med en morkulla som Kenneth sk\u00f6t (+rapportering och apportering)<br \/><br \/>Semifinalen b\u00f6rjade p\u00e5 l\u00f6rdagsmorgonen med vattenapport, och Almkullens Frasse blev i det momentet b\u00e4sta hund! <br \/>Eftermiddagen var p\u00e5 f\u00e4lt och Kenneth sk\u00f6t en fasanh\u00f6na, en rapportering, och en apportering, allt i sin ordning och de \u00e4r klara f\u00f6r final. <br \/><br \/>Vidare till finalen p\u00e5 s\u00f6ndagen gick 4 hundar  och d\u00e4ribland Frasse! (3 vorsteh f\u00f6rutom Frasse) Frasse och Kenneth sk\u00f6tte sig bra \u00e4ven denna dag och hamnade p\u00e5 en hedrande 3 placering! <br \/>ETT STORT GRATTIS!!!<br \/>Kenneth och Frasse innehar den b\u00e4sta placering n\u00e5gonsin f\u00f6r en breton n\u00e4r de f\u00f6r 2 \u00e5r sedan kom p\u00e5 en 2 placering i Riistakoira!<\/p>\n<\/div><figure class=\"wp-block-media-text__media\"><img loading=\"lazy\" decoding=\"async\" width=\"1024\" height=\"768\" src=\"https:\/\/almkullens.se\/wp-content\/uploads\/2023\/10\/226-1024x768.jpg\" alt=\"\" class=\"wp-image-12388 size-full\" srcset=\"https:\/\/almkullens.se\/wp-content\/uploads\/2023\/10\/226-1024x768.jpg 1024w, https:\/\/almkullens.se\/wp-content\/uploads\/2023\/10\/226-300x225.jpg 300w, https:\/\/almkullens.se\/wp-content\/uploads\/2023\/10\/226-768x576.jpg 768w, https:\/\/almkullens.se\/wp-content\/uploads\/2023\/10\/226-1536x1152.jpg 1536w, https:\/\/almkullens.se\/wp-content\/uploads\/2023\/10\/226.jpg 1600w\" sizes=\"auto, (max-width: 1024px) 100vw, 1024px\" \/><\/figure><\/div>\n\n\n\n<figure class=\"wp-block-image\"><img decoding=\"async\" src=\"https:\/\/www.saksanseisojakerho.fi\/wp-content\/uploads\/2023\/10\/riistakoira-kolma-parasta-2023-1024x768.jpg\" alt=\"\" class=\"wp-image-2700\"\/><\/figure>\n","protected":false},"excerpt":{"rendered":"<p>Fredag den 6 oktober startade\u00a0Almkullens Frasse p\u00e5 finska riksprovet Riistakoira.Alla kontinentala hundar som har minst ett 1 pris i Elitklass f\u00e5r lov att starta. 36 hundar var anm\u00e4lda i \u00e5r. 3 bretons och resten var korth\u00e5rig och str\u00e4vh\u00e5rig vorsteh.Efter den f\u00f6rsta kvalificeringsdagen gick 15 hundar vidare till semifinal, Frasse var bland dom. Han hade haft [&hellip;]<\/p>\n","protected":false},"author":1,"featured_media":0,"comment_status":"open","ping_status":"open","sticky":false,"template":"","format":"standard","meta":{"_crdt_document":"","advgb_blocks_editor_width":"","advgb_blocks_columns_visual_guide":"","_jetpack_memberships_contains_paid_content":false,"footnotes":""},"categories":[1],"tags":[],"class_list":["post-12385","post","type-post","status-publish","format-standard","hentry","category-hem","entry"],"author_meta":{"display_name":"Peter &amp; Johanna","author_link":"https:\/\/almkullens.se\/?author=1"},"featured_img":null,"jetpack_featured_media_url":"","coauthors":[],"tax_additional":{"categories":{"linked":["<a href=\"https:\/\/almkullens.se\/?cat=1\" class=\"advgb-post-tax-term\">Hem<\/a>"],"unlinked":["<span class=\"advgb-post-tax-term\">Hem<\/span>"]}},"comment_count":"0","relative_dates":{"created":"Publicerad 3 \u00e5r sedan","modified":"Uppdaterad 3 \u00e5r sedan"},"absolute_dates":{"created":"Publicerat den 15 oktober, 2023","modified":"Uppdaterad den 15 oktober, 2023"},"absolute_dates_time":{"created":"Publicerat den 15 oktober, 2023 10:20","modified":"Uppdaterad den 15 oktober, 2023 10:20"},"featured_img_caption":"","series_order":"","jetpack_sharing_enabled":true,"_links":{"self":[{"href":"https:\/\/almkullens.se\/index.php?rest_route=\/wp\/v2\/posts\/12385","targetHints":{"allow":["GET"]}}],"collection":[{"href":"https:\/\/almkullens.se\/index.php?rest_route=\/wp\/v2\/posts"}],"about":[{"href":"https:\/\/almkullens.se\/index.php?rest_route=\/wp\/v2\/types\/post"}],"author":[{"embeddable":true,"href":"https:\/\/almkullens.se\/index.php?rest_route=\/wp\/v2\/users\/1"}],"replies":[{"embeddable":true,"href":"https:\/\/almkullens.se\/index.php?rest_route=%2Fwp%2Fv2%2Fcomments&post=12385"}],"version-history":[{"count":4,"href":"https:\/\/almkullens.se\/index.php?rest_route=\/wp\/v2\/posts\/12385\/revisions"}],"predecessor-version":[{"id":12392,"href":"https:\/\/almkullens.se\/index.php?rest_route=\/wp\/v2\/posts\/12385\/revisions\/12392"}],"wp:attachment":[{"href":"https:\/\/almkullens.se\/index.php?rest_route=%2Fwp%2Fv2%2Fmedia&parent=12385"}],"wp:term":[{"taxonomy":"category","embeddable":true,"href":"https:\/\/almkullens.se\/index.php?rest_route=%2Fwp%2Fv2%2Fcategories&post=12385"},{"taxonomy":"post_tag","embeddable":true,"href":"https:\/\/almkullens.se\/index.php?rest_route=%2Fwp%2Fv2%2Ftags&post=12385"}],"curies":[{"name":"wp","href":"https:\/\/api.w.org\/{rel}","templated":true}]}}