{"id":1166,"date":"2011-12-11T20:44:21","date_gmt":"2011-12-11T20:44:21","guid":{"rendered":"http:\/\/almkullens.se\/?p=1166"},"modified":"2012-04-28T08:09:02","modified_gmt":"2012-04-28T08:09:02","slug":"arets-sista-slapp","status":"publish","type":"post","link":"https:\/\/almkullens.se\/?p=1166","title":{"rendered":"\u00c5rets sista sl\u00e4pp???"},"content":{"rendered":"<p>[singlepic id=735 w=320 h=240 float=right]Efter ett riktigt skitv\u00e4der under ett flertal dagar s\u00e5 klarnade det upp idag och den stora lampan b\u00f6rjade \u00e4ntligen att skina. Efter att f\u00f6rra veckan ha hittat lite opl\u00f6jda stubbar ute p\u00e5 v\u00e5ra tr\u00e4ningsmarker s\u00e5 b\u00f6rjade suget att f\u00e5 sl\u00e4ppa en sista g\u00e5ng f\u00f6r s\u00e4songen, f\u00f6r att ha s\u00e5dan tur att vi f\u00e5r slippa sn\u00f6n i \u00e5r det v\u00e5gar jag inte tro p\u00e5. Med hundar och kamera s\u00e5 bar det iv\u00e4g och vi hade n\u00e5gra sk\u00f6na timmar i en blek december sol. Det var v\u00e4l ingen v\u00e5ldsam fart p\u00e5 de gamla men Aska skuttade p\u00e5 ganska s\u00e5 bra och det verkar som att hon har \u00e4rvt Elvas fina reviering fast hon vet inte riktigt \u00e4n varf\u00f6r hon ska springa.<!--more--> Men springer man s\u00e5 finner man. Tillslut s\u00e5 stannar hon till och st\u00e5r och tittar ut \u00f6ver stubben och jag och Johanna som g\u00e5r och sm\u00e5pratar s\u00e4ger\u00a0 &#8230; kolla &#8230;det ser ut som hon st\u00e5r&#8230; Elva som var l\u00f6s samtidigt kom till samma omr\u00e5de och hon tv\u00e4rstog direkt och d\u00e5 s\u00e5 visste vi hur allt l\u00e5g till. Aska som inte st\u00e5tt f\u00f6r f\u00e5gel f\u00f6rut tyckte att hon skulle fixa detta sj\u00e4lv och att hon inte beh\u00f6vde mammas hj\u00e4lp med detta utan tog n\u00e5gra steg fram\u00e5t och upp g\u00e5r det en liten rapph\u00f6nskull som klarat sig undan h\u00f6stens skr\u00e4pv\u00e4der. Efter det att vi hittat denna lilla kull s\u00e5 blev det b\u00e4ttre fart p\u00e5 hundarna d\u00e5 de f\u00f6rstod att det inte var tomma f\u00e4lt som de skulle springa p\u00e5. Timmen som f\u00f6ljde hade vi flera stycken fina f\u00e5geltagningar och vi kunde efter detta n\u00f6jt \u00e5ka hem :-)[nggallery id=32]<\/p>\n","protected":false},"excerpt":{"rendered":"<p>[singlepic id=735 w=320 h=240 float=right]Efter ett riktigt skitv\u00e4der under ett flertal dagar s\u00e5 klarnade det upp idag och den stora lampan b\u00f6rjade \u00e4ntligen att skina. Efter att f\u00f6rra veckan ha hittat lite opl\u00f6jda stubbar ute p\u00e5 v\u00e5ra tr\u00e4ningsmarker s\u00e5 b\u00f6rjade suget att f\u00e5 sl\u00e4ppa en sista g\u00e5ng f\u00f6r s\u00e4songen, f\u00f6r att ha s\u00e5dan tur att [&hellip;]<\/p>\n","protected":false},"author":1,"featured_media":0,"comment_status":"open","ping_status":"open","sticky":false,"template":"","format":"standard","meta":{"_crdt_document":"","advgb_blocks_editor_width":"","advgb_blocks_columns_visual_guide":"","_jetpack_memberships_contains_paid_content":false,"footnotes":""},"categories":[1],"tags":[],"class_list":["post-1166","post","type-post","status-publish","format-standard","hentry","category-hem","entry"],"author_meta":{"display_name":"Peter &amp; Johanna","author_link":"https:\/\/almkullens.se\/?author=1"},"featured_img":null,"jetpack_featured_media_url":"","coauthors":[],"tax_additional":{"categories":{"linked":["<a href=\"https:\/\/almkullens.se\/?cat=1\" class=\"advgb-post-tax-term\">Hem<\/a>"],"unlinked":["<span class=\"advgb-post-tax-term\">Hem<\/span>"]}},"comment_count":"2","relative_dates":{"created":"Publicerad 14 \u00e5r sedan","modified":"Uppdaterad 14 \u00e5r sedan"},"absolute_dates":{"created":"Publicerat den 11 december, 2011","modified":"Uppdaterad den 28 april, 2012"},"absolute_dates_time":{"created":"Publicerat den 11 december, 2011 20:44","modified":"Uppdaterad den 28 april, 2012 08:09"},"featured_img_caption":"","series_order":"","jetpack_sharing_enabled":true,"_links":{"self":[{"href":"https:\/\/almkullens.se\/index.php?rest_route=\/wp\/v2\/posts\/1166","targetHints":{"allow":["GET"]}}],"collection":[{"href":"https:\/\/almkullens.se\/index.php?rest_route=\/wp\/v2\/posts"}],"about":[{"href":"https:\/\/almkullens.se\/index.php?rest_route=\/wp\/v2\/types\/post"}],"author":[{"embeddable":true,"href":"https:\/\/almkullens.se\/index.php?rest_route=\/wp\/v2\/users\/1"}],"replies":[{"embeddable":true,"href":"https:\/\/almkullens.se\/index.php?rest_route=%2Fwp%2Fv2%2Fcomments&post=1166"}],"version-history":[{"count":6,"href":"https:\/\/almkullens.se\/index.php?rest_route=\/wp\/v2\/posts\/1166\/revisions"}],"predecessor-version":[{"id":1171,"href":"https:\/\/almkullens.se\/index.php?rest_route=\/wp\/v2\/posts\/1166\/revisions\/1171"}],"wp:attachment":[{"href":"https:\/\/almkullens.se\/index.php?rest_route=%2Fwp%2Fv2%2Fmedia&parent=1166"}],"wp:term":[{"taxonomy":"category","embeddable":true,"href":"https:\/\/almkullens.se\/index.php?rest_route=%2Fwp%2Fv2%2Fcategories&post=1166"},{"taxonomy":"post_tag","embeddable":true,"href":"https:\/\/almkullens.se\/index.php?rest_route=%2Fwp%2Fv2%2Ftags&post=1166"}],"curies":[{"name":"wp","href":"https:\/\/api.w.org\/{rel}","templated":true}]}}