{"id":1144,"date":"2011-12-07T16:03:51","date_gmt":"2011-12-07T16:03:51","guid":{"rendered":"http:\/\/almkullens.se\/?p=1144"},"modified":"2011-12-07T16:03:51","modified_gmt":"2011-12-07T16:03:51","slug":"championnat-du-monde-de-chasse-pratique-cazalis-france-2011","status":"publish","type":"post","link":"https:\/\/almkullens.se\/?p=1144","title":{"rendered":"CHAMPIONNAT DU MONDE DE CHASSE PRATIQUE CAZALIS FRANCE 2011"},"content":{"rendered":"<p>[singlepic id=674 w=320 h=240 float=right]\u00c4ntligen s\u00e5 har det lugnat ner sig s\u00e5 att jag kan skriva n\u00e5gra rader om detta. Denna \u00f6verskrift betyder VM f\u00f6r st\u00e5ende f\u00e5gelhundar, och d\u00e4r var jag och Elva med f\u00f6r det kontinentala laget !!!!<!--more--><\/p>\n<p>S\u00f6ndagen den 9\/10-11 styrdes kosan s\u00f6derut.188 mil enkel v\u00e4g fr\u00e5n den stora bron i Sk\u00e5ne. Jimmy Johansson, Tommy Vingren och jag med v\u00e5ra hundar var de som i \u00e5r skulle f\u00f6rsvara Sveriges f\u00e4rger under n\u00e5gra mycket varma dagar, ca:10 mil s\u00f6der om Bordeaux i s\u00f6dra Frankrike. Vi var anm\u00e4lda till 2st prov som var dagarna innan f\u00f6r att l\u00e5ta hundarna k\u00e4nna lite p\u00e5 provmarken f\u00f6re VM:et och det var nog tur det f\u00f6r det visade sig att detta m\u00e4sterskap skulle h\u00e5llas i skogsterr\u00e4ng. [singlepic id=714 w=320 h=240 float=right]Lite av mina f\u00f6rhoppningar grusades, f\u00f6r jag hade \u00e5kt med hit ner i en f\u00f6rhoppning om att f\u00e5 se andra duktiga hundar och i den t\u00e4ta Pinjeskogen s\u00e5 s\u00e5g man inte mer \u00e4n 10 meter framf\u00f6r sig. Efter 2 dagars prov i tryckande hetta (25-26 grader i skuggan) s\u00e5 tycker jag att Elva sk\u00f6tte sig riktigt bra men tyv\u00e4rr s\u00e5 hade hon inget f\u00e5gelarbete. Hon fick d\u00e4remot g\u00e5 full tid b\u00e5da dagarna och det var l\u00e5ngt ifr\u00e5n alla ekipage som fick detta. Gl\u00e4djande nog s\u00e5 kan jag ber\u00e4tta att provet vanns av Elvas kullbror P\u00e5lamalmens Eto&#8217;o. Betyget blev Exellent med CACIT.<\/p>\n<p>P\u00e5 Torsdag den 13\/10 s\u00e5 var det invigning p\u00e5 VM dagarna och alla lag presenterades i tur och ordning med flaggor och nationals\u00e5ng&#8230; \u00a0 Det var inte utan att man var lite stolt d\u00e5 man stod d\u00e4r och sj\u00f6ng \u00a0 Du gamla du fria&#8230;.<\/p>\n<p>VM dagarna var 3 till antalet och fredag och s\u00f6ndag s\u00e5 var jag och Elva i farten. \u00a0Utan att bli f\u00f6r l\u00e5ngrandig med hur allt gick till s\u00e5 kan jag ber\u00e4tta att det var riktigt sv\u00e5rt att se hundarna i den t\u00e4ta Pinjeskogen som hade meterh\u00f6ga ormbunkar som undervegetation. Hur domarna kunde bed\u00f6ma fart, stil och allt annat som de tittar p\u00e5 \u00e4r f\u00f6r mig en g\u00e5ta, men bed\u00f6mda blev vi och totalt s\u00e5 blev det f\u00f6r mig och Elva riktigt bra tillslut efter en mycket lyckad fredag. D\u00e5 s\u00f6kte hon mycket bra och hade ett riktigt bra f\u00e5gelarbete som bel\u00f6nades med betyget Exellent och med reserv CACIT \u00a0efter det att vi hade gjort vattenapporten. P\u00e5 s\u00f6ndagen s\u00e5 hittade vi tyv\u00e4rr ingen f\u00e5gel p\u00e5 den korta tid som stod tillbuds men vi var n\u00f6jda \u00e4nd\u00e5. Tommy som startade sin Pimens Ramses fick p\u00e5 s\u00f6ndagens prov efter lite strul med en parkamrat som k\u00e4kade upp en fasan som skulle apporteras till slut ett f\u00e5gelarbete och tilldelades ett Bon som betyg. Detta r\u00e4ckte till i sammandraget en 5:te plats i lagt\u00e4vlingen och jag och Elva kom p\u00e5 en total 4:de plats i den individuella t\u00e4vlingen. \ud83d\ude42<\/p>\n<p>P\u00e5 l\u00f6rdagen s\u00e5 h\u00f6lls St:Hubertus och b\u00e5de Jimmy med Hed\u00e4ngens Tosca (Elsa) och Tommy med Gadd var med f\u00f6r att f\u00f6rsvara Sveriges f\u00e4rger. Detta gick riktigt bra f\u00f6r Jimmy som f\u00f6r andra \u00e5ret i rad kom p\u00e5 en 3:dje plats. FANTASTISKT!!! \ud83d\ude42 :-)[nggallery id=31]<\/p>\n<p>&nbsp;<\/p>\n","protected":false},"excerpt":{"rendered":"<p>[singlepic id=674 w=320 h=240 float=right]\u00c4ntligen s\u00e5 har det lugnat ner sig s\u00e5 att jag kan skriva n\u00e5gra rader om detta. Denna \u00f6verskrift betyder VM f\u00f6r st\u00e5ende f\u00e5gelhundar, och d\u00e4r var jag och Elva med f\u00f6r det kontinentala laget !!!!<\/p>\n","protected":false},"author":1,"featured_media":0,"comment_status":"open","ping_status":"open","sticky":false,"template":"","format":"standard","meta":{"_crdt_document":"","advgb_blocks_editor_width":"","advgb_blocks_columns_visual_guide":"","_jetpack_memberships_contains_paid_content":false,"footnotes":""},"categories":[1],"tags":[],"class_list":["post-1144","post","type-post","status-publish","format-standard","hentry","category-hem","entry"],"author_meta":{"display_name":"Peter &amp; Johanna","author_link":"https:\/\/almkullens.se\/?author=1"},"featured_img":null,"jetpack_featured_media_url":"","coauthors":[],"tax_additional":{"categories":{"linked":["<a href=\"https:\/\/almkullens.se\/?cat=1\" class=\"advgb-post-tax-term\">Hem<\/a>"],"unlinked":["<span class=\"advgb-post-tax-term\">Hem<\/span>"]}},"comment_count":"1","relative_dates":{"created":"Publicerad 14 \u00e5r sedan","modified":"Uppdaterad 14 \u00e5r sedan"},"absolute_dates":{"created":"Publicerat den 7 december, 2011","modified":"Uppdaterad den 7 december, 2011"},"absolute_dates_time":{"created":"Publicerat den 7 december, 2011 16:03","modified":"Uppdaterad den 7 december, 2011 16:03"},"featured_img_caption":"","series_order":"","jetpack_sharing_enabled":true,"_links":{"self":[{"href":"https:\/\/almkullens.se\/index.php?rest_route=\/wp\/v2\/posts\/1144","targetHints":{"allow":["GET"]}}],"collection":[{"href":"https:\/\/almkullens.se\/index.php?rest_route=\/wp\/v2\/posts"}],"about":[{"href":"https:\/\/almkullens.se\/index.php?rest_route=\/wp\/v2\/types\/post"}],"author":[{"embeddable":true,"href":"https:\/\/almkullens.se\/index.php?rest_route=\/wp\/v2\/users\/1"}],"replies":[{"embeddable":true,"href":"https:\/\/almkullens.se\/index.php?rest_route=%2Fwp%2Fv2%2Fcomments&post=1144"}],"version-history":[{"count":18,"href":"https:\/\/almkullens.se\/index.php?rest_route=\/wp\/v2\/posts\/1144\/revisions"}],"predecessor-version":[{"id":1164,"href":"https:\/\/almkullens.se\/index.php?rest_route=\/wp\/v2\/posts\/1144\/revisions\/1164"}],"wp:attachment":[{"href":"https:\/\/almkullens.se\/index.php?rest_route=%2Fwp%2Fv2%2Fmedia&parent=1144"}],"wp:term":[{"taxonomy":"category","embeddable":true,"href":"https:\/\/almkullens.se\/index.php?rest_route=%2Fwp%2Fv2%2Fcategories&post=1144"},{"taxonomy":"post_tag","embeddable":true,"href":"https:\/\/almkullens.se\/index.php?rest_route=%2Fwp%2Fv2%2Ftags&post=1144"}],"curies":[{"name":"wp","href":"https:\/\/api.w.org\/{rel}","templated":true}]}}