{"id":1135,"date":"2011-11-17T19:47:21","date_gmt":"2011-11-17T19:47:21","guid":{"rendered":"http:\/\/almkullens.se\/?p=1135"},"modified":"2012-04-28T07:58:28","modified_gmt":"2012-04-28T07:58:28","slug":"a-kullen-ar-nu-6-man","status":"publish","type":"post","link":"https:\/\/almkullens.se\/?p=1135","title":{"rendered":"A-kullen \u00e4r nu 6 m\u00e5n"},"content":{"rendered":"<p>[singlepic id=684 w=320 h=240 float=right]I l\u00f6rdags hade vi en valptr\u00e4ff f\u00f6r v\u00e5r A-kull som nu har hunnit bli 6 m\u00e5nader. 3 av valparna med hussar sl\u00f6t upp p\u00e5 tr\u00e4ffen plus v\u00e5r egen Aska. Vi hade ett dressyrpass f\u00f6r att se om lydnaden var s\u00e5 bra som den b\u00f6r vara. Vi tr\u00e4nade p\u00e5 bl.a \u00a0linf\u00f6righet, inkallning och stanna, och \u00f6kade p\u00e5 sv\u00e5righetsgraden allt efter som med lite olika st\u00f6rningar. <!--more-->Det mesta s\u00e5g bara bra ut men som vi vet s\u00e5 \u00e4r lydnad en f\u00e4rskvara s\u00e5 det g\u00e4ller att vara med p\u00e5 noterna n\u00e4r de b\u00f6rjar f\u00e5 en egen uppfattning om vad som \u00e4r intressant och vad som kanske kan v\u00e4nta. P\u00e5 slutet s\u00e5 gick vi en liten sv\u00e4ng h\u00e4r hemma f\u00f6r att leta efter n\u00e5gra av de fasaner som finns h\u00e4r. S\u00e5 h\u00e4r l\u00e5ngt fram p\u00e5 s\u00e4songen s\u00e5 \u00e4r det v\u00e4l inte riktigt l\u00e4tt att hitta och trycka fast fasanerna, men n\u00e5gra hittade vi och fick p\u00e5 vingarna. Tids nog s\u00e5 kommer jaktlusten att vakna p\u00e5 riktigt och d\u00e5 s\u00e5 \u00e4r vi helt s\u00e4kra p\u00e5 att de sm\u00e5 liven kommer att sk\u00e4nka oss massor med jaktgl\u00e4dje.<\/p>\n<p>[nggallery id=30]<\/p>\n","protected":false},"excerpt":{"rendered":"<p>[singlepic id=684 w=320 h=240 float=right]I l\u00f6rdags hade vi en valptr\u00e4ff f\u00f6r v\u00e5r A-kull som nu har hunnit bli 6 m\u00e5nader. 3 av valparna med hussar sl\u00f6t upp p\u00e5 tr\u00e4ffen plus v\u00e5r egen Aska. Vi hade ett dressyrpass f\u00f6r att se om lydnaden var s\u00e5 bra som den b\u00f6r vara. Vi tr\u00e4nade p\u00e5 bl.a \u00a0linf\u00f6righet, inkallning [&hellip;]<\/p>\n","protected":false},"author":1,"featured_media":0,"comment_status":"open","ping_status":"open","sticky":false,"template":"","format":"standard","meta":{"_crdt_document":"","advgb_blocks_editor_width":"","advgb_blocks_columns_visual_guide":"","_jetpack_memberships_contains_paid_content":false,"footnotes":""},"categories":[1],"tags":[],"class_list":["post-1135","post","type-post","status-publish","format-standard","hentry","category-hem","entry"],"author_meta":{"display_name":"Peter &amp; Johanna","author_link":"https:\/\/almkullens.se\/?author=1"},"featured_img":null,"jetpack_featured_media_url":"","coauthors":[],"tax_additional":{"categories":{"linked":["<a href=\"https:\/\/almkullens.se\/?cat=1\" class=\"advgb-post-tax-term\">Hem<\/a>"],"unlinked":["<span class=\"advgb-post-tax-term\">Hem<\/span>"]}},"comment_count":"1","relative_dates":{"created":"Publicerad 14 \u00e5r sedan","modified":"Uppdaterad 14 \u00e5r sedan"},"absolute_dates":{"created":"Publicerat den 17 november, 2011","modified":"Uppdaterad den 28 april, 2012"},"absolute_dates_time":{"created":"Publicerat den 17 november, 2011 19:47","modified":"Uppdaterad den 28 april, 2012 07:58"},"featured_img_caption":"","series_order":"","jetpack_sharing_enabled":true,"_links":{"self":[{"href":"https:\/\/almkullens.se\/index.php?rest_route=\/wp\/v2\/posts\/1135","targetHints":{"allow":["GET"]}}],"collection":[{"href":"https:\/\/almkullens.se\/index.php?rest_route=\/wp\/v2\/posts"}],"about":[{"href":"https:\/\/almkullens.se\/index.php?rest_route=\/wp\/v2\/types\/post"}],"author":[{"embeddable":true,"href":"https:\/\/almkullens.se\/index.php?rest_route=\/wp\/v2\/users\/1"}],"replies":[{"embeddable":true,"href":"https:\/\/almkullens.se\/index.php?rest_route=%2Fwp%2Fv2%2Fcomments&post=1135"}],"version-history":[{"count":8,"href":"https:\/\/almkullens.se\/index.php?rest_route=\/wp\/v2\/posts\/1135\/revisions"}],"predecessor-version":[{"id":1436,"href":"https:\/\/almkullens.se\/index.php?rest_route=\/wp\/v2\/posts\/1135\/revisions\/1436"}],"wp:attachment":[{"href":"https:\/\/almkullens.se\/index.php?rest_route=%2Fwp%2Fv2%2Fmedia&parent=1135"}],"wp:term":[{"taxonomy":"category","embeddable":true,"href":"https:\/\/almkullens.se\/index.php?rest_route=%2Fwp%2Fv2%2Fcategories&post=1135"},{"taxonomy":"post_tag","embeddable":true,"href":"https:\/\/almkullens.se\/index.php?rest_route=%2Fwp%2Fv2%2Ftags&post=1135"}],"curies":[{"name":"wp","href":"https:\/\/api.w.org\/{rel}","templated":true}]}}