{"id":11269,"date":"2022-04-03T08:20:47","date_gmt":"2022-04-03T06:20:47","guid":{"rendered":"https:\/\/almkullens.se\/?p=11269"},"modified":"2022-04-24T13:56:52","modified_gmt":"2022-04-24T11:56:52","slug":"almkullens-frasse-4","status":"publish","type":"post","link":"https:\/\/almkullens.se\/?p=11269","title":{"rendered":"Almkullens Frasse"},"content":{"rendered":"\n<div class=\"wp-block-media-text alignwide has-media-on-the-right is-stacked-on-mobile\"><figure class=\"wp-block-media-text__media\"><a href=\"https:\/\/almkullens.se\/wp-content\/uploads\/2022\/04\/IMG-20220323-WA0003.jpg\" rel=\"lightbox[11269]\"><img loading=\"lazy\" decoding=\"async\" width=\"729\" height=\"1024\" src=\"https:\/\/almkullens.se\/wp-content\/uploads\/2022\/04\/IMG-20220323-WA0003-e1648965513580-729x1024.jpg\" alt=\"\" class=\"wp-image-11270 size-full\" srcset=\"https:\/\/almkullens.se\/wp-content\/uploads\/2022\/04\/IMG-20220323-WA0003-e1648965513580-729x1024.jpg 729w, https:\/\/almkullens.se\/wp-content\/uploads\/2022\/04\/IMG-20220323-WA0003-e1648965513580-213x300.jpg 213w, https:\/\/almkullens.se\/wp-content\/uploads\/2022\/04\/IMG-20220323-WA0003-e1648965513580.jpg 740w\" sizes=\"auto, (max-width: 729px) 100vw, 729px\" \/><\/a><\/figure><div class=\"wp-block-media-text__content\">\n<p class=\"has-large-font-size wp-block-paragraph\"><\/p>\n\n\n\n<p class=\"has-white-background-color has-background wp-block-paragraph\" style=\"font-size:18px\">Kenneth Gr\u00e5hn var i veckan p\u00e5 syd\u00f6sterbottens kennel- distrikts \u00e5rsm\u00f6te. Frasse fick igen, f\u00f6r andra g\u00e5ngen, ett diplom f\u00f6r b\u00e4sta kontinentala st\u00e5ende f\u00e5gelhund \u00e5r 2021!<br \/><br \/>Ett STORT STORT GRATTIS!!!!<br \/><br \/>Frasse blev ju Finsk Jaktchampion i h\u00f6stas, han \u00e4r den 10 bretonen som har lyckats med att ta denna titeln!<br \/>Han fick ocks\u00e5 silver p\u00e5 finska m\u00e4sterskapsprovet Riistakoira i h\u00f6stas att f\u00e5 en silverplacering p\u00e5 detta m\u00e4sterskap \u00e4r stort, det \u00e4r den b\u00e4sta placeringen n\u00e5gonsin f\u00f6r en Breton p\u00e5 finska m\u00e4sterskapsprovet Riistakoira.<\/p>\n<\/div><\/div>\n","protected":false},"excerpt":{"rendered":"<p>Kenneth Gr\u00e5hn var i veckan p\u00e5 syd\u00f6sterbottens kennel- distrikts \u00e5rsm\u00f6te. Frasse fick igen, f\u00f6r andra g\u00e5ngen, ett diplom f\u00f6r b\u00e4sta kontinentala st\u00e5ende f\u00e5gelhund \u00e5r 2021! Ett STORT STORT GRATTIS!!!! Frasse blev ju Finsk Jaktchampion i h\u00f6stas, han \u00e4r den 10 bretonen som har lyckats med att ta denna titeln!Han fick ocks\u00e5 silver p\u00e5 finska m\u00e4sterskapsprovet [&hellip;]<\/p>\n","protected":false},"author":1,"featured_media":0,"comment_status":"open","ping_status":"open","sticky":false,"template":"","format":"standard","meta":{"_crdt_document":"","advgb_blocks_editor_width":"","advgb_blocks_columns_visual_guide":"","_jetpack_memberships_contains_paid_content":false,"footnotes":""},"categories":[1],"tags":[],"class_list":["post-11269","post","type-post","status-publish","format-standard","hentry","category-hem","entry"],"author_meta":{"display_name":"Peter &amp; Johanna","author_link":"https:\/\/almkullens.se\/?author=1"},"featured_img":null,"jetpack_featured_media_url":"","coauthors":[],"tax_additional":{"categories":{"linked":["<a href=\"https:\/\/almkullens.se\/?cat=1\" class=\"advgb-post-tax-term\">Hem<\/a>"],"unlinked":["<span class=\"advgb-post-tax-term\">Hem<\/span>"]}},"comment_count":"1","relative_dates":{"created":"Publicerad 4 \u00e5r sedan","modified":"Uppdaterad 4 \u00e5r sedan"},"absolute_dates":{"created":"Publicerat den 3 april, 2022","modified":"Uppdaterad den 24 april, 2022"},"absolute_dates_time":{"created":"Publicerat den 3 april, 2022 08:20","modified":"Uppdaterad den 24 april, 2022 13:56"},"featured_img_caption":"","series_order":"","jetpack_sharing_enabled":true,"_links":{"self":[{"href":"https:\/\/almkullens.se\/index.php?rest_route=\/wp\/v2\/posts\/11269","targetHints":{"allow":["GET"]}}],"collection":[{"href":"https:\/\/almkullens.se\/index.php?rest_route=\/wp\/v2\/posts"}],"about":[{"href":"https:\/\/almkullens.se\/index.php?rest_route=\/wp\/v2\/types\/post"}],"author":[{"embeddable":true,"href":"https:\/\/almkullens.se\/index.php?rest_route=\/wp\/v2\/users\/1"}],"replies":[{"embeddable":true,"href":"https:\/\/almkullens.se\/index.php?rest_route=%2Fwp%2Fv2%2Fcomments&post=11269"}],"version-history":[{"count":2,"href":"https:\/\/almkullens.se\/index.php?rest_route=\/wp\/v2\/posts\/11269\/revisions"}],"predecessor-version":[{"id":11287,"href":"https:\/\/almkullens.se\/index.php?rest_route=\/wp\/v2\/posts\/11269\/revisions\/11287"}],"wp:attachment":[{"href":"https:\/\/almkullens.se\/index.php?rest_route=%2Fwp%2Fv2%2Fmedia&parent=11269"}],"wp:term":[{"taxonomy":"category","embeddable":true,"href":"https:\/\/almkullens.se\/index.php?rest_route=%2Fwp%2Fv2%2Fcategories&post=11269"},{"taxonomy":"post_tag","embeddable":true,"href":"https:\/\/almkullens.se\/index.php?rest_route=%2Fwp%2Fv2%2Ftags&post=11269"}],"curies":[{"name":"wp","href":"https:\/\/api.w.org\/{rel}","templated":true}]}}