{"id":10991,"date":"2021-10-03T08:20:25","date_gmt":"2021-10-03T06:20:25","guid":{"rendered":"https:\/\/almkullens.se\/?p=10991"},"modified":"2021-10-03T08:21:41","modified_gmt":"2021-10-03T06:21:41","slug":"finsk-jaktchampion","status":"publish","type":"post","link":"https:\/\/almkullens.se\/?p=10991","title":{"rendered":"Finsk Jaktchampion!"},"content":{"rendered":"\n<p class=\"wp-block-paragraph\"><\/p>\n\n\n\n<div class=\"wp-block-media-text alignfull has-media-on-the-right is-stacked-on-mobile has-white-background-color has-background\"><figure class=\"wp-block-media-text__media\"><a href=\"https:\/\/almkullens.se\/wp-content\/uploads\/2021\/10\/Finsk-Jaktchampion.jpg\" rel=\"lightbox[10991]\"><img loading=\"lazy\" decoding=\"async\" width=\"403\" height=\"598\" src=\"https:\/\/almkullens.se\/wp-content\/uploads\/2021\/10\/Finsk-Jaktchampion.jpg\" alt=\"\" class=\"wp-image-10992 size-full\" srcset=\"https:\/\/almkullens.se\/wp-content\/uploads\/2021\/10\/Finsk-Jaktchampion.jpg 403w, https:\/\/almkullens.se\/wp-content\/uploads\/2021\/10\/Finsk-Jaktchampion-202x300.jpg 202w\" sizes=\"auto, (max-width: 403px) 100vw, 403px\" \/><\/a><\/figure><div class=\"wp-block-media-text__content\">\n<p class=\"wp-block-paragraph\">Ett STOORT STOORT GRATTIS till Kenneth Gr\u00e5hn som ig\u00e5r blev Finsk Jaktchampion med sin fina Almkullens Frasse, de gick p\u00e5 ett skogsprov ig\u00e5r och fick hela 95p och deras 3dje 1pris (Ekl) de fick bla.a visa rapportering f\u00f6r att kunna f\u00e5 denna po\u00e4ng. Frasse har startat p\u00e5 9 jaktprov och g\u00e5tt till pris p\u00e5 8 av dessa! Frasse \u00e4r den 10 bretonen i Finland som lyckas bli Jaktchampion! Stort Grattis igen!<br \/><br \/><img loading=\"lazy\" decoding=\"async\" width=\"452\" height=\"341\" class=\"wp-image-7015\" style=\"width: 452px;\" src=\"https:\/\/almkullens.se\/wp-content\/uploads\/2016\/06\/Almkullens-Frasse-e1466269441302.jpg\" alt=\"\" srcset=\"https:\/\/almkullens.se\/wp-content\/uploads\/2016\/06\/Almkullens-Frasse-e1466269441302.jpg 1126w, https:\/\/almkullens.se\/wp-content\/uploads\/2016\/06\/Almkullens-Frasse-e1466269441302-300x226.jpg 300w, https:\/\/almkullens.se\/wp-content\/uploads\/2016\/06\/Almkullens-Frasse-e1466269441302-768x579.jpg 768w, https:\/\/almkullens.se\/wp-content\/uploads\/2016\/06\/Almkullens-Frasse-e1466269441302-1024x772.jpg 1024w\" sizes=\"auto, (max-width: 452px) 100vw, 452px\" \/><\/p>\n<\/div><\/div>\n","protected":false},"excerpt":{"rendered":"<p>Ett STOORT STOORT GRATTIS till Kenneth Gr\u00e5hn som ig\u00e5r blev Finsk Jaktchampion med sin fina Almkullens Frasse, de gick p\u00e5 ett skogsprov ig\u00e5r och fick hela 95p och deras 3dje 1pris (Ekl) de fick bla.a visa rapportering f\u00f6r att kunna f\u00e5 denna po\u00e4ng. Frasse har startat p\u00e5 9 jaktprov och g\u00e5tt till pris p\u00e5 8 [&hellip;]<\/p>\n","protected":false},"author":1,"featured_media":0,"comment_status":"open","ping_status":"open","sticky":false,"template":"","format":"standard","meta":{"_crdt_document":"","advgb_blocks_editor_width":"","advgb_blocks_columns_visual_guide":"","_jetpack_memberships_contains_paid_content":false,"footnotes":""},"categories":[1],"tags":[],"class_list":["post-10991","post","type-post","status-publish","format-standard","hentry","category-hem","entry"],"author_meta":{"display_name":"Peter &amp; Johanna","author_link":"https:\/\/almkullens.se\/?author=1"},"featured_img":null,"jetpack_featured_media_url":"","coauthors":[],"tax_additional":{"categories":{"linked":["<a href=\"https:\/\/almkullens.se\/?cat=1\" class=\"advgb-post-tax-term\">Hem<\/a>"],"unlinked":["<span class=\"advgb-post-tax-term\">Hem<\/span>"]}},"comment_count":"0","relative_dates":{"created":"Publicerad 5 \u00e5r sedan","modified":"Uppdaterad 5 \u00e5r sedan"},"absolute_dates":{"created":"Publicerat den 3 oktober, 2021","modified":"Uppdaterad den 3 oktober, 2021"},"absolute_dates_time":{"created":"Publicerat den 3 oktober, 2021 08:20","modified":"Uppdaterad den 3 oktober, 2021 08:21"},"featured_img_caption":"","series_order":"","jetpack_sharing_enabled":true,"_links":{"self":[{"href":"https:\/\/almkullens.se\/index.php?rest_route=\/wp\/v2\/posts\/10991","targetHints":{"allow":["GET"]}}],"collection":[{"href":"https:\/\/almkullens.se\/index.php?rest_route=\/wp\/v2\/posts"}],"about":[{"href":"https:\/\/almkullens.se\/index.php?rest_route=\/wp\/v2\/types\/post"}],"author":[{"embeddable":true,"href":"https:\/\/almkullens.se\/index.php?rest_route=\/wp\/v2\/users\/1"}],"replies":[{"embeddable":true,"href":"https:\/\/almkullens.se\/index.php?rest_route=%2Fwp%2Fv2%2Fcomments&post=10991"}],"version-history":[{"count":7,"href":"https:\/\/almkullens.se\/index.php?rest_route=\/wp\/v2\/posts\/10991\/revisions"}],"predecessor-version":[{"id":10999,"href":"https:\/\/almkullens.se\/index.php?rest_route=\/wp\/v2\/posts\/10991\/revisions\/10999"}],"wp:attachment":[{"href":"https:\/\/almkullens.se\/index.php?rest_route=%2Fwp%2Fv2%2Fmedia&parent=10991"}],"wp:term":[{"taxonomy":"category","embeddable":true,"href":"https:\/\/almkullens.se\/index.php?rest_route=%2Fwp%2Fv2%2Fcategories&post=10991"},{"taxonomy":"post_tag","embeddable":true,"href":"https:\/\/almkullens.se\/index.php?rest_route=%2Fwp%2Fv2%2Ftags&post=10991"}],"curies":[{"name":"wp","href":"https:\/\/api.w.org\/{rel}","templated":true}]}}