{"id":1071,"date":"2011-09-11T18:34:10","date_gmt":"2011-09-11T18:34:10","guid":{"rendered":"http:\/\/almkullens.se\/?p=1071"},"modified":"2011-09-13T03:37:45","modified_gmt":"2011-09-13T03:37:45","slug":"akira-alonso","status":"publish","type":"post","link":"https:\/\/almkullens.se\/?p=1071","title":{"rendered":"Akira &#038; Alonso"},"content":{"rendered":"<p>[singlepic id=664 w=320 h=240 float=right]N\u00e4r vi var i fj\u00e4llen s\u00e5 passade vi p\u00e5 att \u00e5ka och h\u00e4lsa p\u00e5 Stefan och Maria som k\u00f6pte Almkullens Akira. Vanligtvis s\u00e5 bor de i Vilhelmina men d\u00e5 vi tr\u00e4ffades s\u00e5 var det i deras stuga som ligger strax utanf\u00f6r Klimpfj\u00e4ll. Det blev n\u00e5gra sk\u00f6na timmar med lite fika och m\u00e5nga goa skratt n\u00e4r valparna rasade runt och busade med varann. D\u00e5 \u00e5rets fj\u00e4lltur var till \u00e4nda och vi \u00e5kte hem s\u00e5 h\u00e4lsade vi \u00e4ven p\u00e5 Almkullens Alonso som bor tillsammans med Mats och Elisabeth i Mora. \u00c4ven h\u00e4r s\u00e5 hade Aska och Alonso ett race p\u00e5 n\u00e5gon timme men tyv\u00e4rr s\u00e5 hade det hunnit att bli m\u00f6rkt innan vi kom fram s\u00e5 detta fick ske inomhus och n\u00e4r man har sett vad tv\u00e5 valpar kan st\u00e4lla till med p\u00e5 bara en liten stund s\u00e5 \u00e4r vi v\u00e4ldigt n\u00f6jda med att inte ha mer \u00e4n en kvar p\u00e5 hemmaplan&#8230;<!--more--><\/p>\n<p>Hur som helst &#8230; B\u00e5de Akira och Alonso s\u00e5g j\u00e4ttefina ut och \u00e4ven de var frimodiga och fram\u00e5t som resten av kullen. Nu s\u00e5 var de ju bara drygt 3 m\u00e5nader gamla och valpbenen hade b\u00f6rjat att v\u00e4xa utan att kroppen riktigt hunnit med men nog s\u00e5 var de j\u00e4ttefina. Om n\u00e5got \u00e5r s\u00e5 ska det bli intressant p\u00e5 riktigt f\u00f6r d\u00e5 s\u00e5 har det ju blivit lite mera f\u00e4rdig &#8221;vara&#8221; av parningen mellan Elva och Valde och vad vi skriver om dessa sm\u00e5 krabater d\u00e5&#8230;. det \u00e5terst\u00e5r att se, men nog s\u00e5 ser det bra ut s\u00e5 h\u00e4r l\u00e5ngt.[nggallery id=27]<\/p>\n","protected":false},"excerpt":{"rendered":"<p>[singlepic id=664 w=320 h=240 float=right]N\u00e4r vi var i fj\u00e4llen s\u00e5 passade vi p\u00e5 att \u00e5ka och h\u00e4lsa p\u00e5 Stefan och Maria som k\u00f6pte Almkullens Akira. Vanligtvis s\u00e5 bor de i Vilhelmina men d\u00e5 vi tr\u00e4ffades s\u00e5 var det i deras stuga som ligger strax utanf\u00f6r Klimpfj\u00e4ll. Det blev n\u00e5gra sk\u00f6na timmar med lite fika och [&hellip;]<\/p>\n","protected":false},"author":1,"featured_media":0,"comment_status":"open","ping_status":"open","sticky":false,"template":"","format":"standard","meta":{"_crdt_document":"","advgb_blocks_editor_width":"","advgb_blocks_columns_visual_guide":"","_jetpack_memberships_contains_paid_content":false,"footnotes":""},"categories":[1],"tags":[],"class_list":["post-1071","post","type-post","status-publish","format-standard","hentry","category-hem","entry"],"author_meta":{"display_name":"Peter &amp; Johanna","author_link":"https:\/\/almkullens.se\/?author=1"},"featured_img":null,"jetpack_featured_media_url":"","coauthors":[],"tax_additional":{"categories":{"linked":["<a href=\"https:\/\/almkullens.se\/?cat=1\" class=\"advgb-post-tax-term\">Hem<\/a>"],"unlinked":["<span class=\"advgb-post-tax-term\">Hem<\/span>"]}},"comment_count":"1","relative_dates":{"created":"Publicerad 15 \u00e5r sedan","modified":"Uppdaterad 15 \u00e5r sedan"},"absolute_dates":{"created":"Publicerat den 11 september, 2011","modified":"Uppdaterad den 13 september, 2011"},"absolute_dates_time":{"created":"Publicerat den 11 september, 2011 18:34","modified":"Uppdaterad den 13 september, 2011 03:37"},"featured_img_caption":"","series_order":"","jetpack_sharing_enabled":true,"_links":{"self":[{"href":"https:\/\/almkullens.se\/index.php?rest_route=\/wp\/v2\/posts\/1071","targetHints":{"allow":["GET"]}}],"collection":[{"href":"https:\/\/almkullens.se\/index.php?rest_route=\/wp\/v2\/posts"}],"about":[{"href":"https:\/\/almkullens.se\/index.php?rest_route=\/wp\/v2\/types\/post"}],"author":[{"embeddable":true,"href":"https:\/\/almkullens.se\/index.php?rest_route=\/wp\/v2\/users\/1"}],"replies":[{"embeddable":true,"href":"https:\/\/almkullens.se\/index.php?rest_route=%2Fwp%2Fv2%2Fcomments&post=1071"}],"version-history":[{"count":8,"href":"https:\/\/almkullens.se\/index.php?rest_route=\/wp\/v2\/posts\/1071\/revisions"}],"predecessor-version":[{"id":1079,"href":"https:\/\/almkullens.se\/index.php?rest_route=\/wp\/v2\/posts\/1071\/revisions\/1079"}],"wp:attachment":[{"href":"https:\/\/almkullens.se\/index.php?rest_route=%2Fwp%2Fv2%2Fmedia&parent=1071"}],"wp:term":[{"taxonomy":"category","embeddable":true,"href":"https:\/\/almkullens.se\/index.php?rest_route=%2Fwp%2Fv2%2Fcategories&post=1071"},{"taxonomy":"post_tag","embeddable":true,"href":"https:\/\/almkullens.se\/index.php?rest_route=%2Fwp%2Fv2%2Ftags&post=1071"}],"curies":[{"name":"wp","href":"https:\/\/api.w.org\/{rel}","templated":true}]}}